{"id":67615,"date":"2018-06-11T15:54:54","date_gmt":"2018-06-11T13:54:54","guid":{"rendered":"https:\/\/www.freiburg-schwarzwald.de\/blog\/?p=67615"},"modified":"2018-06-25T21:11:05","modified_gmt":"2018-06-25T19:11:05","slug":"syrer-vergewaltigt-in-freiburg","status":"publish","type":"post","link":"https:\/\/www.freiburg-schwarzwald.de\/blog\/syrer-vergewaltigt-in-freiburg\/","title":{"rendered":"Syrer vergewaltigt in Freiburg"},"content":{"rendered":"<p>Wieder wurde eine junge Frau in der <a title=\"No-Go-Area\" href=\"https:\/\/www.freiburg-schwarzwald.de\/blog\/business\/dienste\/immobilien\/wohnen\/no-go-area\/\">Freiburger Innenstadt<\/a> von einem <a title=\"Fluechtlinge-Sex\" href=\"https:\/\/www.freiburg-schwarzwald.de\/blog\/global\/integration\/fluechtlinge-sex\/\">Migranten<\/a> (Syrer) <a title=\"Vergewaltigung\" href=\"https:\/\/www.freiburg-schwarzwald.de\/blog\/selbsthilfe\/krise\/sexuellermissbrauch\/vergewaltigung\/\">vergewaltigt<\/a>. Schlimm, zumal jede solche Tat von vielen Fachleuten als &#8222;Ermordnung der Psyche einer Frau&#8220; gewertet wird. Schlimm auch, dass man sich an die im Zuge der <a title=\"Migration\" href=\"https:\/\/www.freiburg-schwarzwald.de\/blog\/global\/migration\/\">Massenimmigration<\/a> zunehmenden <a title=\"Kandel: Mutter schreibt Dreyer\" href=\"https:\/\/www.freiburg-schwarzwald.de\/blog\/kandel-mutter-schreibt-dreyer\/\">Vergewaltigungen<\/a> und <a title=\"Susanna von Iraker ermordet\" href=\"https:\/\/www.freiburg-schwarzwald.de\/blog\/susanna-von-irakern-ermordet\/\">Frauen-Morde<\/a> anscheinend <a title=\"Einzelfall\" href=\"https:\/\/www.freiburg-schwarzwald.de\/blog\/selbsthilfe\/soziales\/justiz\/einzelfall\/\">gew\u00f6hnt<\/a>\u00a0hat &#8211; sie sind im wahrsten Sinn des Wortes &#8222;<a title=\"Weiter so: Gewalt \u2013 Migration\" href=\"https:\/\/www.freiburg-schwarzwald.de\/blog\/weiter-so-gewalt-migration\/\">all-t\u00e4glich<\/a>&#8220; geworden.<br \/>\n.<br \/>\n<!--more-->So berichtet die <a title=\"70 Jahre Badische Zeitung \u2013 BZ\" href=\"https:\/\/www.freiburg-schwarzwald.de\/blog\/70-jahre-badische-zeitung-bz\/\">BZ<\/a> am 11.6.2018 \u00fcber die Vergewaltigung weder im Lokalteil &#8222;<a title=\"Freiburg\" href=\"https:\/\/www.freiburg-schwarzwald.de\/blog\/regio\/freiburg\/\">Freiburg<\/a>&#8220; oder &#8222;Stadtteile&#8220;, sondern nur per Kurzmeldung in &#8222;Land und Region&#8220; auf Seite 4. Man stelle sich vor den detaillierten Pressebericht (mit Photo vom Colombipark) vor, wenn sich die Vergewaltigung vor der Grenz\u00f6ffnung <a title=\"Budapest-Dublin2015\" href=\"https:\/\/www.freiburg-schwarzwald.de\/blog\/global\/eu\/budapest-dublin2015\/\">Budapest 9\/2015<\/a> ereignet h\u00e4tte. Vielleicht wird Ende 2018 in <a title=\"Weltoffenes Deutschland\" href=\"https:\/\/www.freiburg-schwarzwald.de\/blog\/weltoffenes-deutschland\/\">Deutschland<\/a> gar nicht mehr \u00fcber Vergewaltigungen durch <a title=\"Migration-Maenner\" href=\"https:\/\/www.freiburg-schwarzwald.de\/blog\/global\/migration\/migration-maenner\/\">junge Muslime<\/a> berichtet?<br \/>\n.<br \/>\n<a title=\"Frauenmarsch Berlin \u2013 M\u00e4dchen\" href=\"https:\/\/www.freiburg-schwarzwald.de\/blog\/frauenmarsch-berlin-maedchen\/\">Vergewaltigungen<\/a> werden zunehmen, auch in Freiburg, solange <a title=\"Youth-Bulges\" href=\"https:\/\/www.freiburg-schwarzwald.de\/blog\/engagement\/zukunft\/krieg\/youth-bulges\/\">Youth Bulges<\/a> unkontrolliert ins Land kommen. T\u00e4glich mindestens 500 Migranten: Vornehmlich <a title=\"Migration-Maenner\" href=\"https:\/\/www.freiburg-schwarzwald.de\/blog\/global\/migration\/migration-maenner\/\">junge M\u00e4nner<\/a>, Singles, funktionale Analphabeten, die in Staaten <a title=\"Sozialisation\" href=\"https:\/\/www.freiburg-schwarzwald.de\/blog\/selbsthilfe\/jugend\/sozialisation\/\">sozialisiert<\/a> wurden, die von Gesetzlosigkeit, Korruption und <a title=\"Islam-Politik\" href=\"https:\/\/www.freiburg-schwarzwald.de\/blog\/religion\/islam\/islam-politik\/\">Islam<\/a> gepr\u00e4gt sind. Dies sind Fakten und deren mi\u00dfliebige Wahrheit darf man nicht bequem als <a title=\"Einzelfall\" href=\"https:\/\/www.freiburg-schwarzwald.de\/blog\/selbsthilfe\/soziales\/justiz\/einzelfall\/\">Einzelfall<\/a>, Populismus, Rassismus bis hin zum Nazitum abtun. Offene Grenzen und \u00fcppiger Wohlfahrts- bzw. <a title=\"Sozialstaat\" href=\"https:\/\/www.freiburg-schwarzwald.de\/blog\/selbsthilfe\/soziales\/sozialstaat\/\">Sozialstaat<\/a> sind unvereinbar. Warum wollen wir nicht wahrhaben, dass diese von Schleppern geleiteten jungen Migranten<br \/>\n&#8211; ihre <a title=\"Islam-Sexualitaet\" href=\"https:\/\/www.freiburg-schwarzwald.de\/blog\/religion\/islam\/islam-sexualitaet\/\">Sexualit\u00e4t<\/a> hierzulande nicht ausleben k\u00f6nnen?<br \/>\n&#8211; die Erwartung, allmonatlich Euros per <a title=\"Bargeld verschicken weltweit\" href=\"https:\/\/www.freiburg-schwarzwald.de\/blog\/bargeld-verschicken-weltweit\/\">Western Union<\/a> in die Heimat zu schicken, legal nicht erf\u00fcllen k\u00f6nnen?<br \/>\n&#8211; nicht in wenigen Lehrg\u00e4ngen <a title=\"Integration-gescheitert\" href=\"https:\/\/www.freiburg-schwarzwald.de\/blog\/global\/integration\/integration-gescheitert\/\">integrierbar<\/a> sind &#8211; wohin denn integrieren, fragt <a title=\"Abdel-Samad\" href=\"https:\/\/www.freiburg-schwarzwald.de\/blog\/religion\/islam\/abdel-samad\/\">Hamed Abdel-Samad<\/a>, wo wir seit den 1968-er Jahren so eifrig dabei sind, <a title=\"Patriotismus\" href=\"https:\/\/www.freiburg-schwarzwald.de\/blog\/engagement\/zukunft\/demokratie\/patriotismus\/\">Patriotismus<\/a> und deutsche <a title=\"Identitaet\" href=\"https:\/\/www.freiburg-schwarzwald.de\/blog\/engagement\/zukunft\/demokratie\/identitaet\/\">Identit\u00e4t<\/a> abzuschaffen?<br \/>\n11.6.2018<\/p>\n<p><strong>Vergewaltigung einer 25-j\u00e4hrigen Frau im Colombipark<\/strong><br \/>\nAm Samstag, 09.06.2018, gg. 06 Uhr 40, meldete sich eine 25-j\u00e4hrige Frau \u00fcber Notruf bei der Polizei und teilte mit, dass sie soeben im Bereich des Colombiparks von einer ihr unbekannten m\u00e4nnlichen Person <a title=\"Ueberfall\" href=\"https:\/\/www.freiburg-schwarzwald.de\/blog\/selbsthilfe\/krise\/gewalt\/ueberfall\/\">vergewaltigt<\/a> worden sei. Ein dringend tatverd\u00e4chtiger 23-j\u00e4hriger Mann konnte gg. 14:00 Uhr von der Polizei festgenommen werden und befindet sich in Untersuchungshaft.<br \/>\nNach derzeitigem Ermittlungsstand wurde die Frau vor der Tat im Bereich der Eisenbahnstra\u00dfe von zwei ihr unbekannten M\u00e4nnern angesprochen, von denen einer ihr in den Colombipark folgte und sie dort vergewaltigte, wogegen sie sich massiv zur Wehr setzte. Nachdem der Mann von ihr abgelassen hatte, gelang es der 25-J\u00e4hrigen mit ihrem Mobiltelefon die Polizei zu informieren. Der T\u00e4ter ergriff die Flucht und lie\u00df seinen Rucksack, im dem sich pers\u00f6nliche Dokumente befanden, am Tatort zur\u00fcck. Die 25-j\u00e4hrige Frau wurde durch die Tat leicht verletzt. Die bisher durchgef\u00fchrten Ermittlungen f\u00fchrten noch am Samstag, 09.06.2018, gg. 14 Uhr, zur Festnahme eines dringend Tatverd\u00e4chtigen. Der 23-j\u00e4hrige syrische Staatsangeh\u00f6rige mit Wohnsitz im Landkreis Breisgau-Hochschwarzwald wurde auf Antrag der Staatsanwaltschaft Freiburg dem Haftrichter vorgef\u00fchrt und befindet sich seitdem in Untersuchungshaft.<br \/>\n10.6.2018, <a href=\"https:\/\/www.presseportal.de\/blaulicht\/pm\/110970\/3966358\">https:\/\/www.presseportal.de\/blaulicht\/pm\/110970\/3966358<\/a><\/p>\n<p>.<\/p>\n<p><strong>Sexualstraftaten in Freiburg: \u201eDenke nicht, dass sich Frauen als Freiwild f\u00fchlen m\u00fcssen\u201c<br \/>\n<\/strong>Freiburg ist bekannt als lebendige Universit\u00e4tsstadt mit angenehmen Klima und einer h\u00fcbschen Altstadt. Zudem ist sie eine Hochburg der Gr\u00fcnen, sie stellten hier auch den ersten gr\u00fcnen Oberb\u00fcrgermeister einer Gro\u00dfstadt. Doch in den vergangenen Tagen machte die Stadt mit anderem Schlagzeilen: Vergewaltigung, sexuelle \u00dcbergriffe. \u201eEine beispiellose Serie von Sexualstraftaten ersch\u00fcttert seit Ende Mai das Sicherheitsempfinden der Bev\u00f6lkerung\u201c, schreibt die Lokalzeitung, der \u201eSchwarzw\u00e4lder Bote\u201c.<\/p>\n<p>Ein Mann ging am 30. Mai innerhalb von nicht einmal zwei Stunden auf drei Frauen los \u2013 wohl mit der Absicht, sie zu vergewaltigen. Eine Frau warf er auf den Boden und versuchte, sie sexuell zu ber\u00fchren. Eine bel\u00e4stigte er an einer Haltestelle, und eine dritte Frau wurde von ihm in ein Geb\u00fcsch gezerrt. Nach Angaben der Polizei wehrten sich aber alle Frauen so, dass der Mann stets fl\u00fcchtete. Als Tatverd\u00e4chtiger wurde sp\u00e4ter ein Bulgare verhaftet.<br \/>\nAm 9. Juni wurde eine junge Frau in einem Park vergewaltigt. Zwei M\u00e4nner hatten sie zuvor angesprochen, einer der M\u00e4nner war ihr gefolgt. Der Mann vergisst nach der Tat seinen Rucksack. Die Tasche f\u00fchrt die Polizei zu einem Verd\u00e4chtigen, einem 23-j\u00e4hrigen Mann aus Syrien.<br \/>\nDrei weitere sexuelle Angriffe folgten in den vergangenen Tagen in Freiburg. So wurde unter anderem eine 36-J\u00e4hrige an die Brust gefasst, und als sie den Angreifer wegschubste, ohrfeigte er sie. In einem Fall wird ein betrunkener afrikanischer Asylbewerber verd\u00e4chtigt. In zwei weiteren F\u00e4llen sucht die Polizei noch nach T\u00e4tern. Insgesamt also neun sexuelle \u00dcbergriffe in zweieinhalb Wochen.<br \/>\n\u201eNach meiner Kenntnis hatten wir innerhalb von zweieinhalb Wochen noch nicht so viele Delikte dieser Art, die uns bekannt geworden sind\u201c, sagt der Polizeisprecher Dirk Klose der Zeitung. Auf die Frage, ob Frauen sich in der Stadt noch sicher f\u00fchlen k\u00f6nnen oder die Polizei eine Erkl\u00e4rung f\u00fcr die H\u00e4ufung hat, sagt er, er denke nicht, dass sich Frauen als Freiwild f\u00fchlen m\u00fcssen in der Stadt. \u201eAufmerksamkeit und das Ber\u00fccksichtigen unserer Pr\u00e4ventionstipps sind dennoch der richtige Weg.\u201c<br \/>\nNach der Tat habe die Polizei versucht, das Sicherheitsempfinden in der Stadt wiederherzustellen. Auf die Frage, ob dabei nicht alles richtig gemacht wurde, sagt Klose, er glaube nicht, dass es vonseiten der Stadt Vers\u00e4umnisse gab. \u201eWir sind alle auf der Stra\u00dfe unterwegs und machen unsere Hausaufgaben.\u201c Die Polizei k\u00f6nne aber auch nicht \u00fcberall gleichzeitig sein. Deshalb sei es auch wichtig, dass es aufmerksame Zeugen gebe, die sich melden, wenn sie etwas Verd\u00e4chtiges sehen.<br \/>\nDie Vergewaltigung in einem Park in Freiburg hatte zuvor sogar schon die deutschen Polizeigewerkschaft Baden-W\u00fcrttemberg aufgeschreckt. <strong><em>Die Tat zeige, dass anonyme Kriminalstatistiken und \u201epolitische Sch\u00f6nwetterreden\u201c der Realit\u00e4t nicht gerecht werden<\/em><\/strong>, hatte der DPolG-Landesvorsitzende Ralf Kusterer gesagt. &#8230;<br \/>\nAlles vom 220.6.2018 bitte lesen auf<br \/>\n<a href=\"https:\/\/www.welt.de\/vermischtes\/article177838402\/Sexualstraften-in-Freiburg-Denke-nicht-dass-sich-Frauen-als-Freiwild-fuehlen-muessen.html\">https:\/\/www.welt.de\/vermischtes\/article177838402\/Sexualstraften-in-Freiburg-Denke-nicht-dass-sich-Frauen-als-Freiwild-fuehlen-muessen.html<\/a><\/p>\n<p><a href=\"https:\/\/www.presseportal.de\/blaulicht\/pm\/110970\/3966358\"><br \/>\n<\/a>\u00a0.<br \/>\n<strong>Gambier \u00fcberf\u00e4llt Frau bei Disko-Toilette<\/strong><br \/>\nAm Sonntagmorgen, gg. 04.50 Uhr, wurde eine 27-j\u00e4hrige Frau in einer Diskothek im Landkreis Breisgau-Hochschwarzwald auf dem Weg von der Toilette von einem Mann in eindeutig sexueller Absicht angegangen. Ein 32-j\u00e4hriger Diskothekenbesucher kam ihr zu Hilfe und konnte sie von dem Mann wegziehen. Die Frau informierte daraufhin das Sicherheitspersonal, das den Tatverd\u00e4chtigen bis zum Eintreffen der Polizei festhielt. Bei dem Tatverd\u00e4chtigen handelt es sich um einen 21 Jahre alten gambischen Staatsangeh\u00f6rigen mit Wohnsitz im Landkreis Breisgau-Hochschwarzwald.<br \/>\n10.6.2018, <a href=\"https:\/\/www.presseportal.de\/blaulicht\/pm\/110970\/3966608\">https:\/\/www.presseportal.de\/blaulicht\/pm\/110970\/3966608<\/a><\/p>\n<p>.<\/p>\n<p><strong>T\u00fcrke bel\u00e4stigt Frauen in Rieselfeld, Opfngen und Dreisam<\/strong><br \/>\nEin 29j\u00e4hriger Mann t\u00fcrkischer Staatsangeh\u00f6rigkeit steht im dringenden Tatverdacht in den vergangenen Wochen mehrere Gewalt- und Eigentumsdelikte begangen zu haben. Er konnte von Polizeibeamten des Polizeireviers Freiburg-S\u00fcd bereits am 10.06.2018 festgenommen werden.<\/p>\n<p>Am Abend des 30.05.2018 verfolgte er mutma\u00dflich eine 16-J\u00e4hrige auf ihrem Heimweg im Freiburger Stadtteil Rieselfeld und versuchte sie zu k\u00fcssen. Als sich an der Wohnanschrift deren Freund einmischte, versetzte er diesem nach bisherigem Erkenntnisstand einen Faustschlag.<br \/>\nAm 02.06.2018 sprach er nach bisherigem Ermittlungsstand auf einer Liegewiese an der Dreisam zwei Frauen an. Als sie ihn baten, dies zu unterlassen, entfernte er sich nicht. Als sich daraufhin zwei m\u00e4nnliche Begleiter einschalteten, versetzte er diesen nach bisherigen Erkenntnissen Faustschl\u00e4ge<br \/>\nAm Nachmittag des Sonntags, 10. Juni, sprach der Tatverd\u00e4chtige mutma\u00dflich einen 16-J\u00e4hrigen in Freiburg-Opfingen an und forderte die Herausgabe seines Mobiltelefons. Als dieser sich weigerte, versetzte er ihm unvermittelt einen Faustschlag ins Gesicht. Schlie\u00dflich fl\u00fcchtete er.<br \/>\nEine Streife des Polizeireviers Freiburg-S\u00fcd konnte den dringend tatverd\u00e4chtigen T\u00e4ter, der polizeilich durch \u00e4hnliche Sachverhalte bekannt war, noch am Sonntagabend festnehmen. Er wurde am gestrigen Montag, 11.06.2018, auf Antrag der Staatsanwaltschaft Freiburg dem Haftrichter vorgef\u00fchrt und zwischenzeitlich inhaftiert.<br \/>\nGegen den Tatverd\u00e4chtigen wird wegen mittlerweile 15 Eigentums- und Gewaltdelikten ermittelt. Die umfangreichen Ermittlungen dauern an.<br \/>\n12.6.2018, <a href=\"https:\/\/www.presseportal.de\/blaulicht\/pm\/110970\/3968914\">https:\/\/www.presseportal.de\/blaulicht\/pm\/110970\/3968914<br \/>\n<\/a>.<\/p>\n<p><strong>Frau wehrt sich massiv gegen Araber<\/strong><br \/>\nEine 27-J\u00e4hrige hat bei der Polizei einen \u00dcberfall gemeldet. Sie sei am Mittwoch kurz vor Mitternacht von der Altstadt durch das Martinstor zur Schreiberstra\u00dfe gegangen. An der Ampel wollte ein Mann sie festhalten. Sie fl\u00fcchtete \u00fcber die Dreisambr\u00fccke, doch er holte sie an der Johanneskirche ein und versuchte sich an ihr zu vergehen. Die Frau wehrte sich stark und konnte fl\u00fcchten. Die Polizei sucht den Unbekannten (Tel. 0761\/882-5777). Er soll etwa 1,65 Meter gro\u00df sein, ein gr\u00fcnes T-Shirt getragen und &#8222;arabisch&#8220; ausgesehen haben.<br \/>\n15.6.2018<br \/>\n.<br \/>\n<strong>.<\/strong><br \/>\n<strong>Dunkelh\u00e4utiger begraptscht mehrere Frauen<\/strong><br \/>\nEin Betrunkener hat am Mittwoch, gegen 17.30 Uhr in der Innenstadt und im St\u00fchlinger mehrere Frauen bel\u00e4stigt. Zun\u00e4chst griff er einer 30-J\u00e4hrigen auf der Eisenbahnstra\u00dfe an den Po. Anschlie\u00dfend ging er in einen Einkaufsmarkt. Als er diesen wieder verlie\u00df, wurde er von der Gesch\u00e4digten und ihrem Freund angehalten. Er fl\u00fcchtete jedoch in Richtung St\u00fchlinger Kirchplatz. Unterdessen ging \u00fcber die Rettungsleitstelle der Hinweis auf eine gest\u00fcrzte und verletzte Person im St\u00fchlinger Park ein \u2013 es handelte sich um den Tatverd\u00e4chtigen. Ein Alkoholtest ergab einen Wert von 1,8 Promille. Zur Versorgung seiner Wunden wurde er ins Krankenhaus gebracht. Nach Beobachtung der Gesch\u00e4digten soll der dunkelh\u00e4utige Mann in der Bahnhofsunterf\u00fchrung und auf der Wentzinger Stra\u00dfe versucht haben, mindestens zwei weitere Frauen in eindeutig sexueller Absicht zu ber\u00fchren. Die Kriminalpolizei Freiburg bittet Zeugen und Gesch\u00e4digte, sich unter Tel. 0761\/882-5777 zu melden.<\/p>\n<p>&nbsp;<\/p>\n<p>.<br \/>\n<strong>Seit Mai h\u00e4ufen sich Sexualstraftaten in Freiburg<\/strong><br \/>\nEine beispiellose Serie von Sexualstraftaten ersch\u00fcttert seit Ende Mai das Sicherheitsempfinden der Bev\u00f6lkerung in Freiburg. Polizeisprecher Dirk Klose berichtet, wie die Polizei dem begegnen will.<br \/>\nZun\u00e4chst ging den Ermittlern dank des couragierten Einsatzes mehrerer Zeugen ein in Freiburg wohnhafter Bulgare in die F\u00e4nge, der f\u00fcr drei sexuell motivierte Angriffe auf Frauen verantwortlich gewesen sein d\u00fcrfte. Dann wurde vor einer Woche ein 23 Jahre alter syrischer Fl\u00fcchtling verhaftet, der in einem Stadtpark eine 25 Jahre alte Frau vergewaltigt haben soll. Drei weitere An- und \u00dcbergriffe folgten, in einem Fall wurde ein betrunkener afrikanischer Fl\u00fcchtling als Tatverd\u00e4chtiger festgenommen, der drei Frauen bel\u00e4stigt und unsittlich angefasst haben soll. In zwei weiteren F\u00e4llen sucht die Polizei noch nach den T\u00e4tern, die als arabisch und als schwarzafrikanisch aussehend beschrieben wurden.<br \/>\nHerr Klose, k\u00f6nnen Sie sich an eine vergleichbare H\u00e4ufung von Sexualstraftaten in Freiburg erinnern?<br \/>\nNein, das kann ich nicht. Nach meiner Kenntnis hatten wir innerhalb von zweieinhalb Wochen noch nicht so viele Delikte dieser Art, die uns bekannt geworden sind. Nat\u00fcrlich kann ich nicht f\u00fcr das Dunkelfeld sprechen, also f\u00fcr die Delikte, von denen wir keine Kenntnis haben, weil sie zum Beispiel nicht zur Anzeige gebracht wurden. Auch wenn die Taten von unterschiedlicher Schwere waren, muss man nat\u00fcrlich festhalten, dass jede Tat eine zu viel ist.<br \/>\nM\u00fcssen sich Frauen derzeit in Freiburg als Freiwild empfinden? Wie kann man sich diese H\u00e4ufung von \u00dcbergriffen erkl\u00e4ren?<br \/>\nZu Erkl\u00e4rungen sollten Sozialwissenschaftler oder Kriminologen sprechen. Aber die g\u00e4ngigen Ans\u00e4tze sind ja zwischenzeitlich auch bekannt. Ich denke trotz allem nicht, dass Frauen sich als Freiwild f\u00fchlen m\u00fcssen in der Stadt. Aufmerksamkeit und das Ber\u00fccksichtigen unserer Pr\u00e4ventionstipps sind dennoch der richtige Weg.<br \/>\nWir haben \u00fcbrigens in allen F\u00e4llen bis auf die zwei j\u00fcngsten Vorkommnisse dringend Tatverd\u00e4chtige ermitteln k\u00f6nnen. Die beiden letzten F\u00e4lle ereigneten sich am Mittwoch- und am Donnerstagabend nahezu zur gleichen Zeit an verschiedenen Stellen in der Altstadt. Beide Male wurden die Tatverd\u00e4chtigen als etwa 1,65 Meter gro\u00dfe M\u00e4nner beschrieben. Der erste Fall soll von einem arabisch aussehenden Mann begangen worden sein, der zweite von einem Schwarzafrikaner, der sein Opfer zudem auch noch ohrfeigte, bevor er fl\u00fcchtete. &#8230;<br \/>\nAlles vom 19.6.2018 bitte lesn auf<br \/>\n<a href=\"https:\/\/www.schwarzwaelder-bote.de\/inhalt.freiburg-seit-mai-haeufen-sich-sexualstraftaten.bb0482b9-4214-4e1a-af6a-3693a9988a57.html\">https:\/\/www.schwarzwaelder-bote.de\/inhalt.freiburg-seit-mai-haeufen-sich-sexualstraftaten.bb0482b9-4214-4e1a-af6a-3693a9988a57.html<br \/>\n<\/a>\u00a0.<\/p>\n<p><strong>Kriminalit\u00e4t in FR zur\u00fcckgegangen<\/strong><br \/>\nRaub, Gewalt und Stra\u00dfenkriminalit\u00e4t sind in Freiburg im ersten Halbjahr kr\u00e4ftig zur\u00fcckgegangen. Im Vergleich zu 2016 z\u00e4hlte die Polizei 27 Prozent weniger Straftaten \u2013 im Bermuda-Dreieck gar 44 Prozent. &#8230; Alles vom 21.6.2018 bitte lesen auf<br \/>\n<a href=\"https:\/\/www.badische-zeitung.de\/freiburg\/in-der-ersten-jahreshaelfte-ist-die-kriminalitaet-in-freiburg-zurueckgegangen--153789262.html\">https:\/\/www.badische-zeitung.de\/freiburg\/in-der-ersten-jahreshaelfte-ist-die-kriminalitaet-in-freiburg-zurueckgegangen&#8211;153789262.html<\/a><br \/>\n.<br \/>\n<strong>Colombipark-Vergewaltigung: Atypischer Fall?<\/strong><br \/>\nNachtrag zu folgendem Zitat: &#8222;Auf Nachfrage, ob der Colombipark nach der Vergewaltigung vor eineinhalb Wochen st\u00e4rker kontrolliert werde, sprach Fingerlin von einem &#8222;atypischen Fall&#8220;. Der inzwischen verhaftete T\u00e4ter habe seinem Opfer nicht aufgelauert, sondern sie seien sich vorher begegnet und gemeinsam in den Park gegangen. Konkreter d\u00fcrfe er aus Gr\u00fcnden des Opferschutzes nicht werden.&#8220; Aha, wer also unverschleiert und ohne Ehemann\/Bruder\/ Cousin im Schlepptau mit jemandem in den Colombipark geht und dann vergewaltigt wird ist eben selbst schuld? Ist dies so zu verstehen?<br \/>\n21.6.2018, Volker Svovoda, BZO<\/p>\n<p><strong>Warum Sicherheitsanstregungen, wenn Kriminali\u00e4t r\u00fcckl\u00e4ufig ist?<\/strong><br \/>\na, ja die Statistiken! \ud83d\ude09 Immer wieder toll und erquickend. Ein \u00dcberblick:<br \/>\nGriechenland erf\u00fcllt die Maastrich Kriterien laut Statistik. Wer nicht dran glaubt ist Verschw\u00f6rungstheoretiker. Warum dann die Rettungspakete?<br \/>\nFreiburger Wohnungsbaustatistik. Zahlenraum von 1 bis 1000 voller Fehler. Wieder Verschw\u00f6rung! Gef\u00fchlte Wohnungsnot?<br \/>\nDeutsche Kriminalit\u00e4tsstatistik selbst der amerikanische Pr\u00e4sident meldet Zweifel an! OK, der ist wirklich Verschw\u00f6rungstheoretiker. Frau Merkel dementiert.<br \/>\nGut und jetzt zum Schluss, <em><strong>wenn die Zahlen wirklich so r\u00fcckl\u00e4ufig sind, warum berichtet die BZ dauernd und intensiv zu diesem Thema?<\/strong><\/em> Diese durch Zahlen nicht begr\u00fcndbare Berichterstattung kann man dann doch nur als Stimmungsmache werten. Das geht doch nicht, dass die Zahlen so zur\u00fcckgehen und wir hier immer wieder mit diesem Thema emotional gepusht werden. <strong><em>Warum brauchen wir Sicherheitspartnerschaften, wenn die Zahlen r\u00fcckl\u00e4ufig sind?<\/em><\/strong> Werden hier Steuergelder verschwendet?<br \/>\n21.6.2018, Martin Synowzyk, BZO<br \/>\n.<\/p>\n<p><strong>Migranten: 12% Bev\u00f6lkerungsanteil, 40% Tatverd\u00e4chtigenanteil<\/strong><br \/>\nObwohl ich nicht viel von Bild halte, in Erg\u00e4nzung zu dem was ich hier heute schon mal erw\u00e4hnte, dies:&#8220;5. Ausl\u00e4nder (ohne deutschen Pass) sind gemessen an ihrem Anteil an der Gesamtbev\u00f6lkerung (rund 12%) \u00fcberproportional unter den Tatverd\u00e4chtigen vertreten &#8211; mit 34,8 Prozent (2016 40,8%) Seit 2005 ist die Zahl ausl\u00e4ndischer Tatverd\u00e4chtiger um 33,62% gestiegen, die Zahl der deutschen Tatverd\u00e4chtigen ging im selben Zeitraum aber um 23,16 % zur\u00fcck.&#8220; Das wei\u00df ab heute dank Bild die Republik. Ob das auch die Merkels und Nahles wissen (wollen)?<br \/>\n21.6.2018, Heinrich Franzen, BZO<br \/>\n.<\/p>\n<p><strong>Nie dagewesene H\u00e4ufung von Sexualdelikten in FR<\/strong><br \/>\nDie Freiburger Polizei lud am Freitag zur Pr\u00e4sentation zweier Segways, mit denen sie unter anderem \u201eden Austausch mit den B\u00fcrgern f\u00f6rdern\u201c m\u00f6chte. Das ist sch\u00f6n &#8211; genauso wie der Vollzugsdienst (VD), der j\u00fcngst eine Pressekonferenz gab und seine Strategie (\u201ePrim\u00e4r argumentieren und deeskalieren\u201c) vorstellte &#8211; etwa bei unerlaubter Stra\u00dfenmusik. Auch dagegen spricht nichts &#8211; in punkto Sicherheit d\u00fcrfte es allerdings gr\u00f6\u00dfere Probleme geben.<br \/>\n.<br \/>\nDenn parallel zitieren \u00fcberregionale (und durchaus seri\u00f6se) Medien den Polizeisprecher, der von einer nie dagewesenen H\u00e4ufung von Sexualdelikten in den letzten Wochen in Freiburg berichtet. Der Sicherheits-Ruf der Stadt ist erneut angeknackst &#8211; und das liegt wohl kaum an den Stra\u00dfenmusikern.<br \/>\n&#8230; Alles von Stefan Ummenhofer vom 21.6.2018 bitte lesen auf <a href=\"https:\/\/www.stadtkurier.de\">www.stadtkurier.de<\/a><\/p>\n","protected":false},"excerpt":{"rendered":"<p>Wieder wurde eine junge Frau in der Freiburger Innenstadt von einem Migranten (Syrer) vergewaltigt. Schlimm, zumal jede solche Tat von vielen Fachleuten als &#8222;Ermordnung der Psyche einer Frau&#8220; gewertet wird. Schlimm auch, dass man sich an die im Zuge der &hellip; <a href=\"https:\/\/www.freiburg-schwarzwald.de\/blog\/syrer-vergewaltigt-in-freiburg\/\">Weiterlesen <span class=\"meta-nav\">&rarr;<\/span><\/a><\/p>\n","protected":false},"author":2,"featured_media":0,"comment_status":"open","ping_status":"closed","sticky":false,"template":"","format":"standard","meta":{"footnotes":""},"categories":[52,59,49,210,155,80,157],"tags":[485,612,732,650,438],"class_list":["post-67615","post","type-post","status-publish","format-standard","hentry","category-einewelt","category-frauen","category-freiburg","category-gewalt","category-integration","category-medien","category-oeffentlicher-raum","tag-refugee","tag-frau","tag-gewalt","tag-sex","tag-zeitung"],"_links":{"self":[{"href":"https:\/\/www.freiburg-schwarzwald.de\/blog\/wp-json\/wp\/v2\/posts\/67615","targetHints":{"allow":["GET"]}}],"collection":[{"href":"https:\/\/www.freiburg-schwarzwald.de\/blog\/wp-json\/wp\/v2\/posts"}],"about":[{"href":"https:\/\/www.freiburg-schwarzwald.de\/blog\/wp-json\/wp\/v2\/types\/post"}],"author":[{"embeddable":true,"href":"https:\/\/www.freiburg-schwarzwald.de\/blog\/wp-json\/wp\/v2\/users\/2"}],"replies":[{"embeddable":true,"href":"https:\/\/www.freiburg-schwarzwald.de\/blog\/wp-json\/wp\/v2\/comments?post=67615"}],"version-history":[{"count":0,"href":"https:\/\/www.freiburg-schwarzwald.de\/blog\/wp-json\/wp\/v2\/posts\/67615\/revisions"}],"wp:attachment":[{"href":"https:\/\/www.freiburg-schwarzwald.de\/blog\/wp-json\/wp\/v2\/media?parent=67615"}],"wp:term":[{"taxonomy":"category","embeddable":true,"href":"https:\/\/www.freiburg-schwarzwald.de\/blog\/wp-json\/wp\/v2\/categories?post=67615"},{"taxonomy":"post_tag","embeddable":true,"href":"https:\/\/www.freiburg-schwarzwald.de\/blog\/wp-json\/wp\/v2\/tags?post=67615"}],"curies":[{"name":"wp","href":"https:\/\/api.w.org\/{rel}","templated":true}]}}