{"id":67612,"date":"2018-06-10T21:59:59","date_gmt":"2018-06-10T19:59:59","guid":{"rendered":"https:\/\/www.freiburg-schwarzwald.de\/blog\/?p=67612"},"modified":"2018-06-10T21:59:59","modified_gmt":"2018-06-10T19:59:59","slug":"frauenmarsch-berlin-maedchen","status":"publish","type":"post","link":"https:\/\/www.freiburg-schwarzwald.de\/blog\/frauenmarsch-berlin-maedchen\/","title":{"rendered":"Frauenmarsch Berlin &#8211; M\u00e4dchen"},"content":{"rendered":"<p>Fachleute definieren <a title=\"Vergewaltigung\" href=\"https:\/\/www.freiburg-schwarzwald.de\/blog\/selbsthilfe\/krise\/sexuellermissbrauch\/vergewaltigung\/\">Vergewaltigung<\/a> als &#8222;Ermordung der Psyche einer Frau&#8220;. Insofern ist die Schlagzeile <em>&#8222;100-facher M\u00e4dchen-Mord durch <a title=\"Migration-Maenner\" href=\"https:\/\/www.freiburg-schwarzwald.de\/blog\/global\/migration\/migration-maenner\/\">Migranten<\/a>&#8222;<\/em> eine Tatsachenbeschreibung. Dabei ist die Zahl 100 wahrscheinlich zu niedrig, da die Dunkelziffer bei <a title=\"Islam-Sexualitaet\" href=\"https:\/\/www.freiburg-schwarzwald.de\/blog\/religion\/islam\/islam-sexualitaet\/\">Sexualdelikten<\/a>\u00a0hoch ist. Nach der Ermordnung der <a title=\"Susanna von Iraker ermordet\" href=\"https:\/\/www.freiburg-schwarzwald.de\/blog\/susanna-von-irakern-ermordet\/\">14-j\u00e4hrigen Susanna in Wiesbaden<\/a> gewann der am 9.6.2018 in <a title=\"Berlin\" href=\"https:\/\/www.freiburg-schwarzwald.de\/blog\/global\/deutschland\/berlin\/\">Berlin<\/a> von der deutsch-kurdischen Islamkritikerin Leyla Bilge.angemeldete <a title=\"Apo2018\" href=\"https:\/\/www.freiburg-schwarzwald.de\/blog\/engagement\/buergerinitiativen\/apo2018\/\">Frauenmarsch<br \/>\n<\/a>.<br \/>\n<!--more-->besorgter <a title=\"Frauen-Demo \u2013 Berlin Kandel\" href=\"https:\/\/www.freiburg-schwarzwald.de\/blog\/frauen-demo-berlin-kandel\/\">Frauen<\/a> und M\u00fctter eine makarbre Aktualit\u00e4t. Zum Gl\u00fcck konnte die <a title=\"Demonstrationsrecht\" href=\"https:\/\/www.freiburg-schwarzwald.de\/blog\/engagement\/buergerinitiativen\/demonstrationsrecht\/\">Demo<\/a> eigenerma\u00dfen friedlich ablaufen &#8211; gem\u00e4\u00df dem Transparent &#8222;Wir hassen niemanden! Wir lieben Deutschland&#8220;.<br \/>\n10.6.2018<br \/>\n.<\/p>\n<p><strong>\u201cLasst euch nicht selbst im Stich!\u201d<\/strong><br \/>\n<strong>Orit Arfa&#8217;s Rede auf dem Frauenmarsch vom 9.6.2018 in Berlin (Originalmanuskript)<\/strong><\/p>\n<p>Ich wollte meine Rede unbedingt in Deutsch halten. Ich wollte Euch Deutschen sagen: wir sind verbunden.<br \/>\nMeine Freunde lachen mich aus: die Sprache die 6 Millionen Juden emordert hat. Auch die Familie meiner Gro\u00dfeltern. Ja, das war eine furchtbarer Teil in Eurer Geschichte, aber ich glaube wir k\u00f6nnen diesen Zeitabschnitt bew\u00e4ltigen. Aber wir m\u00fcssen das zusammen tun. Juden und Deutsche. Israelis und Deutsche.<br \/>\nIch wurde gewarnt: es gibt Antisemiten bei den Frauenmarsch! Neo-Nazis. Ihr benutzt mich als eine J\u00fcdische Israelische Frau, euch zu helfen euer Image zu verbessern. Also, lass mich zu jedem Antisemiten hier sagen: Bleibt hier, h\u00f6rt meine Rede zu Ende. Und zum anderen: benutzt mich.<br \/>\nIch hatte Gl\u00fcck, Leyla hat mir nicht gesagt, was ich sagen oder nicht sagen darf. Sie glaubt an Freiheit, besonders Meinungs-und Redefreiheit. Das ist eine S\u00e4ule f\u00fcr eine freie Gesellschaft.<br \/>\nVielleicht gibt es hier einige Leuten die <a title=\"Juden\" href=\"https:\/\/www.freiburg-schwarzwald.de\/blog\/religion\/juden\/\">Juden<\/a> hassen, besonders auch in den Gegen-Demonstrationen. Was sollen wir tun? Einen Zaun errichten? Eine Plakat das sagt: Keine Antisemiten hier? Keine schlechte Idee. Ok?<br \/>\nWenn das so wichtig ist Judenhasser hier zu verhindern, warum hat Kanzlerin Merkel so viele Antisemiten in dieses Land aufgenommen? Wo war der Zaun an den Grenzen? Warum hat die Polizei dort nicht gepr\u00fcft wer antisemitisch ist und wer nicht? Vielleicht, ist es f\u00fcr diese Regierung nicht so wichtig Judenhass zu verhindern. Sie sagt nur so.<\/p>\n<p>Und jetzt ich bin hier, in Berlin, in Deutschland, und habe Angst weil ich J\u00fcdin bin. Weil ich eine Frau bin. Weil ich Islamkritischer bin.<br \/>\nAktuelle Umfragen zeigen: die meisten \u201eFl\u00fcchtlinge\u201c bringen Judenhass aus ihren islamischen, gew\u00e4ltigen Diktaturen mit. Aber wenn ihr sagt, was ich sage, dann seid ihr \u201cNazis\u201d! Sprich gegen Islamischen Israelhass und auf die \u00dcbergriffe auf Frauen und du bist \u201cRassist\u201d! In welcher Welt leben wir eigentlich?<br \/>\nWenn in Deutschland heute Israelfreunde und Islamkritiker als \u201eNazis\u201c bezeichnet werden, dann hat Deutschland nicht das wichtigste aus der Geschichte gelernt.<br \/>\nIch habe eine wichtige Botschaft f\u00fcr Deutschland, die lautet: Muslime sind keine Juden. Judentum ist nicht Islam. Es sind zwei Gegens\u00e4tze!<br \/>\nDas Judentum ist in seinem Wesen eine Religion f\u00fcr Freiheit! Freiheit von Sklaverei. Das Judentum ist die wahre Religion des Friedens, nicht Islam. Judentum wie auch Frauen haben erheblich unsere zivilisierte Gesellschaft geformt. Deswegen ist Israel ein freies Land f\u00fcr Juden, nicht-Juden, und Frauen.<\/p>\n<p>Islam ist ein Religion der Unterwerfung, der religi\u00f6sen Tyrannei. Deswegen gibt es keine Freiheit, besonderes f\u00fcr Juden, nicht-Muslime, und Frauen, in arabisch-islamischen L\u00e4ndern. Es ist kein Wunder, dass Hitler mit dem Islam sympathisierte, und umgekehrt.<br \/>\nHeute, haben wir das gleiche Problem. Ihr und ich. Israel und Deutschland. Wir haben viel Angst davor was andere Leute \u00fcber uns sagen und denken.<br \/>\nWir haben Angst das Wort \u201cIslam\u201d auszusprechen und gegen unsere Feinden zu k\u00e4mpfen. Wir haben Angst das Leute uns \u201cNazis\u201d und \u201cRassisten\u201d nennen. Wir haben dieser Religion erlaubt uns zu spalten.<\/p>\n<p>Unsere Gesellschaft in Israel war auch einmal kaputt. Die Osloer Abkommen und die R\u00fcckzug von Gaza in 2005 hat uns in zwei Teile geschnitten. Aber zu viele Opfer islamischen Terrors haben uns wieder geeint. Wie viele \u00dcbergriffe auf Frauen und Terroropfer muss es noch geben, damit sich dieses Land hier wieder vereint?<\/p>\n<p>Deswegen, brauchen wir einander. Wir, die mutigen Frauen und M\u00e4nner. Die Frauen und M\u00e4nner ohne Angst. Die Frauen und M\u00e4nner die gegen den Strom schwimmen. Die Frauen und M\u00e4nner die vor achtzig Jahren gegen die Nazis gek\u00e4mpft h\u00e4tten weil, wir die Freiheit lieben!<br \/>\nDamals zerst\u00f6rte sich Deutschland selbst indem es die Grenzen \u00fcberschritt. Heute zerst\u00f6rt sich Deutschland selbst indem es zul\u00e4sst, dass undemokratische, antisemitische, und anti-feministische Menschen die Grenze \u00fcberqueren.<br \/>\nIch bin hier um euch zu sagen \u2013 ich, eine Enkelin von Holocaust\u00fcberlebenden \u2013 dass ihr f\u00fcr euer sch\u00f6nes Land sorgen sollt. Es ist nicht rassistisch eure Familien zu sch\u00fctzen, besonders deine Frauen und M\u00e4dchen vor Verletzung zu bewahren.<br \/>\nObwohl Israel stark scheint, m\u00fcssen mein Land und meine Leute immer noch um unser Leben k\u00e4mpfen. Vielleicht bin ich ein bisschen eifers\u00fcchtig. Viele wissen nicht, wie gut sie es hier haben w\u00e4hrend unser Leid nicht endet! Es k\u00f6nnte hier ein Paradies f\u00fcr Frauen und Juden sein\u2026<br \/>\nUnd ich muss Euch bitten: helft uns. Wir brauchen euch Deutschen, um uns gegen anti-Semitismus und islamische Gewalt zu sch\u00fctzen, welcher heute als Israelhass auftritt.<br \/>\nIch bin nicht so religi\u00f6s, aber ich glaube an diese Aussage: Wer Israel segnet wird gesegnet sein, wer Israel verflucht wird verflucht sein. Und lasst mich hinzuf\u00fcgen: Wer Frauen segnet wird gesegnet sein, wer Frauen verflucht wird verflucht sein.<br \/>\nDeutschland hat wieder die Wahl. Den Segen oder den Fluch. Wird Deutschland zu den Juden stehen, zu den Frauen und zu dem freien Israel? Oder zum Islam, welcher Juden und Frauen unterdr\u00fcckt. Was wird es w\u00e4hlen?<br \/>\nBitte, lasst mich nicht im Stich. Doch vielmehr, lasst euch selbst nicht im Stich. Nicht schon wieder.<br \/>\n9.6.2018, <a href=\"https:\/\/www.achgut.com\/artikel\/lasst_euch_nicht_selbst_im_stich\">https:\/\/www.achgut.com\/artikel\/lasst_euch_nicht_selbst_im_stich<br \/>\n<\/a>.<\/p>\n<p>Liebe Frau Arfa, Deutschland hat keine Wahl mehr,der Zug ist abgefahren. Judenhass ist wieder salonf\u00e4hig, weil so viele \u201cBr\u00fcder\u201d mit gleiche Gesinnung nach Deutschland gekommen sind. Man liesst, man h\u00f6rt wie Israel diffamiert wird, wenn sie sich erlaubt sich zu w\u00e4hren. Die \u00d6R haben fast Schaum um Mund. Die Regierung und die Oposition, die\u201d Qualit\u00e4tsmedien\u201d( ausser der AFD), sind Judenfeindlich und jetzt wird es nicht mehr versteckt. Darauf haben sie viele Jahre gewartet und jetzt muss es raus.<br \/>\nJetzt ist die Unterwefung dran. Jetzt d\u00fcrfen Frauen und Kinder abgeschlachtet werden und alles wird relativiert, Kinderehen, Polygamie alles wird tollerieret und der Steuerzahler darf es alles bezahlen, aber wie gew\u00e4hlt so bekommen. Der wer sich leisten kann, geht oder wird gehen, den so etwas will man den eigenen Kindern und Frauen nicht zumuten.<br \/>\n9.6.2018, Susanne Antalic, AO<br \/>\n.<br \/>\n<strong>Diese Rede bitte an alle Parlamentarier senden<\/strong><br \/>\nBitte senden Sie diese gro\u00dfartige Rede von Orit Arfa an alle Parlamentarier im Bundestag. Wenn dann noch gen\u00fcgend Papier \u00fcbrig ist, vergesst die Landesparlamente nicht. Haltet allen Abgeordneten diesen Spiegel vor. Sie sollen endlich erfahren, dass die Bev\u00f6lkerung erkennt, das nur die \u201cVolksvertreter\u201d als Entscheider die Verantwortung tragen. Wenn in Berlin ein Kippatr\u00e4ger am HELLICHTEN TAG durch einen pal\u00e4stinischen Migranten mit einem G\u00fcrtel verpr\u00fcgelt, nun ERNEUT wieder ein minderj\u00e4hriges M\u00e4dchen durch einen abgelehnten Asylanten brutal vergewaltigt und ermordet wird, dann ist das nicht die Schuld imagin\u00e4rer Rechter.<br \/>\nDie alleinige Schuld und damit die vollumf\u00e4ngliche Verantwortung liegt in der gut alimentierten Legislative, die als Entscheidungstr\u00e4ger genau jene Politikmischung aus selbstherrlichen Gr\u00f6\u00dfenwahn und falscher Toleranz im Sinne uneingeschr\u00e4nkter, vorrauseilender Unterwerfung betreibt. Die Bev\u00f6lkerung tr\u00e4gt daran nicht mehr Mitverantwortung wie sie Mitspracherechte bei ihren Steuer-und-Rentenbescheinigungen hat -n\u00e4mlich KEINE. Wenn etwas rechte Tendenzen in Deutschland f\u00f6rdert, dann ist es diese Politik, die es als \u201eWerte\u201c erachtet, den Deutschen ihre eigene Kultur auszutreiben und ihnen den eigenen Untergang zwangsverordnen m\u00f6chte. Lasst die Verantwortlichen endlich wissen, was f\u00fcr falsche, Pharis\u00e4er sie doch sind!<br \/>\n10.6.2018, Ablbert Sommer, AO<\/p>\n<p><strong>Eine anr\u00fchrende Rede von Orit Arfa<\/strong><br \/>\nEine richtige Rede. Deutschland sollte Israel verteidigen, weil Israel unsere westliche Zivilisation, also auch die europ\u00e4ische und deutsche, gegen die verteidigt, die uns verachten. Die Autorin\/Rednerin Orit Arfa zeigt Mut und menschliche Gr\u00f6\u00dfe. Das sollten auch die Deutschen zeigen. Im Moment tun sie es in der Mehrheit leider nicht, aber so ganz habe ich die Hoffnung nicht aufgegeben. Orit Arfa sind wir zu Dank verpflichtet.<br \/>\n10.6.2018, Marcel Seiler, AO<\/p>\n<p>.<\/p>\n<p><strong>Frauenmarsch Berlin &#8211; wir erheben unsere Stimme<\/strong><br \/>\nDer erste Frauenmarsch scheiterte an linker Gewalt, die h\u00e4ufig Berlins Stra\u00dfen beherrscht und de facto die Verfassung au\u00dfer Kraft setzt f\u00fcr diejenigen, die Roten oder Gr\u00fcnen nicht genehm sind. Dazu geh\u00f6rt auch der Frauenmarsch der deutsch-kurdischen Islamkritikerin Leyla Bilge. Der 2. Frauenmarsch am 9.6.2018 konnte erfolgreich durchgef\u00fchrt werden.<br \/>\n&#8230;<br \/>\nWir laufen durch das Brandenburger Tor hindurch, es ist ein gro\u00dfartiger Augenblick. Einige Frauen tragen Kreuze mit den Namen der Ermordeten. Gedenkminuten, gro\u00dfartige Reden, mutige Frauen und M\u00e4nner, wir laufen bis vor das Kanzleramt. Dort geh\u00f6ren wir hin. Michaela, die hier schon vorgestellt wurde, schmei\u00dft ihre Notizen weg und h\u00e4lt eine hoch emotionale, ergreifende Rede. Nachher kommen Menschen zu ihr und bedanken sich f\u00fcr Ihre Stimme. Die j\u00fcdische Autorin Orit Arfa, sinnlich und klug spricht: \u201eDeutschland, entscheide Dich!\u201c. Und auch andere mutige Frauen.<br \/>\nEin Mann h\u00e4lt ein Schild hoch: \u201eWir hassen niemanden, wir lieben Deutschland!\u201c Ich spreche ihn an. Er ist Halbbrasilianer und auch j\u00fcdischer Herkunft, er sieht sehr gl\u00fccklich aus, hier zu sein. Macello, herzliche Gr\u00fc\u00dfe auf diesem Weg! Sie sind es fast alle, ein wenig euphorisch, fr\u00f6hlich entschlossen, mit den Deutschlandfahnen in der Hand, die Hitler damals verbot. Doch wir lassen uns von \u201eHitlers\u201c nicht verbieten, unser Land zu lieben.<br \/>\n&#8230; Alles von Andrea Berwing vom 10.6.2018 bitte lesen auf<br \/>\n<a href=\"https:\/\/philosophia-perennis.com\/2018\/06\/10\/frauenmarsch-berlin-wir-erheben-unsere-stimme-wir-frauen\/\">https:\/\/philosophia-perennis.com\/2018\/06\/10\/frauenmarsch-berlin-wir-erheben-unsere-stimme-wir-frauen\/<\/a><\/p>\n","protected":false},"excerpt":{"rendered":"<p>Fachleute definieren Vergewaltigung als &#8222;Ermordung der Psyche einer Frau&#8220;. Insofern ist die Schlagzeile &#8222;100-facher M\u00e4dchen-Mord durch Migranten&#8222; eine Tatsachenbeschreibung. Dabei ist die Zahl 100 wahrscheinlich zu niedrig, da die Dunkelziffer bei Sexualdelikten\u00a0hoch ist. Nach der Ermordnung der 14-j\u00e4hrigen Susanna in &hellip; <a href=\"https:\/\/www.freiburg-schwarzwald.de\/blog\/frauenmarsch-berlin-maedchen\/\">Weiterlesen <span class=\"meta-nav\">&rarr;<\/span><\/a><\/p>\n","protected":false},"author":2,"featured_media":0,"comment_status":"open","ping_status":"closed","sticky":false,"template":"","format":"standard","meta":{"footnotes":""},"categories":[18,36,59,155,60,157],"tags":[325,633,485,421,650],"class_list":["post-67612","post","type-post","status-publish","format-standard","hentry","category-bildung","category-engagement","category-frauen","category-integration","category-jugend","category-oeffentlicher-raum","tag-demo","tag-demokratie","tag-refugee","tag-islam","tag-sex"],"_links":{"self":[{"href":"https:\/\/www.freiburg-schwarzwald.de\/blog\/wp-json\/wp\/v2\/posts\/67612","targetHints":{"allow":["GET"]}}],"collection":[{"href":"https:\/\/www.freiburg-schwarzwald.de\/blog\/wp-json\/wp\/v2\/posts"}],"about":[{"href":"https:\/\/www.freiburg-schwarzwald.de\/blog\/wp-json\/wp\/v2\/types\/post"}],"author":[{"embeddable":true,"href":"https:\/\/www.freiburg-schwarzwald.de\/blog\/wp-json\/wp\/v2\/users\/2"}],"replies":[{"embeddable":true,"href":"https:\/\/www.freiburg-schwarzwald.de\/blog\/wp-json\/wp\/v2\/comments?post=67612"}],"version-history":[{"count":0,"href":"https:\/\/www.freiburg-schwarzwald.de\/blog\/wp-json\/wp\/v2\/posts\/67612\/revisions"}],"wp:attachment":[{"href":"https:\/\/www.freiburg-schwarzwald.de\/blog\/wp-json\/wp\/v2\/media?parent=67612"}],"wp:term":[{"taxonomy":"category","embeddable":true,"href":"https:\/\/www.freiburg-schwarzwald.de\/blog\/wp-json\/wp\/v2\/categories?post=67612"},{"taxonomy":"post_tag","embeddable":true,"href":"https:\/\/www.freiburg-schwarzwald.de\/blog\/wp-json\/wp\/v2\/tags?post=67612"}],"curies":[{"name":"wp","href":"https:\/\/api.w.org\/{rel}","templated":true}]}}