{"id":67592,"date":"2018-06-07T15:20:12","date_gmt":"2018-06-07T13:20:12","guid":{"rendered":"https:\/\/www.freiburg-schwarzwald.de\/blog\/?p=67592"},"modified":"2019-05-08T19:42:20","modified_gmt":"2019-05-08T17:42:20","slug":"susanna-von-irakern-ermordet","status":"publish","type":"post","link":"https:\/\/www.freiburg-schwarzwald.de\/blog\/susanna-von-irakern-ermordet\/","title":{"rendered":"Susanna von Iraker ermordet"},"content":{"rendered":"<p>Nach <a title=\"Dreisam-Mord\" href=\"https:\/\/www.freiburg-schwarzwald.de\/blog\/global\/integration\/dreisam-mord\/\">Maria<\/a> (in FR in der Dreisam <a title=\"UMA-Hussein\" href=\"https:\/\/www.freiburg-schwarzwald.de\/blog\/global\/integration\/uma-hussein\/\">ertr\u00e4nkt<\/a>), Mia (in<a title=\"Kandel-Bluttat27-12-2017\" href=\"https:\/\/www.freiburg-schwarzwald.de\/blog\/engagement\/zukunft\/demokratie\/kandel-bluttat27-12-2017\/\"> Kandel<\/a> im Drogeriemarkt <a title=\"Messerstecher\" href=\"https:\/\/www.freiburg-schwarzwald.de\/blog\/selbsthilfe\/soziales\/justiz\/messerstecher\/\">erstochen<\/a>) und unz\u00e4hligen weiteren <a title=\"Einzelfall\" href=\"https:\/\/www.freiburg-schwarzwald.de\/blog\/selbsthilfe\/soziales\/justiz\/einzelfall\/\">Einzelf\u00e4llen<\/a>\u00a0der <a title=\"Pauschalisierung und Einzelfall\" href=\"https:\/\/www.freiburg-schwarzwald.de\/blog\/pauschalisierung-und-einzelfall\/\">neueste Einzelfall<\/a> in Wiesbaden: <a title=\"Wiesbaden-Susanna23-05-2018\" href=\"https:\/\/www.freiburg-schwarzwald.de\/blog\/global\/migration\/wiesbaden-susanna23-05-2018\/\">Susanna Feldman<\/a> (14) wird von\u00a0<a title=\"Migration-Maenner\" href=\"https:\/\/www.freiburg-schwarzwald.de\/blog\/global\/migration\/migration-maenner\/\">Migranten<\/a> aus dem Irak stundenlang <a title=\"Vergewaltigung\" href=\"https:\/\/www.freiburg-schwarzwald.de\/blog\/selbsthilfe\/krise\/sexuellermissbrauch\/vergewaltigung\/\">vergewaltigt<\/a>, dann erw\u00fcrgt und verscharrt. Auch dieser <a title=\"Fluechtlinge-Kriminalitaet\" href=\"https:\/\/www.freiburg-schwarzwald.de\/blog\/global\/integration\/fluechtlinge-kriminalitaet\/\">Sexualmord<\/a> an einem jungen j\u00fcdischen M\u00e4dchen (sie war zwei Wochen vermisst) hat <a title=\"Nix-mit-nix-zu-tun\" href=\"https:\/\/www.freiburg-schwarzwald.de\/blog\/engagement\/zukunft\/demokratie\/nix-mit-nix-zu-tun\/\">nichts<\/a> mit der <a title=\"Migrationspolitik schadet allen\" href=\"https:\/\/www.freiburg-schwarzwald.de\/blog\/migrationspolitik-schadet-allen\/\">Migrationspolitik<\/a> der <a title=\"GroKo\" href=\"https:\/\/www.freiburg-schwarzwald.de\/blog\/engagement\/zukunft\/demokratie\/groko\/\">GroKo<\/a>\u00a0seit<a title=\"Budapest-Dublin2015\" href=\"https:\/\/www.freiburg-schwarzwald.de\/blog\/global\/eu\/budapest-dublin2015\/\"> Budapest 9\/2015<\/a> zu tun &#8211; <!--more-->wer nach <a title=\"Diskussionskultur\" href=\"https:\/\/www.freiburg-schwarzwald.de\/blog\/kultur\/medien\/diskussionskultur\/\">Ursachen fragt<\/a>,\u00a0nach <a title=\"Missverstehen\" href=\"https:\/\/www.freiburg-schwarzwald.de\/blog\/kultur\/medien\/missverstehen\/\">Gr\u00fcnden sucht<\/a>\u00a0und Kritik an Regierung und Beh\u00f6rden \u00fcbt, gilt in Deutschland weiterhin sofort als &#8222;<a title=\"Nazi\" href=\"https:\/\/www.freiburg-schwarzwald.de\/blog\/religion\/juden\/nazi\/\">Naz<\/a>i&#8220;, denn:<br \/>\nSolche Vorkommnisse d\u00fcrfen nicht <a title=\"Generalverdacht\" href=\"https:\/\/www.freiburg-schwarzwald.de\/blog\/generalverdacht\/\">verallgemeinert<\/a> werden. Dergleichen kommt ja nur selten vor. Und Deutsche vergewaltigen <a title=\"Relativierung\" href=\"https:\/\/www.freiburg-schwarzwald.de\/blog\/kultur\/medien\/relativierung\/\">auch<\/a>. Das M\u00e4dchen h\u00e4tte besser aufpassen sollen, scheint eine Herumtreiberin gewesen zu sein. Wegen der Fl\u00fcchtlinge braucht man keine Angst zu haben. Es war schlie\u00dflich eine Beziehungstat (obwohl nur f\u00fcr 6 Stunden). Keine <a title=\"Pauschalisierung und Einzelfall\" href=\"https:\/\/www.freiburg-schwarzwald.de\/blog\/pauschalisierung-und-einzelfall\/\">Pauschalisierung<\/a>!\u00a0 Annette Widmann-Mauz (CDU), Bundes-Integrationsbeauftragte, um DLF: &#8222;Die Verantwortlichen m\u00fcssen die volle H\u00e4rte des Rechtsstaats erfahren. Dennoch gelte es nicht zu zulassen, dass <a title=\"Guter Hass versus b\u00f6ser Hass\" href=\"https:\/\/www.freiburg-schwarzwald.de\/blog\/guter-hass-versus-boeser-hass\/\">Hass<\/a> ges\u00e4t werde und ganze Gruppen unter <a title=\"Generalverdacht\" href=\"https:\/\/www.freiburg-schwarzwald.de\/blog\/generalverdacht\/\">Generalverdacht<\/a> gestellt werden.&#8220; &#8230; Wir Deutschen k\u00f6nnen tun was wir wollen, wir s\u00e4en halt <a title=\"Selbsthass\" href=\"https:\/\/www.freiburg-schwarzwald.de\/blog\/engagement\/zukunft\/selbsthass\/\">Hass<\/a>\u00a0&#8211; verkehrte Welt.<br \/>\n7.6.2018<\/p>\n<p><a title=\"Trauer\" href=\"https:\/\/www.freiburg-schwarzwald.de\/blog\/selbsthilfe\/psyche\/trauer\/\">Gute Trauer, schlechte Trauer<\/a> (27.9.2018)<\/p>\n<p>&nbsp;<\/p>\n<p><strong>Sogar die BILD-Zeitung schwenkt um:<\/strong><br \/>\n&#8222;An jenem 23. Mai (Mord nach Vergewaltigung) hat dieser Staat, dem wir unsere Kinder anvertrauen, Susanna grauenvoll im Stich gelassen.&#8220; BILD, 9.6.2018<br \/>\n.<\/p>\n<p><strong>Miriam, die Stimme von Kandel, zu Susanna<\/strong><br \/>\nMainz Demo am 10.06.2018 &#8211; Todesfall Susanna aus Mainz<br \/>\n<a href=\"https:\/\/www.youtube.com\/watch?v=j7OQWj6tAXE\">https:\/\/www.youtube.com\/watch?v=j7OQWj6tAXE<\/a><\/p>\n<p><strong>Schweigeminute von MdB Seitz (AfD) im Bundestag gescheitert<\/strong><br \/>\n<a href=\"https:\/\/www.youtube.com\/watch?v=iWg8odymWoc\">https:\/\/www.youtube.com\/watch?v=iWg8odymWoc<\/a><\/p>\n<p>.<\/p>\n<p><strong>Alles noch grauenhafter als vermutet<\/strong><br \/>\nDie gemeinsame Pressekonferenz von Staatsanwaltschaft und Polizei zum Mord an der 14-j\u00e4hrigen Susanna Feldmann zeigt nicht nur grausame Details zur Vergewaltigung und dem Mord an dem M\u00e4dchen: u.a. dass zwei \u201eFl\u00fcchtlinge\u201c die tat gemeinsam begingen. Sie offenbaren auch das gesamte Versagen unserer Migrationspolitik. &#8230;alle schlimmen Vermutungen, f\u00fcr die man gestern bei Twitter und Facebook noch als \u201eNazi\u201c beschimpft wurde, sind nicht nur eingetreten, sondern wurden auch noch \u00fcbertroffen. &#8230;.<br \/>\nAlles vom 7.6.2018 bitte lesen auf<br \/>\n<a href=\"https:\/\/philosophia-perennis.com\/2018\/06\/07\/pressekonferenz-zum-mord-an-susanna-feldmann-alles-noch-grauenhafter-als-vermutet\/\">https:\/\/philosophia-perennis.com\/2018\/06\/07\/pressekonferenz-zum-mord-an-susanna-feldmann-alles-noch-grauenhafter-als-vermutet\/<br \/>\n<\/a>\u00a0.<br \/>\n<strong>Gr\u00fcnlinke Ideologieverblendung<\/strong><br \/>\nMir tun die armen Kinder leid, die solche Qualen und so einen bestialischen Tod erleiden mussten und die Eltern, die mit dem Wissen um die an ihren Kindern begangene Grausamkeiten fertig werden m\u00fcssen. Wer davor im Namen seiner Ideologieverblendung die Augen verschlie\u00dft und mit Phrasen wie \u201ehat es fr\u00fcher auch gegeben\u201c daher redet, sollte allen politischen \u00c4mtern auf Lebenszeit enthoben werden.<br \/>\n7.6.2018, Miriam, PPO<\/p>\n<p><strong>Dummheit<\/strong><br \/>\nEs ist unglaublich, dass sich immer noch die Mehrheit der Deutschen f\u00fcr diese islamischen Migranten einsetzt und somit aktiv an ihrer eigenen Versklavung oder Hinrichtung arbeitet. D\u00fcmmer geht\u2019s nicht. Denkt an den <a title=\"Apo2018\" href=\"https:\/\/www.freiburg-schwarzwald.de\/blog\/engagement\/buergerinitiativen\/apo2018\/\">Frauenmarsch<\/a> am kommenden Samstag 9.6. in <a title=\"Frauen-Demo \u2013 Berlin Kandel\" href=\"https:\/\/www.freiburg-schwarzwald.de\/blog\/frauen-demo-berlin-kandel\/\">Berlin<\/a>.<br \/>\n7.6.2018. , Andro, PPO<\/p>\n<p>.<\/p>\n<p><strong>Protokoll des Mordes an Susanna F.<\/strong><br \/>\nDie seit zwei Wochen als vermisst gemeldete Susanna ist tot. Nach ihrem mutma\u00dflichen M\u00f6rder, dem 20-j\u00e4hrigen Ali Bashar, wird international gefahndet. Er soll sich, zusammen mit seiner Familie, inzwischen wieder im Irak befinden. &#8230;<br \/>\nDie Polizei ist restlos mit \u00e4hnlich gelagerten F\u00e4llen \u00fcberlastet. Aber warum wurde hier in Deutschland \u00fcberhaupt gefahndet, wenn l\u00e4ngst bekannt war, dass Bashar ausgereist ist? Was f\u00fcr ein famili\u00e4res, kulturelles Umfeld ist das, in dem eine ganze Familie geschlossen ausreist und damit den Mord des Sohnes\/Bruders deckt, statt ihn dazu anzuhalten, sich zu stellen? Wusste Ali Bashar, dass Susanna J\u00fcdin war? All diese Fragen gilt es in den n\u00e4chsten Tagen und Wochen zu kl\u00e4ren.<br \/>\nDie Polizei selbst trifft vermutlich keine Schuld. Bashars Familie soll unter falschem Namen ausgereist sein. Ohnehin hat man bei der Polizei keinen Zugriff auf Passagierlisten. Auch Anis Amri konnte sich dadurch unbemerkt von einem Land ins andere bewegen. Dazu kommt: Die Polizei ist restlos mit \u00e4hnlich gelagerten F\u00e4llen \u00fcberlastet. Das best\u00e4tigt auch ein Polizist, der sich mir gegen\u00fcber zu dem Fall \u00e4u\u00dfert. Junge M\u00e4dchen, die sich mit jungen m\u00e4nnlichen Asylbewerbern herumtreiben, seien keine Seltenheit. Manchmal verschwinden sie mit ihnen und tauchen nach zwei Wochen wieder auf. Wahrscheinlich hat man \u00c4hnliches bei Susanna vermutet. Die Warnungen der Mutter, der Hinweis, dass die SMS, die sie noch nach dem 22.05. von ihrer Tochter erhalten hatte, nicht ihrem Sprachgebrauch entspricht, blieben dadurch ungeh\u00f6rt.<br \/>\nFest steht: Susannas Leben h\u00e4tte auch das nicht retten k\u00f6nnen. Der interne Bericht der Polizei l\u00e4sst die ganze Grausamkeit der Tat erahnen. So habe Ali Bashar Susanna mit einem Stock zun\u00e4chst gew\u00fcrgt und anschlie\u00dfend in einer Feldgemarkung in Wiesbaden-Erbenheim im Zeitraum von 23 Uhr, am 22.05.18, bis um 5 Uhr morgens am darauffolgenden Tag \u201evergewaltigt und maltr\u00e4tiert\u201c. \u201eDen Zeugenangaben zufolge sei die Gesch\u00e4digte in den Morgenstunden im Zuge der Vergewaltigungshandlungen entweder verstorben oder durch den Beschuldigten Ali Bashar erdrosselt worden\u201c.<br \/>\nSechs Stunden dauerte das Martyrium von Susanna. Dinge, die man in der deutschen Presse eher selten zu lesen bekommt, weil sie die ganze Verachtung des m\u00e4nnlichen T\u00e4ters gegen\u00fcber seinem weiblichen Opfer erkennen lassen. Im \u00dcbrigen soll es nicht das erste Mal gewesen sein, dass Bashar ein junges M\u00e4dchen vergewaltigt hat. Das Vortragen jener Taten, die Bashar vor dem mutma\u00dflichen Mord an Susanna begangen haben soll, nimmt auf der Pressekonferenz der Polizei qu\u00e4lend viele Minuten in Anspruch.<br \/>\nWieder einmal wird klar, dass das Problem kein polizeiliches ist, sondern ein politisches. &#8230;<br \/>\nAlles vom 7.6.2018 bitte lesen auf<br \/>\n<a href=\"https:\/\/www.achgut.com\/artikel\/protokoll_des_mordes_an_susanna_f\">https:\/\/www.achgut.com\/artikel\/protokoll_des_mordes_an_susanna_f<\/a><\/p>\n<p>&nbsp;<\/p>\n<p>.<\/p>\n<p><strong>Bundestag lehnt Schweigeminute f\u00fcr ermordete Susanna (14) ab<\/strong><br \/>\n<em>Der bekannte Blog \u201eTapfer im Nirgendwo\u201c von Gerd Buurmann, einem verdienten Theatermann sowie liberalen K\u00e4mpfer gegen Antisemitismus, Homophobie und Dummheit, reagiert mit Entsetzen auf die St\u00f6rung der Schweigeminute f\u00fcr die ermordete J\u00fcdin Susanna Feldman durch Bundestagsabgeordnete der Altparteien.<br \/>\nHier ein Auszug aus seinem Blog:<\/em><br \/>\n\u201eDie vorgesehene Redezeit widmen wir dem Gedenken an die in Wiesbaden tot aufgwefundene Susanna. Sie wurde 14 Jahre alt. Aus der Erde kommst du und zu Erde wirst du werden.\u201d Mit diesen Worte begann Thomas Seitz (AfD) am 8. Juni 2018 eine Schweigeminute im Deutschen Bundestag f\u00fcr Susanna Feldmann. Er argumentierte somit nicht wie vorgesehen zur Gesch\u00e4ftsordnung, sondern nutze die Zeit f\u00fcr eine Schweigeminute f\u00fcr ein M\u00e4dchen, das im Alter von vierzehn Jahren vergewaltigt und ermordet wurde.<br \/>\nDie Schweigeminute wurde durch Unruhe im Parlament und schlie\u00dflich von der Sitzungspr\u00e4sidentin Claudia Roth (Gr\u00fcne) unterbrochen: \u201eDarf ich sie hinweisen, dass wir gerade zur Gesch\u00e4ftsordnung reden? Ich w\u00fcrde Sie bitten, dass auch Sie sich an die vorgegebene Tagesordnung und an die Gesch\u00e4ftsordnungsdebatte halten.\u201d<br \/>\nDa sich Thomas Seitz weigerte, sein Schweigen zu unterbrechen, wurde er gebeten, sich vom Rednerpult zu entfernen. Viele Abgeordnete st\u00f6rten die Schweigeminute<br \/>\n<strong><em>Die Angst und die Abscheu vor der AfD f\u00fchren dazu, dass die Abgeordneten der anderen Parteien Dinge tun, die sie im k\u00fchlen Kopf nicht getan h\u00e4tten und die falsch und v\u00f6llig unangemessen sind.<\/em><\/strong> Eine Schweigeminute f\u00fcr Susanna Feldmann zu unterbrechen, weil sie von einem AfD-Politiker gestartet wurde, mit der Begr\u00fcndung, sie passe nicht in die Gesch\u00e4ftsordnung, zeugt von einer v\u00f6lligen Kopflosigkeit des Parlaments, die zur Verrohung f\u00fchrt \u2026 Ich sehe dieses Verhalten im Bundestag und sch\u00e4me mich. &#8230;<br \/>\nAlles vom 8.6.2018 von Gerd Buurmann bitte lesen auf<br \/>\n<a href=\"https:\/\/tapferimnirgendwo.com\/2018\/06\/08\/eine-schweigeminute-im-parlament\/\">https:\/\/tapferimnirgendwo.com\/2018\/06\/08\/eine-schweigeminute-im-parlament\/<br \/>\n<\/a>.<\/p>\n<p>In der Nazizeit, wurde Einsteins Relativit\u00e4tstheorie verteufelt, weil sie von einem Juden entwickelt worden war. Eine richtige Theorie galt also als falsch, allein weil sie von jemanden aus einer ge\u00e4chteten Gruppe, in dem Fall einem Juden, formuliert wurde. Eine Parallele die mich \u00e4ngstigt. Bewertet die Taten und Aussagen doch einfach nach ihrem Inhalt und nicht nach denen, die sie machen bzw. sagen. Zusammengefasst: Strukturell ist das Verhalten der Altparteien, allen voran den Gr\u00fcnen, extrem faschistisch! Bei den B\u00fccherverbrennungen war es genauso: Die B\u00fccher wurden verbrannt weil sie von Juden (oder Sozialdemokraten\u2026) geschrieben wurden, nicht weil man am Inhalt etwas auszusetzen gehabt h\u00e4tte!<br \/>\n8.6.3028, Zsolt \u00d6ry. TAO<\/p>\n<p>&nbsp;<\/p>\n<p>.<\/p>\n<p><strong>Schweigeminute &#8211; Bigotterie von Claudia Roth<\/strong><br \/>\n<em><strong>Szene 1 (Claudia Roth fordert zu Schweigeminute auf f\u00fcr ertrunkene Migranten):<\/strong> <\/em><br \/>\nSitzung des Deutschen Bundestages am 22. April 2015 zum Thema \u201eFl\u00fcchtlingskatastrophe im Mittelmeer\u201c. Die Bundestagsvizepr\u00e4sidentin Claudia Roth er\u00f6ffnet die Sitzung und bittet alle Abgeordneten und auch G\u00e4ste, sich von ihren Pl\u00e4tzen zu erheben.<br \/>\n\u201eLiebe Kolleginnen und Kollegen, bevor wir mit unserer Arbeit beginnen, darf ich Sie bitten, sich von Ihren Pl\u00e4tzen zu erheben. Darum bitte ich auch die G\u00e4ste hier in unserem Haus. (Die Anwesenden erheben sich). Der Deutsche Bundestag und die B\u00fcrgerinnen und B\u00fcrger unseres Landes sind zutiefst betroffen \u00fcber das Schiffsungl\u00fcck im Mittelmeer, &#8230;.Der Deutsche Bundestag trauert mit den Angeh\u00f6rigen der Opfer, mit ihren Familien, mit ihren Freunden, Freundinnen und allen, die ihnen nahestanden. Wir dr\u00fccken ihnen unser tief empfundenes Mitgef\u00fchl aus. (Kurze Schweigepause) Sie haben sich zu Ehren der Opfer von Ihren Pl\u00e4tzen erhoben. Ich danke Ihnen von Herzen.\u201c (Die Anwesenden nehmen wieder Platz)<br \/>\n&#8230;.<br \/>\n<strong><em>Szene 2 (Claudi Roth verbietet Schweigeminute f\u00fcr von Migrant ermordertes M\u00e4dchen)):<\/em><\/strong><br \/>\nSitzung des Deutschen Bundestags am 8. Juni 2018, &#8230;.kurz nach 9 Uhr): Der AfD-Abgeordnete Thomas Seitz betritt das Rednerpult. \u201eSehr geehrte Frau Pr\u00e4sidentin! Sehr geehrte Damen und Herren Kollegen! Die Fraktion der Alternative f\u00fcr Deutschland tritt der kurzfristigen Aufsetzung der Zusatzpunkte 5 und 6 auf die Tagesordnung entgegen. Die vorgesehene Redezeit widmen wir dem Gedenken an die in Wiesbaden tot aufgefundene Susanna; sie wurde 14 Jahre alt. Aus der Erde kommst du, und zur Erde wirst du werden.\u201c (Die meisten Abgeordnete der AfD erheben sich \u2013 ausschlie\u00dflich Abgeordnete der AfD!)<br \/>\nKeine zehn Sekunden sp\u00e4ter Bundestagsvizepr\u00e4sidentin Claudia Roth: \u201eDarf ich Sie darauf hinweisen, dass wir gerade zur Gesch\u00e4ftsordnung reden. Ich w\u00fcrde bitten, dass Sie sich an die vorgegebene Tagesordnung und an die Gesch\u00e4ftsordnungsdebatte halten.\u201c (Beifall bei der CDU\/CSU, der SPD, der FDP, der LINKEN und dem B\u00dcNDNIS 90\/DIE GR\u00dcNEN). Herr Seitz h\u00e4lt die Schweigeminute weiter ein. Auch die letzten AfD-Abgeordneten erheben sich. Sonst kein einziger Bundestagsabgeordneter. Bundestagsvizepr\u00e4sidentin Claudia Roth:<br \/>\n\u201eHerr Seitz, haben Sie noch etwas zu sagen? Ansonsten w\u00fcrde ich die n\u00e4chste Rednerin oder den n\u00e4chsten Redner aufrufen.\u201c (Beifall bei der CDU\/CSU, der SPD, der FDP, der LINKEN und dem B\u00dcNDNIS 90\/DIE GR\u00dcNEN). \u201eDa Sie mir nicht antworten, ist damit Ihr Beitrag beendet. Ich fordere Sie auf, das Rednerpult zu verlassen.\u201c (Herr Seitz r\u00e4umt das Rednerpult, die Abgeordneten der AfD nehmen wieder Platz.) &#8230; Alles vom 10.6.2018 bitte lesen auf<br \/>\n<a href=\"https:\/\/juergenfritz.com\/2018\/06\/10\/hat-die-bigotterie-einen-namen-und-ein-gesicht\/\">https:\/\/juergenfritz.com\/2018\/06\/10\/hat-die-bigotterie-einen-namen-und-ein-gesicht\/<\/a><\/p>\n<p>..<br \/>\n<strong>Schweigeminuten mit Claudia Roth: Migranten und Susanna<\/strong><br \/>\nDie \u00bbEntwicklungen seit 2015\u00ab sind Folge einer Handvoll gro\u00dfer L\u00fcgen. So etwas ist leider nicht einmalig in der Geschichte. Auf gro\u00dfe L\u00fcgen folgt gro\u00dfes Leid. Ich bin schockiert, aber nicht \u00fcberrascht, \u00fcber die K\u00e4lte, welche sogenannte \u00bbGutmenschen\u00ab und \u00bbSocial Justice Warriors\u00ab heute gegen\u00fcber den Opfern ihrer L\u00fcgen an den Tag legen.<br \/>\nAm 22.4.2015 unterbrach Claudia Roth die Bundestagssitzung zwecks einer Schweigeminute f\u00fcr im Mittelmeer ertrunkene Menschen. (bundestag.de) \u2013 Am 8.6.2018 opferte der AfD-Abgeordnete Thomas Seitz seine Redezeit, um zu einer Gedenkminute f\u00fcr ein von einem Fl\u00fcchtling ermordetes M\u00e4dchen aufzurufen. (Siehe z.b. faz.net, 8.6.2018) Sie ist Opfer der Politik offener Grenzen und Nichtabschiebung geworden. Panisch st\u00f6rte die Gr\u00fcne Claudia Roth die Gedenkminute, so lautstark wie gef\u00fchlskalt. Von den Sitzen linker Abgeordneter waren h\u00e4mische Rufe zu h\u00f6ren. Was f\u00fcr eine Piet\u00e4tlosigkeit, was f\u00fcr eine gruselige K\u00e4lte. Gerd Buurmann analysiert den ethischen Kontext pr\u00e4zise: \u00bbWenn die Falschen etwas Richtiges aus falschen Motiven tun, wird das Richtige nicht falsch.\u00ab (tapferimnirgendwo.com)<\/p>\n<p>Doch, Claudia Roth und die eiskalten Bundestagsabgeordneten stehen nicht f\u00fcr sich allein. Die Mutter des Opfers teilte die von der AfD initiierte Schweigeminute auf ihrem Facebook-Feed. Und was taten die \u00bbGuten\u00ab? Einige von ihnen fingen an, die Mutter des Opfers auf deren Facebook-Seite zu bedr\u00e4ngen. Wie kalt kann ein Mensch sein?<br \/>\nAlles vom 10.6.2018 bitte lesen auf<br \/>\n<a href=\"https:\/\/dushanwegner.com\/lebensluegen-und-kaelte\/\">https:\/\/dushanwegner.com\/lebensluegen-und-kaelte\/<\/a><\/p>\n<p>.<\/p>\n<p>.<\/p>\n<p><strong>Grooming Gang: Junge Mulime suchen deutsche M\u00e4dchen zwecks Vegewaltigung<\/strong><br \/>\nSeit einiger Zeit sieht man in den deutschen Gro\u00dfst\u00e4dten h\u00e4ufiger mohammedanische Asyl-Gangs, bestehend aus jungen afghanischen\/arabischen M\u00e4nnern oder Jungs, die auf \u00f6ffentlichen Pl\u00e4tzen, in Parks oder in Einkaufspassagen herumlungern und \u00c4rger machen. Erstaunlicherweise haben diese Gangs teils auch deutsche M\u00e4dchen als Mitglieder, die sie m\u00f6glicherweise in der Schule oder auf Parties und Multikulti-Treffs kennen lernten. Entwickeln sich hier nun sogenannte \u201eGrooming Gangs\u201c aus Moslem-Einwanderern, die mit \u201elover boys\u201c gezielt wei\u00dfe M\u00e4dchen umgarnen, um sie dann zur Vergewaltigung an Kumpels weiterzureichen? Immerhin war Susanna Feldman nicht mit dem M\u00f6rder Ali Baschar bekannt, sondern mit dessen kleinem Bruder. Hat die Gruppe um Alis Bruder also einheimische M\u00e4dchen f\u00fcr die \u00e4lteren Vergewaltiger ausgesucht und \u201eklargemacht\u201c?<br \/>\nEs w\u00fcrde nicht wundern; in Gro\u00dfbritannien wird gerade schon wieder ein Prozess gegen eine pakistanische \u201eGrooming gang\u201c gef\u00fchrt. Da Regierung und linke Medien einen Aufschrei in der einheimisch-britischen Bev\u00f6lkerung bef\u00fcrchten, wurde die Berichterstattung blockiert und der rechte Journalist Tommy Robinson inhaftiert &#8230;.<br \/>\nAlles vom 8.6.2018 bitte lesen auf<br \/>\n<a href=\"https:\/\/philosophia-perennis.com\/2018\/06\/08\/bringt-der-fall-susanna-feldman-merkel-endlich-zu-fall\/\">https:\/\/philosophia-perennis.com\/2018\/06\/08\/bringt-der-fall-susanna-feldman-merkel-endlich-zu-fall\/<\/a><\/p>\n<p><strong>Unsere M\u00e4dchen werden geopfert<\/strong><br \/>\nIch kann einfach kaum ertragen was diese M\u00e4dchen und Opfer durchmachen mussten. Eine 14j\u00e4hrige hat einfach keine Ahnung was solche Typen f\u00fcr einen Hintergrund haben. Sie sind schutzlos und sollten darauf vertrauen k\u00f6nnen das der Staat derlei Subjekte aus dem Land fernh\u00e4lt. Hier wird ganz klar mit dem Vertrauen unserer Jugend gehaust und Eltern k\u00f6nnen kaum gegensteuern.unsere Kinder werden geopfert<br \/>\n8.6.2018, Silvi, PPO<br \/>\n.<br \/>\n<strong>Politikversagen mindest genauso unertr\u00e4glich wie die Tat selbst<\/strong><br \/>\nDer interne Bericht der Polizei l\u00e4sst die ganze Grausamkeit der Tat erahnen. So habe Ali Bashar Susanna mit einem Stock zun\u00e4chst gew\u00fcrgt und anschlie\u00dfend in einer Feldgemarkung in Wiesbaden-Erbenheim im Zeitraum von 23 Uhr, am 22.05.18, bis um 5 Uhr morgens am darauffolgenden Tag \u201evergewaltigt und maltr\u00e4tiert\u201c. \u201eDen Zeugenangaben zufolge sei die Gesch\u00e4digte in den Morgenstunden im Zuge der Vergewaltigungshandlungen entweder verstorben oder durch den Beschuldigten Ali Bashar erdrosselt worden\u201c.<br \/>\nSechs Stunden dauerte das Martyrium von Susanna. Dinge, die man in der deutschen Presse eher selten zu lesen bekommt, weil sie die ganze Verachtung des m\u00e4nnlichen T\u00e4ters gegen\u00fcber seinem weiblichen Opfer erkennen lassen. Im \u00dcbrigen soll es nicht das erste Mal gewesen sein, dass Bashar ein junges M\u00e4dchen vergewaltigt hat. Das Vortragen jener Taten, die Bashar vor dem mutma\u00dflichen Mord an Susanna begangen haben soll, nimmt auf der Pressekonferenz der Polizei qu\u00e4lend viele Minuten in Anspruch.<br \/>\nWieder einmal wird klar, dass das Problem kein polizeiliches ist, sondern ein politisches. Dass es nicht darauf ankommt, ob Deutsche auch Taten begehen oder welche Kr\u00e4fte die Tat mitunter f\u00fcr ihre Zwecke instrumentalisieren k\u00f6nnten, sondern darauf, was h\u00e4tte zu verhindern sein k\u00f6nnen, wenn man in der deutschen Politik endlich erkennen w\u00fcrde, was man mit dieser unkontrollierten Einwanderung und der damit einhergehenden \u00dcberforderung des Systems angerichtet hat. Fest steht: Das Politikversagen, das Taten wie diese erst m\u00f6glich macht, ist mittlerweile mindestens genauso unertr\u00e4glich wie die Tat selbst. &#8230;<br \/>\nAlles von Anabel Schunke vom 7.6.2018 bitte lesen auf<br \/>\n<a href=\"https:\/\/www.achgut.com\/artikel\/protokoll_des_mordes_an_susanna_f\">https:\/\/www.achgut.com\/artikel\/protokoll_des_mordes_an_susanna_f<br \/>\n<\/a>\u00a0.<br \/>\n<strong>Familiennachzug wozu?<\/strong><br \/>\nHier jedenfalls hat das Ammenm\u00e4rchen, dass der Familiennachzug solche Taten verhindert, sich wieder einmal als genau solches erwiesen. Und offensichtlich ist f\u00fcr einen M\u00f6rder der Irak pl\u00f6tzlich sicherer als Deutschland, womit ein weiteres Ammenm\u00e4rchen, n\u00e4mlich das der zwingenden Asylgr\u00fcnde f\u00fcr angeblich Verfolgte im Irak, ebenfalls entlarvt wurde. Bei uns in Frankreich h\u00e4tte man Merkel l\u00e4ngst aus dem Amt gefegt.<br \/>\n7.6.018, Ute-Marie Assmann, AO<\/p>\n<p>Man Frauen nur eindringlich vor Beziehungen mit Muslimen warnen. So liebenswert sie erscheinen m\u00f6gen, wenn sie sich leidenschaftlich um die Frau bem\u00fchen, so einfach sie zu \u201ckriegen\u201d sein m\u00f6gen und so sexy kulturelle Unterschiede manchmal wirken m\u00f6gen, der islamische Ehrbegriff ist letztlich unberechenbar und f\u00fchrt erschreckend h\u00e4ufig zu \u201cBeziehungstaten\u201d, Vergewaltigungen oder Ehrenmorden. Muslimische M\u00e4nner, die sich an islamische Regeln halten (m\u00fcssen), erwarten von der Frau Verf\u00fcgbarkeit, und dass gemeinsame Kinder Muslime werden. M\u00f6gliche Ehrverletzungen liegen verstreut wie Tretminen. Zeitungsberichte sollten Warnung genug sein, aber die Verbindung zum Islam wird wohl vielfach ignoriert.<br \/>\n7.6.2018, Mike Loewe, AO<\/p>\n<p>Eine 8-k\u00f6pfige Familie reist als \u201cFl\u00fcchtlingsgruppe\u201d unter falschem Namen in DE ein und reist per Flugzeug ebenfalls unter falschem Namen wieder in ihr Heimatland aus, aus dem sie angeblich \u201cfliehen\u201d mussten, nachdem einer von ihnen ein Kind vergewaltigt und umgebracht hat. Nachdem er vorher schon ein weiteres, noch j\u00fcngeres Kind vergewaltigt hatte und verschiedene Personen bedroht und verletzt hatte. Ist das noch zu glauben?<br \/>\nDas sind Zust\u00e4nde wie im schlimmsten Dritt-Welt Land, wo die Regierung korrupt ist und die Verbrecher das Sagen haben. Die Regierung ist schuldig an all diesen Morden an jungen M\u00e4dchen und Frauen, begangen von T\u00e4tern, deren b\u00f6sartige, verquere Ideologie geh\u00e4tschelt wird und entschuldigt wird mit einer derart falsch verstandenen Toleranz, dass man als normaldenkender und-f\u00fchlender Mensch sagen muss: Unsere Welt steht Kopf. Die T\u00e4ter werden geradezu eingeladen, ihr Unwesen hier zu treiben und hat man erst gen\u00fcgend Menschen gequ\u00e4lt und bedroht, reist man halt wieder ins geliebte Heimatland aus, in dem man angeblich verfolgt wird. Ehrlich: Solches Pack hat in Europa Null und Nichts zu suchen. Und wie Leute, die in jedem zweiten Satz sagen: \u201cAber die W\u00fcrde des Menschen ist unantastbar\u201d, st\u00e4ndig und manisch Verbrecher sch\u00fctzen m\u00fcssen, die die W\u00fcrde aller anderen Menschen und besonders der Frauen mit F\u00fcssen treten, ist jenseits von allem Entschuldbaren.<br \/>\n7.6.2018, Christa Blessing, AO<\/p>\n<p><strong><br \/>\nSusanna S. &#8211; Untersuchungsausschuss<br \/>\n<\/strong>Ein 14-j\u00e4hriges M\u00e4dchen j\u00fcdischer Herkunft wurde vergewaltigt und ermordet. Der mutma\u00dfliche T\u00e4ter floh zun\u00e4chst in den Irak, dort wurde er gefasst. Die Verfehlungen der Migrationspolitik m\u00fcssen offen gelegt werden, aber ohne Schnappatmung. Ein Untersuchungsausschuss w\u00e4re das richtige Mittel &#8230; Alles vom 8.6.2018 bitte lesen auf<br \/>\n<a href=\"https:\/\/www.cicero.de\/innenpolitik\/Susanna-F-Mord-Wiesbaden-Untersuchungsausschuss-Fluechtlinge-Irak-Migration\">https:\/\/www.cicero.de\/innenpolitik\/Susanna-F-Mord-Wiesbaden-Untersuchungsausschuss-Fluechtlinge-Irak-Migration<\/a><\/p>\n<p><strong>Fremdenfeinde?<\/strong><br \/>\nEs herrscht Entsetzen und Trauer und kein Frohlocken bei den sogenannten &#8222;Fremdenfeinden&#8220;<br \/>\nWer gegen den Islam und die unkontrollierte Einwanderung ist, ist kein Fremdenfeind. Man hat mit dem Verarbeiten des Geschehenen eben erst begonnen, da dr\u00f6hnt schon von allen Seiten das Propaganda-Geschw\u00e4tz, das Schlimmste an der Tat sei, dass es jene politische Kr\u00e4fte best\u00e4tigt, die davor warnten. Nein, ist es nicht. Mit Abstand nicht. Wie gleichgeschaltet Roboter beschimpfen sie jeden, der solche Taten verhindern m\u00f6chte, mit ihren ewig gleichen Hass-Vokabeln. Selbstverst\u00e4ndlich best\u00e4tigt ein solch brutaler Mord die Standpunkte jener, die exakt davor gewarnt hatten. Relativieren &#8211; auch in diesem Artikel angesichts einer solchen Tat.<br \/>\nZitiert v. D.W. ist das, was ich genauso meinen und ebenfalls so sehe<br \/>\n8.6.2018, Ann-Kathrin Gr\u00f6nhall, CO<\/p>\n<p><strong>Instrumentalisierung &#8211; kann ich nicht mehr h\u00f6ren<\/strong><br \/>\nIch kann diesen wirklich d\u00e4mlichen Vorwurf, der &#8222;Instrumentalisierung&#8220; wirklich nicht mehr h\u00f6ren.<br \/>\nAlles was passiert, ob wahr oder erfunden, wird von s\u00e4mtlichen politischen Parteien seit jeher &#8222;instrumentalisiert&#8220;. Wer das nicht begreift, hat Politik nicht verstanden.<br \/>\nEs ist auch v\u00f6llig legitim, ganz offensichtliche Missst\u00e4nde aufzugreifen, um einer politischen Forderung Nachdruck zu verleihen. Im konkreten Fall hat das Beschweigen und unter den Teppich kehren durch Regierung und geneigte Medien bereits unz\u00e4hlige Menschenleben in Deutschland zerst\u00f6rt.<br \/>\nDazu kann man nicht mehr schweigen!<br \/>\nDie Verursacher dieser Misere m\u00fcssen endlich zur Verantwortung gezogen werden!<br \/>\n8.6.2018, Michael Sander, CO<\/p>\n","protected":false},"excerpt":{"rendered":"<p>Nach Maria (in FR in der Dreisam ertr\u00e4nkt), Mia (in Kandel im Drogeriemarkt erstochen) und unz\u00e4hligen weiteren Einzelf\u00e4llen\u00a0der neueste Einzelfall in Wiesbaden: Susanna Feldman (14) wird von\u00a0Migranten aus dem Irak stundenlang vergewaltigt, dann erw\u00fcrgt und verscharrt. Auch dieser Sexualmord an &hellip; <a href=\"https:\/\/www.freiburg-schwarzwald.de\/blog\/susanna-von-irakern-ermordet\/\">Weiterlesen <span class=\"meta-nav\">&rarr;<\/span><\/a><\/p>\n","protected":false},"author":2,"featured_media":0,"comment_status":"open","ping_status":"closed","sticky":false,"template":"","format":"standard","meta":{"footnotes":""},"categories":[210,14,155,60,80,157,19],"tags":[672,612,732,725,421,622,650],"class_list":["post-67592","post","type-post","status-publish","format-standard","hentry","category-gewalt","category-global","category-integration","category-jugend","category-medien","category-oeffentlicher-raum","category-religion","tag-fluechtling","tag-frau","tag-gewalt","tag-integration","tag-islam","tag-migration","tag-sex"],"_links":{"self":[{"href":"https:\/\/www.freiburg-schwarzwald.de\/blog\/wp-json\/wp\/v2\/posts\/67592","targetHints":{"allow":["GET"]}}],"collection":[{"href":"https:\/\/www.freiburg-schwarzwald.de\/blog\/wp-json\/wp\/v2\/posts"}],"about":[{"href":"https:\/\/www.freiburg-schwarzwald.de\/blog\/wp-json\/wp\/v2\/types\/post"}],"author":[{"embeddable":true,"href":"https:\/\/www.freiburg-schwarzwald.de\/blog\/wp-json\/wp\/v2\/users\/2"}],"replies":[{"embeddable":true,"href":"https:\/\/www.freiburg-schwarzwald.de\/blog\/wp-json\/wp\/v2\/comments?post=67592"}],"version-history":[{"count":0,"href":"https:\/\/www.freiburg-schwarzwald.de\/blog\/wp-json\/wp\/v2\/posts\/67592\/revisions"}],"wp:attachment":[{"href":"https:\/\/www.freiburg-schwarzwald.de\/blog\/wp-json\/wp\/v2\/media?parent=67592"}],"wp:term":[{"taxonomy":"category","embeddable":true,"href":"https:\/\/www.freiburg-schwarzwald.de\/blog\/wp-json\/wp\/v2\/categories?post=67592"},{"taxonomy":"post_tag","embeddable":true,"href":"https:\/\/www.freiburg-schwarzwald.de\/blog\/wp-json\/wp\/v2\/tags?post=67592"}],"curies":[{"name":"wp","href":"https:\/\/api.w.org\/{rel}","templated":true}]}}