{"id":67554,"date":"2018-06-06T15:30:17","date_gmt":"2018-06-06T13:30:17","guid":{"rendered":"https:\/\/www.freiburg-schwarzwald.de\/blog\/?p=67554"},"modified":"2018-06-06T15:30:17","modified_gmt":"2018-06-06T13:30:17","slug":"nachhaltigkeit-7-10-juni-in-fr","status":"publish","type":"post","link":"https:\/\/www.freiburg-schwarzwald.de\/blog\/nachhaltigkeit-7-10-juni-in-fr\/","title":{"rendered":"Nachhaltigkeit 7-10-Juni in FR"},"content":{"rendered":"<p>&#8222;96 Stunden f\u00fcr morgen&#8220;: Unter diesem Motto finden vom 7. bis 10. Juni in diesem Jahr wieder die <a title=\"Nachhaltigkeitstage am Uniplatz\" href=\"https:\/\/www.freiburg-schwarzwald.de\/blog\/nachhaltigkeitstage-am-uniplatz\/\">Freiburger Aktionstage Nachhaltigkeit<\/a> statt. Mit rund 40 Veranstaltungen und Mitmachaktionen soll in der gesamten Stadt das Thema <a title=\"Bildung nachhaltige Entwicklung\" href=\"https:\/\/www.freiburg-schwarzwald.de\/blog\/bildung-nachhaltige-entwicklung\/\">Nachhaltigkeit<\/a> mit seinen vielen Facetten sichtbar gemacht werden. Programm der vier Tage unter\u00a0<a href=\"https:\/\/www.freiburg.de\/96h\">https:\/\/www.freiburg.de\/96h<\/a><br \/>\n.<br \/>\n<!--more-->Die Aktionstage stehen im Zeichen der <a title=\"SDGs \u2013 UN-Nachhaltigkeitsziele\" href=\"https:\/\/www.freiburg-schwarzwald.de\/blog\/sdgs-un-nachhaltigkeitsziele\/\">Freiburger Nachhaltigkeitsziele<\/a> und der globalen <a title=\"Nachhaltigkeit FR \u2013 Uni ISE IHK\" href=\"https:\/\/www.freiburg-schwarzwald.de\/blog\/nachhaltigkeit-fr-uni-ise-ihk\/\">Ziele der Vereinten Nationen<\/a> zur nachhaltigen Entwicklung, den sogenannten &#8222;<a title=\"Nachhaltigkeit\" href=\"https:\/\/www.freiburg-schwarzwald.de\/blog\/natur\/klima\/nachhaltigkeit\/\">Sustainable Development Goals<\/a>&#8222;. Verschiedene Schl\u00fcsselthemen einer nachhaltigen Entwicklung werden aufgegriffen und erlebbar gemacht.<br \/>\nOb F\u00fchrungen durch ein Passivhochhaus oder Kleidertauschb\u00f6rsen, B\u00fcchertische oder Upcycling-Workshops, der Bau eines Bienenhotels oder \u00f6kologische Gartenprojekte: Vereine, Bildungseinrichtungen, Unternehmen und engagierte Gruppen stellen an allen vier Aktionstagen von Donnerstag bis Sonntag in der Stadt und Stadtteilen in 96 Stunden vor, wie Nachhaltigkeit im Alltag umsetzbar ist. Was vom zusammen G\u00e4rtnern f\u00fcr Kinder auf dem Kinderabenteuerhof im Vauban \u00fcber regenerative Energien in der Berufsausbildung, Bachputzete mit den &#8222;Eisv\u00f6geln&#8220;, Ballspiele kennenlernen mit der &#8222;F\u00fcchsle-Ballschule&#8220; des Sportclubs Freiburg bis zu nachhaltigen Sanierungskonzepten im Wohnungsbau oder B\u00e4ume bestimmen reicht. Es gibt zum einen Angebote f\u00fcr Erwachsene, zum anderen auch f\u00fcr Kinder.<\/p>\n<p>Der zentrale Aktionstag findet am Samstag, 9. Juni, in der Innenstadt auf dem <a title=\"Platz-der-Alten-Synagoge\" href=\"https:\/\/www.freiburg-schwarzwald.de\/blog\/regio\/freiburg\/platz-der-alten-synagoge\/\"><strong>Platz der alten Synagoge<\/strong><\/a> von 14 bis 18 Uhr statt: Dort gibt\u2019s unter anderem eine gro\u00dfe Kleidertauschb\u00f6rse, eine Wasserbar, einen Fahrradparkour oder die Chance, sich seinen <a title=\"CO2\" href=\"https:\/\/www.freiburg-schwarzwald.de\/blog\/natur\/klima\/co2\/\">CO2-Fu\u00dfabdruck<\/a> zu errechnen.<\/p>\n<p>Zum Abschluss der Aktionstage stellen sich am Sonntag, 10. Juni, von 14 bis 22 Uhr im &#8222;Transformation Camp \u2013 Freiburg stimmt ein&#8220; im <strong>Eschholzpark<\/strong> zahlreiche Initiativen vor. Sie informieren \u00fcber ihre Arbeit und motivieren zum selbst aktiv werden.<\/p>\n<p>Die Freiburger Aktionstage Nachhaltigkeit 2018 sind Teil der landesweiten N!-Tage Baden-W\u00fcrttembergs, die unter dem Motto &#8222;Baden-W\u00fcrttemberg ist das Land der nachhaltigen Ideen&#8220; stehen und Teil der <a title=\"SDGs \u2013 UN-Nachhaltigkeitsziele\" href=\"https:\/\/www.freiburg-schwarzwald.de\/blog\/sdgs-un-nachhaltigkeitsziele\/\">Europ\u00e4ischen Nachhaltigkeitswoche<\/a> und der Deutschen Aktionstage Nachhaltigkeit sind. Sie finden bereits zum vierten Mal statt. Ziel ist es, Nachhaltigkeit erfahrbar zu machen und zum nachhaltigen Handeln anzuregen.<\/p>\n<p>Aktionstage Nachhaltigkeit Freiburg: 7. bis 10. Juni 2018.<br \/>\nProgramm der vier Tage unter <a href=\"https:\/\/www.freiburg.de\/96h\">https:\/\/www.freiburg.de\/96h<\/a><\/p>\n","protected":false},"excerpt":{"rendered":"<p>&#8222;96 Stunden f\u00fcr morgen&#8220;: Unter diesem Motto finden vom 7. bis 10. Juni in diesem Jahr wieder die Freiburger Aktionstage Nachhaltigkeit statt. Mit rund 40 Veranstaltungen und Mitmachaktionen soll in der gesamten Stadt das Thema Nachhaltigkeit mit seinen vielen Facetten &hellip; <a href=\"https:\/\/www.freiburg-schwarzwald.de\/blog\/nachhaltigkeit-7-10-juni-in-fr\/\">Weiterlesen <span class=\"meta-nav\">&rarr;<\/span><\/a><\/p>\n","protected":false},"author":2,"featured_media":0,"comment_status":"open","ping_status":"closed","sticky":false,"template":"","format":"standard","meta":{"footnotes":""},"categories":[18,36,49,141,157,68,172],"tags":[42,151,736,41,576,719],"class_list":["post-67554","post","type-post","status-publish","format-standard","hentry","category-bildung","category-engagement","category-freiburg","category-nachhaltigkeit","category-oeffentlicher-raum","category-umwelt","category-zukunft","tag-co2","tag-erneuerbare-energien","tag-hock","tag-nachhaltig","tag-offentlich","tag-umwelt"],"_links":{"self":[{"href":"https:\/\/www.freiburg-schwarzwald.de\/blog\/wp-json\/wp\/v2\/posts\/67554","targetHints":{"allow":["GET"]}}],"collection":[{"href":"https:\/\/www.freiburg-schwarzwald.de\/blog\/wp-json\/wp\/v2\/posts"}],"about":[{"href":"https:\/\/www.freiburg-schwarzwald.de\/blog\/wp-json\/wp\/v2\/types\/post"}],"author":[{"embeddable":true,"href":"https:\/\/www.freiburg-schwarzwald.de\/blog\/wp-json\/wp\/v2\/users\/2"}],"replies":[{"embeddable":true,"href":"https:\/\/www.freiburg-schwarzwald.de\/blog\/wp-json\/wp\/v2\/comments?post=67554"}],"version-history":[{"count":0,"href":"https:\/\/www.freiburg-schwarzwald.de\/blog\/wp-json\/wp\/v2\/posts\/67554\/revisions"}],"wp:attachment":[{"href":"https:\/\/www.freiburg-schwarzwald.de\/blog\/wp-json\/wp\/v2\/media?parent=67554"}],"wp:term":[{"taxonomy":"category","embeddable":true,"href":"https:\/\/www.freiburg-schwarzwald.de\/blog\/wp-json\/wp\/v2\/categories?post=67554"},{"taxonomy":"post_tag","embeddable":true,"href":"https:\/\/www.freiburg-schwarzwald.de\/blog\/wp-json\/wp\/v2\/tags?post=67554"}],"curies":[{"name":"wp","href":"https:\/\/api.w.org\/{rel}","templated":true}]}}