{"id":67547,"date":"2018-06-03T18:03:13","date_gmt":"2018-06-03T16:03:13","guid":{"rendered":"https:\/\/www.freiburg-schwarzwald.de\/blog\/?p=67547"},"modified":"2018-06-11T21:00:07","modified_gmt":"2018-06-11T19:00:07","slug":"vogelschiss-geschichte-politik","status":"publish","type":"post","link":"https:\/\/www.freiburg-schwarzwald.de\/blog\/vogelschiss-geschichte-politik\/","title":{"rendered":"Vogelschiss Geschichte  Politik"},"content":{"rendered":"<p><a title=\"Boateng \u2013 Gauland \u2013 Anne Will\" href=\"https:\/\/www.freiburg-schwarzwald.de\/blog\/boateng-gauland-anne-will\/\">Alexander Gauland<\/a> hat wieder einmal bewu\u00dft provoziert: &#8222;Hitler und die <a title=\"Nazi\" href=\"https:\/\/www.freiburg-schwarzwald.de\/blog\/religion\/juden\/nazi\/\">Nazis<\/a> sind nur ein Vogelschiss in \u00fcber tausend Jahren deutscher Geschichte&#8220;. Einhellige Kritik von<a title=\"Links\" href=\"https:\/\/www.freiburg-schwarzwald.de\/blog\/engagement\/zukunft\/demokratie\/links\/\"> links<\/a> wie auch von <a title=\"Kampf-gegen-Rechts\" href=\"https:\/\/www.freiburg-schwarzwald.de\/blog\/kultur\/medien\/kampf-gegen-rechts\/\">rechts<\/a>,\u00a0z.B. von Martin Lichtmesz (Buchautor &#8222;Mit Linken leben&#8220;) unter @lichtmesz, 2.6.2018: &#8222;#Gauland\u2019s Sager ist nicht wie manche von #H\u00f6cke\u2018s Schnitzern, die oft inhaltlich richtig waren. Er hat einfach in der Sache nicht recht.&#8220; <!--more--><br \/>\nDie Folgen vom Vogelschiss?\u00a0Keine. Die <a title=\"AfD\" href=\"https:\/\/www.freiburg-schwarzwald.de\/blog\/vereine\/partei\/afd\/\">AfD<\/a> wird weiter zunehmen. Die von der GroKo seit\u00a0<a title=\"Budapest-Dublin2015\" href=\"https:\/\/www.freiburg-schwarzwald.de\/blog\/global\/eu\/budapest-dublin2015\/\">Budapest 2015<\/a> unterst\u00fctzte Masseneinwanderung wird weiter anhalten. Die Presse (Bild, Welt, Faz, S\u00fcddeutsche, taz, Spiegel, Focus) hat ihre Headlines als Aufreger und kann so ablenken von BAMF-Skandal, Messerstechern und 800-Mrd-Target-Haftung.<br \/>\n.<br \/>\nF\u00fcr den Einzelnen (B\u00fcrger) wie die Gesellschaft (Staat) geht es um viel mehr: <em>&#8222;<a title=\"Alle Wuensche werden klein \u2026\" href=\"https:\/\/www.freiburg-schwarzwald.de\/blog\/alle-wuensche-werden-klein\/\">Alle W\u00fcnsche werden klein<\/a>, gegen den gesund zu sein.&#8220;<\/em> Solange \u00fcber offene <a title=\"Grenzen\" href=\"https:\/\/www.freiburg-schwarzwald.de\/blog\/global\/eu\/grenzen\/\">Grenzen<\/a> t\u00e4glich ca 600 Migranten illegal nach Deutschland kommen, kann unser Staat nicht gesund werden. Solange <a title=\"Merkel-muss-weg\" href=\"https:\/\/www.freiburg-schwarzwald.de\/blog\/engagement\/zukunft\/demokratie\/merkel-muss-weg\/\">Merkel&#8217;s<\/a> <a title=\"Willkommenskultur\" href=\"https:\/\/www.freiburg-schwarzwald.de\/blog\/global\/integration\/willkommenskultur\/\">Asylwahnsinn<\/a> <a title=\"Weiter so: Groko-Vertrag 7-2-18\" href=\"https:\/\/www.freiburg-schwarzwald.de\/blog\/weiter-so-groko-vertrag-7-2-18\/\">&#8222;weiter so&#8220;<\/a> anh\u00e4lt, k\u00f6nnen die Gauland&#8217;s provozieren und die G\u00f6ring-Eckardt&#8217;s emp\u00f6rt sein wie es ihnen beliebt &#8211; verbales Gepl\u00e4nkel zur Auflagesteigerung der <a title=\"Luegenpresse\" href=\"https:\/\/www.freiburg-schwarzwald.de\/blog\/kultur\/medien\/luegenpresse\/\">Medien<\/a> und zur <a title=\"Afd-Waehler \u2013 Angst Dummheit\" href=\"https:\/\/www.freiburg-schwarzwald.de\/blog\/afd-waehler-angst-dummheit\/\">Verdummung<\/a> der B\u00fcrger. 3.6.2018<br \/>\n.<br \/>\n<strong>Gauland bedauert Mi\u00dfverst\u00e4ndnisse zu &#8222;Vogelschiss&#8220;<\/strong><br \/>\n\u201eIch habe in einer Rede vom 2. Juni 2018 vor dem Bundeskongress der Jungen Alternative (JA) meine tiefste Verachtung f\u00fcr den Nationalsozialismus mit einem Sprachbild zum Ausdruck gebracht, das f\u00fcr Missverst\u00e4ndnisse sowie Missdeutung gesorgt hat. \u201aVogelschiss\u2018 ist und bleibt f\u00fcr mich der letzte Dreck, ein animalischer Auswurf mit dem ich den Nationalsozialismus verglichen habe. Ich muss aber zur Kenntnis nehmen, dass viele in dem Begriff eine unangemessene Bagatellisierung gesehen haben. Nichts lag mir ferner als einen solchen Eindruck entstehen zu lassen, was sich aus dem \u00fcbrigen Teil der Rede auch zweifelsfrei ergibt. Die entstandene Wirkung bedaure ich. Niemals war es meine Absicht, die Opfer dieses verbrecherischen Systems zu bagatellisieren oder gar zu verh\u00f6hnen.\u201c<br \/>\n4.6.2018<br \/>\n..<\/p>\n<p><strong>&#8222;Vogelschiss&#8220;-Rede von Alexander Gauland vom 02. Juni 2018 im gesamten Wortlaut<\/strong><br \/>\nLiebe Freunde,<br \/>\nals ich das letzte Mal bei Ihnen zu Gast sein durfte, schien der Bundestag noch eine uneinnehmbare Festung. Jetzt sind wir die gr\u00f6\u00dfte Oppositionspartei. Dass ist weniger unser als Ihrer allerlei Leistung. Ohne ihr \u201eAnpacken\u201c in allen Landesverb\u00e4nden, s\u00e4\u00dfen die 92 nicht im alten Reichstag. Und Sie haben der Partei noch etwas voraus, was wir nachmachen m\u00fcssen: Zusammenhalt und Einigkeit. Ja liebe Freunde, wir haben das Land schon ver\u00e4ndert. Es ist wieder sagbar geworden, was unterzugehen drohte. Wir sind Deutsche, wir sind stolz darauf, wir lieben dieses Land.<br \/>\nEs gibt Menschen in diesem Land, die weder mit deutscher Geschichte noch mit deutscher Kultur etwas anfangen k\u00f6nnen. Aber liebe Freunde, Integration kann nur in etwas stattfinden, das einen Eigenwert verk\u00f6rpert, dass den Fremden stolz macht, dazu zu geh\u00f6ren.<br \/>\nWer dieses Land nicht liebt, wer seine Kultur und Geschichte verachtet, kann und wird niemanden integrieren. Denn der Neub\u00fcrger will stolz sein, er will zu etwas Wertvollem dazugeh\u00f6ren. Deshalb sind die Deutschland-Abschaffer die wahren Fremdenfeinde.<br \/>\nJa, ich wei\u00df, nach 1945 wollten manche Deutsche das Deutschsein wie eine alte zerfetzte Wehrmachtsuniform ablegen und in Europa aufgehen. Doch das wollte niemand au\u00dfer ihnen. Die Briten hatten nie die Absicht ihre Jahrhunderte alte Monarchie gegen die Br\u00fcsseler Eurokratie zu tauschen. Aber auch Franzosen und Italiener hatten und haben nicht vor, von Frankreich und Italien zuerst abzugehen.<\/p>\n<p>Deshalb liebe Freunde, die Italiener haben jedes Recht ihr Schicksal in die eigenen H\u00e4nde zu nehmen \u2013 aber bitte nicht mit deutschem Steuergeld. Unsere Partei wurde gegr\u00fcndet als Anti-Euro-Partei. Wie Recht wir hatten, kann man heute sehen. Es funktioniert nicht, um unterschiedliche Volkswirtschaften eine einheitliche W\u00e4hrung zu legen und zu glauben, nationale Wirtschaftskulturen damit aushebeln zu k\u00f6nnen. Aber liebe Freunde, es funktioniert eben auch nicht, Menschen aus fremden Kulturen ins Land zu lassen und zu glauben, diese Menschen w\u00fcrden im Handumdrehen zu Deutschen. Wie hat Frau G\u00f6ring-Eckardt so falsch formuliert: \u201eWir haben Menschen geschenkt bekommen.\u201c Und das hat die Leiterin der Bremer Asylau\u00dfenstelle schon richtig verstanden. Einem geschenkten Gaul guckt man nicht ins Maul. Da haben Beamte umgesetzt, was die Politik von ihnen wollte \u2013 m\u00f6glichst schnelle Annahme aller Geschenke.<\/p>\n<p>Aber liebe Freunde, die Zeiten haben sich ge\u00e4ndert, wir sind jetzt da und durchleuchten diese Geschenke und wir wollen wissen, warum ohne Beteiligung des Deutschen Bundestages die Grenzen ge\u00f6ffnet und rund eine Million Afrikaner ins Land gelassen wurden, die uns allein 2017 20 Milliarden Euro kosten.<br \/>\nDoch, wenn man daran erinnert und die fast t\u00e4glichen Messerattacken und -\u00fcbergriffe thematisiert, dann reden die anderen davon, wir spalten die Gesellschaft. Aber nicht wir haben die Gesellschaft gespalten, es waren die Politiker und ihre Helfershelfer, die dieses Land dem Unheil ge\u00f6ffnet haben. Nicht der ist schuld, der Feuer ruft, sondern der, der den Brand gelegt hat. Und noch heute darauf beharrt, dies sei richtig gewesen. Die Zust\u00e4nde im BAMF sind Ausdruck einer gesellschaftlichen Haltung, die jede Selbstbehauptung aufgegeben hat und uns beibringen will, als Volk zuerst in Europa und dann in der Welt aufzugehen. Aber wir wollen weder in der Welt noch in Europa aufgehen.<br \/>\nWir haben eine ruhmreiche Geschichte, die l\u00e4nger dauerte als 12 Jahre und nur wenn wir uns zu dieser Geschichte bekennen, haben wir die Kraft, die Zukunft zu gestalten. Ja, wir bekennen uns zu unserer Verantwortung f\u00fcr die 12 Jahre, aber liebe Freunde, Hitler und <strong><em>die Nazis sind nur ein Vogelschiss in unserer \u00fcber tausendj\u00e4hrigen Geschichte. Und die gro\u00dfen Gestalten der Vergangenheit<\/em><\/strong>, von Karl dem Gro\u00dfen \u00fcber Karl den V., bis zu Bismarck sind der Ma\u00dfstab an dem wir unser Handeln ausrichten m\u00fcssen. Grade weil wir die Verantwortung f\u00fcr die 12 Jahre \u00fcbernommen haben, haben wir jedes Recht, den Stauferkaiser Friedrich II., der in Palermo ruht, zu bewundern. Der Bamberger Reiter geh\u00f6rt zu uns, wie die Stifterfiguren des Naumburger Doms. Liebe Freunde, denken wir immer daran, dass ein deutscher Jude, Ernst Kantorowicz den Ruhm des Stauferkaisers beschrieben hat. Nein, der Islam geh\u00f6rt nicht zu uns, unsere Vorfahren haben ihn 1683 vor Wien besiegt. Aber das deutsche Judentum, von Ballin und Bleichr\u00f6der \u00fcber Rathenau und Kantorowicz war Teil einer deutschen Heldengeschichte, die Hitler vernichten wollte.<\/p>\n<p>Liebe Freunde, uns muss man nicht vom Unwert des Nationalsozialismus \u00fcberzeugen, wir haben diesen Unwert im Blut. Aber liebe Freunde, wer eine Rotkreuzflagge aus den letzten Tagen des Kampfes um Berlin entsorgt, wie die Bundesverteidigungsministerin, hat keine Achtung vor soldatischen Traditionen, die es jenseits der Verbrechen auch in der Wehrmacht gab.<br \/>\nIch war befreundet mit dem jetzt leider verstorbenen britischen Historiker Lord Blake, dem gro\u00dfen Disraeli-Biografen, und der hat mir gesagt, wenn General Feldmarschall Rommel am 08. Mai 1945 in Wehrmachtsuniform am Trafalgar Square gestanden h\u00e4tte, h\u00e4tten ihm die Briten freundlich die Hand gegeben.<br \/>\nZu unserer Geschichte geh\u00f6ren: Ro\u00dfbach, Leuthen und Hohenfriedberg, D\u00fcppel und K\u00f6niggr\u00e4tz, Mars la Tour und Sedan aber eben auch Verdun und El Alamein und ich bin froh, dass eine neue Generation dieser Tradition unvoreingenommen gegen\u00fcber steht.<br \/>\nLassen Sie uns gemeinsam das Gute bewahren und aus dem Schlechten lernen. Die Junge Alternative soll leben, sie ist die Zukunft der Partei.&#8220;<br \/>\n2.6.2018, Alexander Gauland<br \/>\n<a href=\"https:\/\/www.afdbundestag.de\/vollstaendige-rede-dr-alexander-gaulands-vom-02-juni-2018\/\">https:\/\/www.afdbundestag.de\/vollstaendige-rede-dr-alexander-gaulands-vom-02-juni-2018\/<\/a><\/p>\n<p>.<\/p>\n<p><strong>Gauland sollte abtreten<\/strong><br \/>\nDiese S\u00e4tze von AfD-Chef Alexander Gauland k\u00f6nnten den Anfang vom Ende des H\u00f6henflugs seiner Partei einl\u00e4uten, ihr Potenzial auf allein Rechtsau\u00dfen schrumpfen lassen \u2013 wenn sich in der Partei nach solchen Schoten auch k\u00fcnftig nichts regt. Die S\u00e4tze stehen hier im Zusammenhang, weil im Netz inzwischen allerorten die Rede davon ist, sie seien aus demselben gerissen. Sie haben es in sich. Sogar Roger K\u00f6ppel, Schweizer Publizist, SVP-Politiker Herausgeber der provokant-konservativen \u201eWeltwoche\u201c und gewiss nicht der \u00e4rgste Feind der AfD, postete dazu auf Facebook: \u201eUnd wer hat Gauland ins Hirn geschi\u2026? Der Mann sollte abtreten.\u201c<br \/>\n&#8230;. Alles vom 3.8.2018 bitte lesen auf<br \/>\n<a href=\"https:\/\/www.achgut.com\/artikel\/sind_die_millionen_juden_durch_einen_vogelschiss_umgekommen\">https:\/\/www.achgut.com\/artikel\/sind_die_millionen_juden_durch_einen_vogelschiss_umgekommen<\/a><br \/>\n.<\/p>\n<p><strong>Wer die AfD schw\u00e4chen will, muss Merkel abw\u00e4hlen<\/strong><br \/>\nGauland: \u00bbWir haben eine ruhmreiche Geschichte. Und die, liebe Freunde, dauerte l\u00e4nger als die verdammten zw\u00f6lf Jahre. Und nur wenn wir uns zu dieser Geschichte bekennen, liebe Freunde, haben wir die Kraft, die Zukunft zu gestalten. Ja, wir bekennen uns zu unserer Verantwortung f\u00fcr die zw\u00f6lf Jahre. Aber, liebe Freunde, Hitler und die Nazis sind nur ein Vogelschiss in \u00fcber tausend Jahren deutscher Geschichte.\u00ab &#8230;.<br \/>\nEs wird spekuliert, ob Gaulands Spruch und dessen mediale Ausbreitung den Wahlchancen der AfD verringern werden. \u2013 Nein, wird er nicht.<br \/>\nDas wahlrelevante Dilemma hinter dem neuen Gauland-Skandal (und allen fr\u00fcheren wie auch folgenden) bleibt: Gauland verh\u00f6hnt die Toten von damals, Merkel nimmt neue Tote in Kauf. Selbstverst\u00e4ndlich w\u00e4re es so viel w\u00fcnschenswerter, wenn jemand weder-noch t\u00e4te, und eine solche Partei h\u00e4tte das Potential die neue CDU zu werden, doch die, w\u00f6rtliche, Alternative heute ist nunmal: Verh\u00f6hnung der Toten von damals oder Inkaufnahme neuer Toter? Was ist schlimmer, oder, besser: Was ist weniger schlimm?<br \/>\nGaulands Spruch wird bewirken, dass einige Menschen, die AfD w\u00e4hlen wollten und dabei Bauchweh hatten, AfD w\u00e4hlen werden und dabei noch mehr Bauchweh haben werden. Das ist alles.<br \/>\nSolange Merkel und die gr\u00fcne Meinungsmaschine das Land in den Abgrund f\u00fchren, gilt: Wer die AfD st\u00e4rker machen will, kann die AfD w\u00e4hlen \u2013 oder eine der anderen Parteien, wie sie jetzt aufgestellt sind. Wer die AfD schw\u00e4chen will, der muss endlich (!!!!) der Realit\u00e4t ins Gesicht sehen, der muss Asyl-Korruption auf einmal aufdecken und beenden. Er muss vorlegen, wie er alle die Menschen ohne Asylaussicht aus dem Land bekommen m\u00f6chte. Er muss die Gefahren von Ideologien ehrlich benennen. Er muss sehen und realisieren, was in immer mehr Stra\u00dfen und Schulen los ist. Wer die AfD demokratisch bek\u00e4mpfen will, der muss sich den Problemen des Landes stellen, beginnend mit den gr\u00f6\u00dften und dr\u00e4ngendsten: Wer AfD und Gauland schw\u00e4chen will, muss zuerst Merkel abw\u00e4hlen \u2013 und sei es durch ein Misstrauensvotum. &#8230;<br \/>\nAlles vom 3.6.2018 bite lesen auf<br \/>\n<a href=\"https:\/\/dushanwegner.com\/afd-gauland-merkel-abwaehlen\/\">https:\/\/dushanwegner.com\/afd-gauland-merkel-abwaehlen\/<br \/>\n<\/a>\u00a0.<br \/>\n<strong>Sind die Millionen Juden durch einen Vogelschiss umgekommen?<\/strong><br \/>\nG\u00e4be es die AfD nicht, h\u00e4tte so ziemlich jeder Druck gefehlt, die Fl\u00fcchtlingspolitik auch nur auf halbwegs schaffbare Gleise zu heben. Und, nebenbei, bei all denen, die die AfD am liebsten mit physischer Gewalt auf den Scheiterhaufen verfrachten wollten, w\u00fcrde mich schon mal die Antwort auf die Frage interessieren: Wie stellen sie sich eine Welt ohne AfD vor? Alle W\u00e4hler auch gleich auf den Scheiterhaufen? Rechtes Spektrum wegdenken? Nichtw\u00e4hler \u00fcber 50 Prozent? Konservative nur noch in der APO, nur noch Pegida? W\u00e4re dies das Paradies?<br \/>\nSo jedenfalls ist die Lage, so hat sich der Zulauf der AfD nahezu automatisch ergeben, zu einem nicht unerheblichen Teil ohne ihre eigenes Zutun. Sie h\u00e4tte die Lage geschickt beherrschen, mit den anderen spielen k\u00f6nnen, solange noch niemand sonst den R\u00fcckmarsch zum Konservativen Lager findet. Dies freilich w\u00e4re nicht dauerhaft garantiert, die CSU, immerhin, hat schon mal die Wandersocken aus dem Schrank geholt, die FDP die Karte schon rausgeholt (Frauke Petrys Blaue und Bernd Luckes Alpha m\u00fcssen indes erst noch gehen lernen). Man ahnt zumindest, wo die Konkurrenz wom\u00f6glich herkommen k\u00f6nnte.<br \/>\nJetzt aber ist die AfD dabei, diese \u2013 in ihren eigenen Augen doch sicher \u2013 historische Chance zu verspielen. Wenn Gauland meint, sein Potenzial ausschlie\u00dflich rechtsau\u00dfen zu finden, dann hat er beim Treffen der Jungen Alternativen die richtigen Worte gefunden: \u201eVogelschiss\u201c. Er h\u00e4tte ansonsten ja auch sagen k\u00f6nnen, die deutsche Geschichte best\u00fcnde auch aus anderen Zeiten als den Hitlerjahren, aus hundertmal so vielen anderen Jahren, gest\u00f6rt h\u00e4tte es kaum jemand, die Zustimmung w\u00e4re breit gewesen. Das hat er auch gesagt, ja, aber er meinte eben auch gleich noch, die Nazi-Opfer und ihre Nachfahren verh\u00f6hnen zu m\u00fcssen.<br \/>\nSind die Millionen Juden durch einen Vogelschiss umgekommen? Sollen sich die Nachfahren heute einfach nicht mehr so anstellen, war doch alles nur ein Vogelschiss? Wozu sonst hat er den Begriff angef\u00fcgt? Soll man jedes Jahr am 31. Januar im Bundestag \u2013 in Anwesenheit von Gauland und denen, die seine Worte guthei\u00dfen \u2013 eine w\u00fcrdige Gedenkstunde wegen eines einzigen, nebens\u00e4chlichen Vogelschisses veranstalten? War die Auschwitz-Befreiung \u2013 nur ein Witz, die beil\u00e4ufige Entfernung eines winzigen, wenige Gramm schweren Malheurs? Wollte er das sagen? &#8230;<br \/>\nAlles von Ulli Kulke vom 3.6.2018 bitte lesen auf<br \/>\n<a href=\"https:\/\/www.achgut.com\/artikel\/sind_die_millionen_juden_durch_einen_vogelschiss_umgekommen\">https:\/\/www.achgut.com\/artikel\/sind_die_millionen_juden_durch_einen_vogelschiss_umgekommen<br \/>\n.<\/a><\/p>\n<p><strong>Mi\u00dfbrauch des Wortes &#8222;Nazi&#8220;<\/strong><br \/>\nUnzweifelhaft ist doch, dass der linksgr\u00fcne Mainstream aus der Nazi-Zeit ein Operettenst\u00fcck macht, indem jeder, der eine andere Meinung als Merkel und deren Nachplapperer bzw. deren Vort\u00e4nzer im Geiste (die Gr\u00fcnen) hat, als \u201cNazi\u201d, also als Massenm\u00f6rder, Kriegsanstifter, Kriegsverbrecher u.v.m. bezeichnet wird. Und kein deutscher Richter, kein deutscher Politiker der Systemparteien, findet etwas dabei\u2026 In diesem diffamierenden Missbrauch des Wortes \u201cNazi\u201d liegt doch die perfide B\u00f6sartikeit, welche jeden Hinterbliebenen, jedes Opfer von Krieg und Holocaust in rasende Wut bringen m\u00fcsste\u2026 Eigenlich m\u00fcsste der j\u00fcdische Weltkongress knallhart und kompromisslos gegen diesen Missbrauch vorgehen.<br \/>\n3.6.2018, Thomas Weidner, AO<br \/>\n.<br \/>\n<strong>Hitlerjahre als Zwangsjacke<\/strong><br \/>\nSicherlich war die Wortwahl von Herrn Gauland etwas ungl\u00fccklich. Auch in diesem Artikel wird deutlich, wenn etwas aus dem Zusammenhang gerissen wird. Was mich pers\u00f6nlich st\u00f6rt, dass die Hitlerjahre mit ihren Geschenissen z.B. Holocaust, den heute lebenden Deutschen als Zwangsjacke \u00fcbergest\u00fclpt wird. Warum wurden in diesem Zusammenhang die Kreuzz\u00fcge, an denen die Deutschen auch beteiligt waren, wo auch tausende von Juden umgebracht wurden, nicht mit genannt? So h\u00e4tte man eine zweite Zwansjacke f\u00fcr die Deutschen. Was aber nicht nur f\u00fcr mich, sondern auch f\u00fcr viele andere, dass nichts gegen die Gebaren und das Verhalten der Antifa getan wird. Ist es Zufall, dass in vielen Verhaltensformen der Antifa mit denen aus der Nazizeit eine \u00dcbereinstimmung vorhanden ist? Die d\u00fcrfen sich Verh\u00fcllen und die Moslems sollen ihre \u201cVerh\u00fcllungen\u201d ablegen. WARUM? Schlussfolgerung: Alles was in Deutschland der Einsch\u00fcchterung der Bev\u00f6lkrung dient ist erlaubt!<br \/>\n3.6.2018, Rolf Haupt, AO<\/p>\n<p><strong>Gaulandkritiker als Heuchler<\/strong><br \/>\nIch habe die ganze Rede gelesen und habe nicht das Gef\u00fchl, dass er relativiert hat. Ich,\u00a0<strong><em>Migrantin mit j\u00fcdichen Wurzel<\/em><\/strong>n, hatte es so verstanden, dass sich Deutschland nicht auf 12 Jahre morden reduzieren soll, was es oft macht. So, wie ich das verstanden habe, hatte er es auch verurteilt. Die meisten Menschen haben mit diesen Verbrecher und M\u00f6rder schon aus altegr\u00fcnden nichts zutun, sons w\u00fcrde ich hier nicht leben. Mir macht eher Angst, das gerade die, die Herrn Gauland verteufeln, sind die, die Antisemiten milionenfach nach Deutschland bringen, die die Hamas finanziel unterst\u00fctzen, die den Iran lobhudeln und Israel diffamieren wo sie nur k\u00f6nnen, sie w\u00fcrden Israel nicht gestatten sich zu w\u00e4hren. Ja das sind die Heuchler, die sich jetzt eschauffieren und das sind die richtigen. Israel wird jeden Tag von Hamas beschossen und was h\u00f6ren wir von diesen Heuchlern NICHTS.<br \/>\n3.6.3028, Susanne Antalic, AO<br \/>\n.<br \/>\n<strong>Gauland-Rede zu Israel anh\u00f6ren<\/strong><br \/>\nHerr Kullke,h\u00f6ren Sie sich doch nochmal die Rede von Herrn Gauland im deutschen Bundestsg anl\u00e4sslich des 70.Jahrestages der Gr\u00fcndung Israels an,dann wissen Sie,oder k\u00f6nnten es wissen,wie dieser Mann \u00fcber die Verbrechen aus diesen 12 Jahren denkt.Das war absolut ehrlich,w\u00fcrdig,eine der besten Reden zu diesem Thema .Es ist nicht fair,bei jeder \u00c4u\u00dferung eines AfD \u2014Politikers sofort die eine anst\u00f6\u00dfige,wirklich dumme oder nur leichtfertig und un\u00fcberlegt get\u00e4tigte Wortwahl herauszupicken ,sich daraufzust\u00fcrzen,um zu \u201ebeweisen\u201c,wie uns\u00e4glich diese Partei sei.M\u00fchelos k\u00f6nnte man 100te S\u00e4tze von Politikern aller Parteien,einschlie\u00dflich A.M. Zitieren,die bestenfalls nichtssagend,dumm oder sogar skandal\u00f6s sind.Dem Kommentar von Toni Keller kann ich mich nur anschlie\u00dfen.<br \/>\n3.6.2018, Elisabeth Zillmann, AO<br \/>\n.<br \/>\n&#8222;<strong>Nazi&#8220; verh\u00f6hnt Naziopfer<\/strong><br \/>\nHerr Kulke, es ist schade, dass sich die Achse in den Ductus der Mainstreammedien und der Parteien einreiht, sehr schade. Schlimmer als Gaulands \u00c4u\u00dferungen, deren Wortwahl ich nicht teile, ist der inflation\u00e4re Missbrauch des Begriffs \u201cNazi\u201d im Kontext mit der AfD der jedesmal die Opfer der echten Nazis verh\u00f6hnt und demokratische Tugenden und Regularien der Gegenwart, die sich nun einmal und mit wachsendem Abstand 73 Jahre vom Dritten Reich entfernt abspielt dessen Protagonisten weitgehend ausgestorben sind. Man erinnere sich daran, dass bereits die AfD unter Lucke, als es noch v\u00f6llig andere Themen gab, die Grenzen noch Grenzen waren und das Volk (steht so im Grundgesetz der Ausdruck, 8 mal) noch nicht zu \u201cdenen, die schon l\u00e4nger hier sind\u201d degradiert worden ist. Es ist nur eine Frage der Zeit bis die Begriffe \u201cNationalmannschaft\u201d und \u201cNationalhymne\u201d als verd\u00e4chtig eingestuft werden wohl. Gauland macht mir keine Angst, aber offene Grenzen und (frei nach Karl Lagerfeld) der Import weiterer 4 x 220.000 potentiellen Antisemiten bis 2021 in die deutschen Sozialsysteme.<br \/>\n3.6.2018, Hans-Jacob Heidenreich, AO<\/p>\n<p>.<\/p>\n<p>Unbest\u00e4tigten Ger\u00fcchten zufolge sind rund eine Million W\u00e4hler von der CDU zur AfD \u00fcbergelaufen. Das Wahlprogramm der AfD weist nicht nur zahlreiche Parallelen zum Wahlprogramm der CDU\/CSU von 2002 auf, ein Teil der Forderungen und Vorschl\u00e4ge der AfD wurde von der CDU zwar verteufelt aber inzwischen klammheimlich \u00fcbernommen. Herr Fricker t\u00e4te gut daran sachlich zu kommentieren und sich nicht an der undemokratischen Hetze gegen die AfD zu beteiligen. Einigen Kommentatoren hier im Forum sei gesagt, dass Art.3 (3) GG die Diskriminierung politischer Anschauungen ausdr\u00fccklich verbietet und auch in beide Richtungen gilt.<br \/>\n4.6.2018, Gerhard Huber, BZO<\/p>\n<p><strong>Schlimm, Schlimmer, am Schlimmsten &#8230; Nicht Gauland, sondern die Doppelmoral der Kommentatoren<\/strong><br \/>\nWenn eine Bundestagsvizepr\u00e4sidentin, nachweislich hinter einem antideutschen Transparant hinterherlaufen durfte, ohne dass es in Deutschland eine bundesweite Emp\u00f6rung gab,<br \/>\nhttps:\/\/www.epochtimes.de\/politik\/deutschland\/deutschland-verrecke-der-traum-aller-anti-deutschen-a2159298.html (Aufschrei eines Antifa-Combo-Mitgliedes wird erwartet.)<br \/>\nWenn eine Bundeskanzlerin Europaweit eigenm\u00e4chtig handelt, und dabei all die vielen Warnungen anderer Mitgliedsstaaten in den Wind schl\u00e4gt und die Folgen \u00fcber Generationen hinaus f\u00fcr Europa den Suizid seiner christlichen Ausrichtung bedeutet,<br \/>\nWenn Kandidaten, die nicht der allgegenw\u00e4rtigen politischen Meinung entsprechen und dahin gehend verurteilt werden, dass die Antifa-Combo in terroristischer Art und Weise B\u00fcgermeisterwahlen beeinflusst,<br \/>\nWenn Bundesparteitage oder Landesparteitage durch linke Terroristen belagert werden,<br \/>\nWenn das alles zutrifft, ist dieses Land seinem Untergang geweiht.<br \/>\nWas hat dieses Land &#8211; au\u00dfer den 12 furchtbaren, grausamen und menschenunw\u00fcrdigen Jahren &#8211; seit seinem Bestehen gemacht?<br \/>\nWelche \u00fcberragende Intelligenz hat es hervorgebracht?<br \/>\nWelche politischen, gesellschaftlichen und christliche Pers\u00f6nlichkeiten mit weltweiter Anerkennung und Rang hat es hervorgebracht?!<br \/>\nWelch reine Sch\u00f6nheit besitzt diese Deutsche Sprache? F\u00fcr die wir in der ganzen Welt bewundert werden!<br \/>\nWarum m\u00f6chten, in meinen Augen Verr\u00fcckte und Besserwisser, ihre Heimat auf die zw\u00f6lf schlimmsten Jahre reduziert wissen &#8211; obwohl die meisten heute Lebenden damals nicht dabei waren und dieses Zeitgeschehen entweder nur aus den Geschichtsb\u00fcchern oder aus den Erz\u00e4hlungen ihrer Gro\u00dfeltern (was nach meinen Erfahrungen am ehrlichsten und den Tatsachen am n\u00e4hesten kommt) ?<br \/>\nKein Land der Erde verh\u00e4lt sich so zu seiner Geschichte in einer krankhaften Doppelmoral, wie die Deutschen.<br \/>\nWer die Geschichte nach Ende des Krieges kennt, wei\u00df, dass viele, sehr viele &#8222;Alt-Nazis&#8220; im neuen Bundestag nach 1948 gesessen sind und entscheidende Punkte der Deutschen Nachkriegsgeschichte mitgestaltet haben.<br \/>\nUnd zum Schluss: In welchen Parteien sa\u00dfen sie denn? Diese Nazis!<br \/>\n<a href=\"https:\/\/de.wikipedia.org\/wiki\/Liste_ehemaliger_NSDAP-Mitglieder,_die_nach_Mai_1945_politisch_t\u00e4tig_waren\">https:\/\/de.wikipedia.org\/wiki\/Liste_ehemaliger_NSDAP-Mitglieder,_die_nach_Mai_1945_politisch_t\u00e4tig_waren<\/a><br \/>\n&#8230;.<br \/>\nWelche Ziele verfolgen Merkel und die CDU mit ihren Handlungen?<br \/>\n&#8222;Allein herrschende Entscheidungen wie September 2015&#8220; und &#8222;Bamf-Skandal&#8220;, nur ein kleiner Teil der Verfehlungen zu nennen, folgen derselben Strategie<br \/>\nDer Geschichtsrevisionismus der CDU \/ SPD \/ FDP kann insofern nicht getrennt betrachtet werden von den vielen Nazis, die in den Reihen der CDU anderen menschenfeindlichen \u00c4u\u00dferungen, die z. B. auch Merkel noch in den Jahren 2002 bis 2005 (siehe Youtube) vorgetragen hatten. Wenn Frau Merkel von \u00bbnat\u00fcrlich muss man dar\u00fcber sprechen, dass es den Missbrauch des Asylrechtes gibt\u00ab (<a href=\"https:\/\/youtu.be\/PMkKz6laAGo\">https:\/\/youtu.be\/PMkKz6laAGo<\/a>) spricht, wenn Helmut Schmidt betonte \u00bbWir m\u00fcssen eine weitere Zuwanderung aus fremden Kulturen unterbinden\u00ab (<a href=\"https:\/\/www.focus.de\/politik\/deutschland\/helmut-schmidt-ii_aid_95473.html\">https:\/\/www.focus.de\/politik\/deutschland\/helmut-schmidt-ii_aid_95473.html<\/a>), wenn ein Deniz Y\u00fckcel frohlockt \u00bbDer baldige Abgang der Deutschen ist V\u00f6lker\u00adsterben von seiner sch\u00f6nsten Seite\u00bb und Joschka Fischer meint, man m\u00fcsse \u00bbDeutsche Helden m\u00fcsste die Welt, tollw\u00fctigen Hunden gleich, einfach totschlagen\u00ab, dann geht es immer darum, ein Kategoriensystem neu zu etablieren, dem das Land nach 1945 abgeschworen hatte: Zwischen Menschen von Wert und Menschen, die weniger Wert haben.<br \/>\nEs geht dabei nicht darum, Deutschland zu erregen. Im Gegenteil. Es geht darum, das Land zu erm\u00fcden und zu l\u00e4hmen. Es geht darum, die Wachsamkeit der deutschen Gesellschaft zu zerm\u00fcrben.&#8220;<br \/>\nNur darum geht es, um die Spaltung der Deutschen voran zu treiben.<br \/>\n4.6.2018, Konrad Ohnemus, BZO<\/p>\n<p>Es ist schon bezeichend und auff\u00e4llig, wie Politik und (bestimmte!) Zeitungen d&#8217;ac\u00adcord und geschmeidig zusammenarbeiten.<br \/>\nF\u00fcr mich ist es sogar erschreckend, wenn ein verbaler &#8222;Vogelschiss&#8220; h\u00f6her bewertet wird, als das beh\u00f6rdliche Versagen des Bundesamtes f\u00fcr Migration und Fl\u00fcchtlinge und dem damit verbundenen politischen Versagen.<br \/>\nDie Qualit\u00e4t von Entscheidungen spielte kaum mehr eine Rolle, Qualit\u00e4t wurde ersetzt durch Quantit\u00e4t.<br \/>\n4.6.2018, Peter Ganter, BZO<\/p>\n<p><a href=\"https:\/\/www.achgut.com\/artikel\/sind_die_millionen_juden_durch_einen_vogelschiss_umgekommen\">\u00a0<\/a><\/p>\n","protected":false},"excerpt":{"rendered":"<p>Alexander Gauland hat wieder einmal bewu\u00dft provoziert: &#8222;Hitler und die Nazis sind nur ein Vogelschiss in \u00fcber tausend Jahren deutscher Geschichte&#8220;. Einhellige Kritik von links wie auch von rechts,\u00a0z.B. von Martin Lichtmesz (Buchautor &#8222;Mit Linken leben&#8220;) unter @lichtmesz, 2.6.2018: &#8222;#Gauland\u2019s &hellip; <a href=\"https:\/\/www.freiburg-schwarzwald.de\/blog\/vogelschiss-geschichte-politik\/\">Weiterlesen <span class=\"meta-nav\">&rarr;<\/span><\/a><\/p>\n","protected":false},"author":2,"featured_media":0,"comment_status":"open","ping_status":"closed","sticky":false,"template":"","format":"standard","meta":{"footnotes":""},"categories":[155,80,172],"tags":[633,337,670,626,525,438],"class_list":["post-67547","post","type-post","status-publish","format-standard","hentry","category-integration","category-medien","category-zukunft","tag-demokratie","tag-historie","tag-nazi","tag-partei","tag-politik","tag-zeitung"],"_links":{"self":[{"href":"https:\/\/www.freiburg-schwarzwald.de\/blog\/wp-json\/wp\/v2\/posts\/67547","targetHints":{"allow":["GET"]}}],"collection":[{"href":"https:\/\/www.freiburg-schwarzwald.de\/blog\/wp-json\/wp\/v2\/posts"}],"about":[{"href":"https:\/\/www.freiburg-schwarzwald.de\/blog\/wp-json\/wp\/v2\/types\/post"}],"author":[{"embeddable":true,"href":"https:\/\/www.freiburg-schwarzwald.de\/blog\/wp-json\/wp\/v2\/users\/2"}],"replies":[{"embeddable":true,"href":"https:\/\/www.freiburg-schwarzwald.de\/blog\/wp-json\/wp\/v2\/comments?post=67547"}],"version-history":[{"count":0,"href":"https:\/\/www.freiburg-schwarzwald.de\/blog\/wp-json\/wp\/v2\/posts\/67547\/revisions"}],"wp:attachment":[{"href":"https:\/\/www.freiburg-schwarzwald.de\/blog\/wp-json\/wp\/v2\/media?parent=67547"}],"wp:term":[{"taxonomy":"category","embeddable":true,"href":"https:\/\/www.freiburg-schwarzwald.de\/blog\/wp-json\/wp\/v2\/categories?post=67547"},{"taxonomy":"post_tag","embeddable":true,"href":"https:\/\/www.freiburg-schwarzwald.de\/blog\/wp-json\/wp\/v2\/tags?post=67547"}],"curies":[{"name":"wp","href":"https:\/\/api.w.org\/{rel}","templated":true}]}}