{"id":67543,"date":"2018-06-02T21:42:08","date_gmt":"2018-06-02T19:42:08","guid":{"rendered":"https:\/\/www.freiburg-schwarzwald.de\/blog\/?p=67543"},"modified":"2018-06-02T21:46:19","modified_gmt":"2018-06-02T19:46:19","slug":"freiburgs-muensterturm-saniert","status":"publish","type":"post","link":"https:\/\/www.freiburg-schwarzwald.de\/blog\/freiburgs-muensterturm-saniert\/","title":{"rendered":"Freiburgs M\u00fcnsterturm saniert"},"content":{"rendered":"<p>Seit 2006 kann der <a title=\"Muensterturm\" href=\"https:\/\/www.freiburg-schwarzwald.de\/blog\/religion\/kirchen\/muenster\/muensterturm\/\">Freiburger M\u00fcnsterturm<\/a>, der sch\u00f6nste gotische <a title=\"Muenster Turmhelm geruestfrei\" href=\"https:\/\/www.freiburg-schwarzwald.de\/blog\/muenster-turmhelm-geruestfrei\/\">Turm<\/a> der Christenheit, endlich wieder ohne Ger\u00fcst bewundert werden. Dank der Sanierungskunst der ca 25 <a title=\"Steinmetz\" href=\"https:\/\/www.freiburg-schwarzwald.de\/blog\/business\/handwerk\/steinmetz\/\">Steinmetze<\/a> und Restauratoren des <a title=\"Muensterbauverein\" href=\"https:\/\/www.freiburg-schwarzwald.de\/blog\/religion\/kirchen\/muenster\/muensterbauverein\/\">M\u00fcnsterbauvereins<\/a>. Eine schwierige Arbeit &#8211; so mussten 700 Jahre alte Eck-Sandsteine ausgetauscht werden, w\u00e4hrend auf ihnen 40 Tonnen an Gewicht lasten. <!--more--><br \/>\nNach \u00fcber 200.000 Arbeitsstunden in 12 Jahren auf <a title=\"Freiburg\" href=\"https:\/\/www.freiburg-schwarzwald.de\/blog\/regio\/freiburg\/\">Freiburgs<\/a> h\u00f6chster Baustelle laden der M\u00fcnsterbauverein und das s\u00fcdbadische <a title=\"Handwerk\" href=\"https:\/\/www.freiburg-schwarzwald.de\/blog\/business\/handwerk\/\">Handwerk<\/a> die B\u00fcrgerschaft zum zweiten <a title=\"Muenstertreff \u2013 Handwerk in FR\" href=\"https:\/\/www.freiburg-schwarzwald.de\/blog\/muenstertreff-handwerk-in-fr\/\">M\u00fcntertreff<\/a> ein:<br \/>\nFreitag, 15. Juni 2018, ab 18 Uhr. Nach einer Feierstunde im <a title=\"Muenster\" href=\"https:\/\/www.freiburg-schwarzwald.de\/blog\/religion\/kirchen\/muenster\/\">M\u00fcnster<\/a> gibts einen <a title=\"Hock\" href=\"https:\/\/www.freiburg-schwarzwald.de\/blog\/kultur\/oeffentlicher-raum\/hock\/\">Hock<\/a> auf dem <a title=\"Muensterplatz\" href=\"https:\/\/www.freiburg-schwarzwald.de\/blog\/regio\/freiburg\/muensterplatz\/\">M\u00fcnsterplatz<\/a> vor dem M\u00fcnsterportal und der Turmwerkstatt der <a title=\"Muensterbauhuette\" href=\"https:\/\/www.freiburg-schwarzwald.de\/blog\/religion\/kirchen\/muenster\/muensterbauhuette\/\">M\u00fcnsterbauh\u00fctte<\/a> an der Westseite der Kirche. Genauere Infos unter <a href=\"https:\/\/www.muenstertreff-freiburg.de\">www.muenstertreff-freiburg.de<\/a><br \/>\n2.6.2018<br \/>\n.<\/p>\n<p><strong>Nach zw\u00f6lf Jahren wird das Ger\u00fcst am M\u00fcnsterturm abgebaut<\/strong><br \/>\nIn mehr als 200.000 Arbeitsstunden werkelten Handwerker und Restauratoren auf Freiburgs h\u00f6chster Baustelle. Ende August soll der M\u00fcnsterturm dann erstmals wieder ger\u00fcstfrei in voller Pracht zu sehen sein. &#8230;<br \/>\nAlls vom 29.5.2018 bitte lesen auf<br \/>\n<a href=\"https:\/\/www.badische-zeitung.de\/freiburg\/nach-zwoelf-jahren-wird-das-geruest-am-muensterturm-abgebaut--153101403.html\">https:\/\/www.badische-zeitung.de\/freiburg\/nach-zwoelf-jahren-wird-das-geruest-am-muensterturm-abgebaut&#8211;153101403.html<br \/>\n<\/a>\u00a0.<\/p>\n<p><strong>Auf wenige Stoffe konzentrieren<\/strong><\/p>\n<p><em>Yvonne Faller ist seit 2005 als M\u00fcnsterbaumeisterin verantwortlich f\u00fcr den Erhalt des Freiburger M\u00fcnsters<\/em><br \/>\n<em>bzw. seines \u00e4u\u00dferen Steinwerkes. Im Gespr\u00e4ch mit dem Stadtkurier blickt sie zur\u00fcck auf die Sanierungszeit des Turmhelms.<br \/>\n<\/em>\u00a0.<br \/>\nSK: Frau Faller, seit wann wird der Turm jetzt saniert und was wurde alles gemacht?<br \/>\nYvonne Faller: Wir haben 2006 mit der Turmsanierung angefangen und haben uns auf zwei Schwerpunkte konzentriert: die reine Steinkonservierung und die statische Konsolidierung.\u00a0Bei der Steinkonservierung wurden alle gerissenen oder abgeplatzten Steine ausgetauscht, Fugen\u00a0wurden erneuert, Eisen ersetzt und die Oberfl\u00e4che gereinigt, also von Schmutz und Bewuchs (Flechten) befreit.<br \/>\nSK: Was waren die besonderen Herausforderungen?<br \/>\nYvonne Faller: Nachdem wir 2006 mit der Steinsanierung begonnen hatten, entdeckten wir 2009, dass im\u00a0Bereich der tragenden Ecksteine Risse zu sehen waren, die auf eine statische \u00dcberlastung schlie\u00dfen lie\u00dfen. Wir haben dann zun\u00e4chst mit umfangreichen Untersuchungen begonnen um herauszufinden, warum an diesen Stellen die Risse aufgetreten sind. Ob es am Steinmaterial, an rostenden Eisen, am System oder an der Erm\u00fcdung des 700 Jahre alten Systems liegt. Als es klar wurde, dass einige dieser Ecksteine so geschw\u00e4cht waren, dass sie ausgetauscht werden m\u00fcssen, war es die besondere Herausforderung, das Gewicht von bis zu 40 Tonnen aufzufangen und umzuleiten um den alten\u00a0Stein aus- und den neuen wieder einzubauen. Dass die Arbeiten in bis zu 95 Meter H\u00f6he stattfanden, hat<br \/>\ndie Arbeiten nicht einfacher gemacht. Insgesamt brauchten wir f\u00fcr den Austausch eines Steines mit allen\u00a0Vor- und Nachbereitungen drei bis vier Monate. Wir haben acht tragende Steine auf diese Weise ausgetauscht.<br \/>\nSK: Konnte m\u00f6glicherweise auf Erfahrungen von anderen Bauwerken zur\u00fcckgegriffen werden?<br \/>\nYvonne Faller: Nein. Der Freiburger M\u00fcnsterturm ist als erster und einziger Turmhelm in dieser filigranen\u00a0Konstruktion bereits im Mittelalter gebaut worden.<br \/>\n.<br \/>\nSK: Gibt es Arbeitsweisen von damals, die zum Einsatz kommen oder neue Ideen, die entwickelt wurden?<br \/>\nYvonne Faller: Wir haben erkennen m\u00fcssen, dass die \u201eVerbesserungen\u201c der Baustoffe nicht immer geeignet waren f\u00fcr das mittelalterliche Bauwerk. Wir versuchen deshalb mit den Materialien zu arbeiten, die damals zur Verf\u00fcgung standen. Es hat sich bew\u00e4hrt, sich auf wenige Baustoffe zu konzentrieren. Das Eisen, das im Mittelalter eingebaut wurde, war Schmiedeeisen, ein durch die Bearbeitung so reines Eisen, das im Zusammenspiel mit dem eisenhaltigen Sandstein nicht rostete. Wir haben f\u00fcr einige Klammern, die wir ersetzen mussten ebenfalls Schmiedeeisen verwendet, das wir in England gekauft\u00a0haben, da es dieses hier nicht mehr gibt. Auch beim Einsatz von M\u00f6rtel haben wir uns an der alten<br \/>\nRezeptur orientiert, um den deutlich weicheren M\u00f6rtel herzustellen, der frei ist von modernen Zuschlagstoffen. In den letzten Jahrzehnten wurde der M\u00f6rtel mit Zement verg\u00fctet, damit er h\u00e4rter und damit widerstandsf\u00e4higer wurde. Aber er hat gleichzeitig auch verhindert, dass Feuchtigkeit, die immer im Sandstein vorhanden ist, entweichen konnte. So kam es an den Stellen, an denen dieser M\u00f6rtel eingesetzt wurde zu Korrosion am alten Eisen. F\u00fcr den Einsatz von Metall haben wir uns nach\u00a0einer Reihe von Untersuchungen f\u00fcr Titan entschieden. Ob das auch die richtige Entscheidung ist, kann man erst in einigen Jahren bzw. Jahrzehnten beurteilen.<br \/>\nSK: Wann ist das Ger\u00fcst endg\u00fcltig verschwunden und wie lange bleibt der Turm ohne Ger\u00fcst?<br \/>\nYvonne Faller: Wir beginnen im Juli mit dem Ger\u00fcstabbau und werden Mitte September fertig sein.\u00a0Es ist nicht ganz einfach, einen zuverl\u00e4ssigen Zeitplan zu erstellen, da wir auch in hohem Ma\u00dfe vom Wetter abh\u00e4ngig sind. Au\u00dferdem muss aus Sicherheitsgr\u00fcnden der M\u00fcnsterplatz immer wieder gesperrt werden, wobei wir hier R\u00fccksicht auf Veranstaltungen wie das Weinfest nehmen.<br \/>\nDen Abschluss der Arbeiten am Turm werden wir mit einem gro\u00dfen Turmfinale vom 11. bis 14. Oktober feiern. Gemeinsam mit dem M\u00fcnsterfabrikfonds, der die Sanierung des Glockenstuhls und der T\u00fcrmerstube beenden<br \/>\nwird. Wie lange der Turmhelm dann ohne Ger\u00fcst sein wird k\u00f6nnenwir heute nicht vorhersagen. 50 Jahre<br \/>\nsollten es schon sein.<br \/>\nSK: Wie viele Menschen waren an den Sanierungsarbeiten beteiligt?<br \/>\nYvonne Faller: Insgesamt waren es 25 Steinmetze und Restauratoren, im Durchschnitt waren zehn, in Spitzenzeiten 15 gleichzeitig am Turm.<br \/>\nSK: Was steht als n\u00e4chste Gro\u00dfprojekt an?<br \/>\nYvonne Faller: Wir haben bereits 2013 mit der Sanierung des Chores begonnen, ein Projekt, das ich mir zu Beginn meiner T\u00e4tigkeit vor 13 Jahren vorgenommen hatte, aber zugunsten der Turmsanierung zur\u00fcckstellen musste. Dies Ma\u00dfnahme wird sich in Abschnitten wohl \u00fcber die n\u00e4chsten 30 Jahre hinziehen.<br \/>\nSK: Was hat die Turmsanierung gekostet und wie wurden die Kosten finanziert?<br \/>\nYvonne Faller: Wir haben die Schlussabrechnung noch nicht, aber man kann mit Kosten von einer Million\u00a0Euro pro Jahr rechnen. Finanziert wurde dies zum Teil durch Zuwendungen von der Erzdi\u00f6zese Freiburg,\u00a0dem Land Baden-W\u00fcrttemberg und der Stadt Freiburg. Der gr\u00f6\u00dfere Teil wurde durch Stiftungen und\u00a0Spenden finanziert.<br \/>\nSK: Was empfinden Sie jetzt am Ende der Turmsanierung?<br \/>\nYvonne Faller: Vor allem Dankbarkeit. Ich bin dankbar daf\u00fcr, dass nichts passiert ist und dankbar f\u00fcr\u00a0das gro\u00dfe Engagement aller Unterst\u00fctzer. Es ist f\u00fcr uns alle eine gro\u00dfe Hilfe und Motivation, wenn wir den Zuspruch so viele M\u00fcnsterfreunde finden.<\/p>\n<p>Mit der M\u00fcnsterbaumeisterin Yvonne Faller sprach Nils Kickert.<br \/>\n1.6.2018, <a href=\"https:\/\/www.stadtkurier.de\">www.stadtkurier.de<\/a><\/p>\n","protected":false},"excerpt":{"rendered":"<p>Seit 2006 kann der Freiburger M\u00fcnsterturm, der sch\u00f6nste gotische Turm der Christenheit, endlich wieder ohne Ger\u00fcst bewundert werden. Dank der Sanierungskunst der ca 25 Steinmetze und Restauratoren des M\u00fcnsterbauvereins. Eine schwierige Arbeit &#8211; so mussten 700 Jahre alte Eck-Sandsteine ausgetauscht &hellip; <a href=\"https:\/\/www.freiburg-schwarzwald.de\/blog\/freiburgs-muensterturm-saniert\/\">Weiterlesen <span class=\"meta-nav\">&rarr;<\/span><\/a><\/p>\n","protected":false},"author":2,"featured_media":0,"comment_status":"open","ping_status":"closed","sticky":false,"template":"","format":"standard","meta":{"footnotes":""},"categories":[355,54,49,22,89,13,491],"tags":[503,301,318,480,223,319],"class_list":["post-67543","post","type-post","status-publish","format-standard","hentry","category-buergerinitiativen","category-ehrenamt","category-freiburg","category-handwerk","category-kirchen","category-kultur","category-muenster-kirchen","tag-church","tag-culture","tag-kunsthandwerk","tag-munster","tag-munsterturm","tag-sanierung"],"_links":{"self":[{"href":"https:\/\/www.freiburg-schwarzwald.de\/blog\/wp-json\/wp\/v2\/posts\/67543","targetHints":{"allow":["GET"]}}],"collection":[{"href":"https:\/\/www.freiburg-schwarzwald.de\/blog\/wp-json\/wp\/v2\/posts"}],"about":[{"href":"https:\/\/www.freiburg-schwarzwald.de\/blog\/wp-json\/wp\/v2\/types\/post"}],"author":[{"embeddable":true,"href":"https:\/\/www.freiburg-schwarzwald.de\/blog\/wp-json\/wp\/v2\/users\/2"}],"replies":[{"embeddable":true,"href":"https:\/\/www.freiburg-schwarzwald.de\/blog\/wp-json\/wp\/v2\/comments?post=67543"}],"version-history":[{"count":0,"href":"https:\/\/www.freiburg-schwarzwald.de\/blog\/wp-json\/wp\/v2\/posts\/67543\/revisions"}],"wp:attachment":[{"href":"https:\/\/www.freiburg-schwarzwald.de\/blog\/wp-json\/wp\/v2\/media?parent=67543"}],"wp:term":[{"taxonomy":"category","embeddable":true,"href":"https:\/\/www.freiburg-schwarzwald.de\/blog\/wp-json\/wp\/v2\/categories?post=67543"},{"taxonomy":"post_tag","embeddable":true,"href":"https:\/\/www.freiburg-schwarzwald.de\/blog\/wp-json\/wp\/v2\/tags?post=67543"}],"curies":[{"name":"wp","href":"https:\/\/api.w.org\/{rel}","templated":true}]}}