{"id":67538,"date":"2018-06-02T13:41:58","date_gmt":"2018-06-02T11:41:58","guid":{"rendered":"https:\/\/www.freiburg-schwarzwald.de\/blog\/?p=67538"},"modified":"2019-11-22T17:05:52","modified_gmt":"2019-11-22T16:05:52","slug":"guter-hass-versus-boeser-hass","status":"publish","type":"post","link":"https:\/\/www.freiburg-schwarzwald.de\/blog\/guter-hass-versus-boeser-hass\/","title":{"rendered":"Guter Hass versus b\u00f6ser Hass"},"content":{"rendered":"<p>Nach Ank\u00fcndigung der <a title=\"AfD-Demo Berlin \u2013 Hass Nazi\" href=\"https:\/\/www.freiburg-schwarzwald.de\/blog\/afd-demo-berlin-hass-nazi\/\">AfD-Demo am 27.5.2018<\/a> in <a title=\"Berlin\" href=\"https:\/\/www.freiburg-schwarzwald.de\/blog\/global\/deutschland\/berlin\/\">Berlin<\/a> kreierten Gute mitsamt <a title=\"Amadeu \u2013 Staat finanziert Zensur\" href=\"https:\/\/www.freiburg-schwarzwald.de\/blog\/amadeu-staat-finanziert-zensur\/\">Amadeu-Antonio-Stiftung<\/a> den Hashtag #StopptDenHass, um auf den Party-Gegendemos neben den &#8222;Nazis raus&#8220;-Sprechch\u00f6ren &#8222;Ganz Berlin hasst die AfD\u201c zu rufen. Diese <a title=\"Links\" href=\"https:\/\/www.freiburg-schwarzwald.de\/blog\/engagement\/zukunft\/demokratie\/links\/\">linke<\/a> Unlogik, mit \u201eGanz Berlin hasst die AfD\u201c den <a title=\"Hass\" href=\"https:\/\/www.freiburg-schwarzwald.de\/blog\/kultur\/medien\/hass\/\">Hass<\/a> zu stoppen, fiel sogar einem Journalisten auf und er schrieb sinngem\u00e4\u00df &#8222;<a title=\"Zeitung\" href=\"https:\/\/www.freiburg-schwarzwald.de\/blog\/kultur\/medien\/zeitung\/\">Wer zu Hass gegen Hass aufruft, ist nicht besser als jener, der zuerst hasst<\/a>&#8222;.<br \/>\n.<br \/>\n<!--more-->Die <a title=\"Mainstream\" href=\"https:\/\/www.freiburg-schwarzwald.de\/blog\/kultur\/medien\/mainstream\/\">Mainstream-Presse<\/a> war konsterniert und prompt kam der <a title=\"Zeitung\" href=\"https:\/\/www.freiburg-schwarzwald.de\/blog\/kultur\/medien\/zeitung\/\">R\u00fcckzieher des Journalisten<\/a> mit seinem Bekenntnis, es gebe ihn doch, den Unterschied zwischen \u201egutem Hass\u201c (Kampf gegen <a title=\"AfD\" href=\"https:\/\/www.freiburg-schwarzwald.de\/blog\/vereine\/partei\/afd\/\">AfD<\/a>-Opposition) und \u201eb\u00f6sem Hass\u201c (Kritik an <a title=\"GroKo\" href=\"https:\/\/www.freiburg-schwarzwald.de\/blog\/engagement\/zukunft\/demokratie\/groko\/\">GroKo<\/a>-Regierung). Wir leben eben fast schon in einer <a title=\"Gesinnungsdiktatur\" href=\"https:\/\/www.freiburg-schwarzwald.de\/blog\/kultur\/medien\/gesinnungsdiktatur\/\">Gesinnungsdiktatur<\/a>, der der kleine <a title=\"UMF-Gewalt \u2013 Journalistenpreis\" href=\"https:\/\/www.freiburg-schwarzwald.de\/blog\/umf-gewalt-journalistenpreis\/\">Journalist<\/a> (Praktikant, freier Mitarbeiter, Zeitvertragler oder Festangestellter) hilflos ausgeliefert ist. Die gro\u00dfen <a title=\"Medien \u2013 einseitige vierte Gewalt\" href=\"https:\/\/www.freiburg-schwarzwald.de\/blog\/medien-einseitige-vierte-gewalt\/\">Medienh\u00e4user<\/a> definieren, was &#8222;guter Hass&#8220; ist (<a title=\"Merkelismus\" href=\"https:\/\/www.freiburg-schwarzwald.de\/blog\/engagement\/zukunft\/demokratie\/merkelismus\/\">Merkels<\/a> <a title=\"Gesinnungsethik\" href=\"https:\/\/www.freiburg-schwarzwald.de\/blog\/engagement\/zukunft\/demokratie\/gesinnungsethik\/\">Gesinungsethik<\/a> liefert die Grundlage) und legen ihren Journalisten nahe, gegen den anderen bzw. &#8222;b\u00f6sen Hass&#8220; zu argumentieren. Da bleibt nur zweierlei:<br \/>\n1) Ein Ratschlag: Liebe Journalisten, besinnt euch der journalistischen Tugend, Sachinformation zu liefern, \u00fcber die dann der Leser als <a title=\"Deutsche\" href=\"https:\/\/www.freiburg-schwarzwald.de\/blog\/global\/deutschland\/deutsche\/\">m\u00fcndiger B\u00fcrger<\/a> selbst urteilen kann.<br \/>\n2) Sarkasmus: Am Sonntag, den 27. Mai 2018, erlebte man &#8222;Berlin, wie es singt und hasst&#8220;. Die einen singen die Nationalhymne mit Schwarz-Rot-Gold-Fahnen in der Hand und die anderen hassen sie deswegen.<br \/>\nDabei sollten beide &#8211; deutsche <a title=\"Selbsthass\" href=\"https:\/\/www.freiburg-schwarzwald.de\/blog\/engagement\/zukunft\/selbsthass\/\">Selbsthasser<\/a> und deutsche <a title=\"Hambacher-Fest\" href=\"https:\/\/www.freiburg-schwarzwald.de\/blog\/engagement\/zukunft\/demokratie\/hambacher-fest\/\">Patrioten<\/a> &#8211; miteinander sprechen: Au\u00dferhalb des Parlaments auf den Strassen (in Berlin, Hamburg, Dresden, Cottbus, <a title=\"Kandel-Bluttat27-12-2017\" href=\"https:\/\/www.freiburg-schwarzwald.de\/blog\/engagement\/zukunft\/demokratie\/kandel-bluttat27-12-2017\/\">Kandel<\/a>, &#8230;) und im <a title=\"Diskussionskultur im Bundestag\" href=\"https:\/\/www.freiburg-schwarzwald.de\/blog\/diskussionskultur-im-bundestag\/\">Bundestag<\/a> (das AfD-Bashing wird sicher enden, fragt sich nur, wann).\u00a0 Unsere Demokratie braucht wieder eine <a title=\"Diskussionskultur\" href=\"https:\/\/www.freiburg-schwarzwald.de\/blog\/kultur\/medien\/diskussionskultur\/\">Diskussionskultur<\/a>,<br \/>\n2.6.2018<br \/>\n.<\/p>\n<p><strong>Droht uns eine neue Gesinnungsdiktatur?<\/strong><br \/>\nNach dem Netzwerkdurchsetzungsgesetz hat uns die Regierung, eifrig bejaht von der Mehrheit des Bundestages, ein neues Monstergesetz gegen die freien Medien und gegen die freie Kommunikation der B\u00fcrger im Internet beschert.<br \/>\nGestern ist das \u201eDatenschutz-Anpassungs- und -Umsetzungsgesetz EU (DSAnpUG-EU)\u201c, das der Bundestag am 27. April 2017, also vor knapp einem Jahr, verabschiedet hat, in Kraft getreten.<br \/>\n&#8230;<br \/>\nDer Hauptsto\u00df des Gesetzes geht aber gegen die freien Medien. Wenn Mainstreammedien, die vom Gesetz ausgenommen sind, \u00fcber ein Vorkommnis mit Foto falsch oder manipulativ berichten, wie das bei der Enthauptung eines Babys in Hamburg der Fall war, dann droht demjenigen, der eigene Fotos vom Geschehen ver\u00f6ffentlicht nicht nur Besuch vom Staatsanwalt, wie bereits geschehen, sondern eine existenzvernichtende Geldstrafe. Den freien Medien im Internet soll die M\u00f6glichkeit genommen werden, Fake News, die vom Mainstream verbreitet werden, zu widerlegen. Auch die Kommunikation der B\u00fcrger untereinander wird unter h\u00f6chste Geldstrafen gestellt. Es soll nur noch die von den staatstreuen Medien verbreitete Wahrheit gelten.<br \/>\n&#8230;<br \/>\nF\u00fcr das DSAnpUG-EU, schon die Abk\u00fcrzung zeigt die Absurdit\u00e4t des Ganzen, ist jeder Cookie und jede Datenspeicherung, die ganz normalen allt\u00e4glichen Gepflogenheiten entspricht, offensichtlich ein \u201e\u00dcberwachungsvorgang\u201c, inklusive Datendiebstahl. Damit ist jede zwischenmenschliche Kommunikation, die ohne Austausch von Daten einfach nicht funktionieren kann, kriminalisiert. Das Gesetz ist ma\u00dfgeblich von einem Gr\u00fcnen initiiert worden, dessen Partei sich immer mehr als \u00dcberwachungs- G\u00e4ngelungs- und Verbotspartei profiliert. Aber das Gesetz konnte nur passieren, weil die andern Altparteien im Bundestag haupts\u00e4chlich damit besch\u00e4ftigt sind, die AfD als einzige wirkliche Oppositionspartei zu bek\u00e4mpfen, statt die Regierung zu kontrollieren, was eigentlich ihre Aufgabe w\u00e4re. &#8230;<br \/>\nAlles vom 28.5.2018 von Vera Lengsfeld bitte lesen auF<br \/>\n<a href=\"https:\/\/www.theeuropean.de\/vera-lengsfeld\/14110-was-bleibt-von-unserer-freiheit\">https:\/\/www.theeuropean.de\/vera-lengsfeld\/14110-was-bleibt-von-unserer-freiheit<\/a><br \/>\n.<br \/>\n.<br \/>\n&#8222;Wo war eigentlich die FDP, als das Gesetz verabschiedet wurde?&#8220; Die FDP hat das Problem, f\u00fcr den Schutz der Pers\u00f6nlichkeitsrechte und der Privatsph\u00e4re und damit vermeintlich f\u00fcr den &#8222;Datenschutz&#8220; \u00e0 la BDSG, DSGVO und DSAnpUG-EU sein zu &#8222;m\u00fcssen&#8220;. Dass das Ganze schon lang zum Selbstzweck, ja zum Gegenteil von Pers\u00f6nlichkeits- und Freiheitsrechten mutiert ist, hat man entweder aus ideologischen Gr\u00fcnden \u00fcbersehen oder man traute sich nicht, es zu benennen. Ein gutes und modernes Datenschutzrecht w\u00fcrde sich am Interesse der B\u00fcrger am Schutz ihrer Privatsph\u00e4re und nicht ihrer Daten orientieren. Also die B\u00fcrger vor ungebetener Post, E-Mails und Anrufen sch\u00fctzen und sie nicht daran hindern, ihre Daten \u2013 stets widerruflich \u2013 auch als \u201eEntgelt\u201c f\u00fcr eine virtuelle Leistung einzusetzen.<br \/>\nDoch der Adresshandel (Direktwerbung) bleibt ausdr\u00fccklich auch ohne Einwilligung,<br \/>\nalso hinter dem R\u00fccken der Betroffenen, erlaubt. Ein Skandal!<br \/>\n28.5.2018, Sylvia Kaufhold, EUO<\/p>\n","protected":false},"excerpt":{"rendered":"<p>Nach Ank\u00fcndigung der AfD-Demo am 27.5.2018 in Berlin kreierten Gute mitsamt Amadeu-Antonio-Stiftung den Hashtag #StopptDenHass, um auf den Party-Gegendemos neben den &#8222;Nazis raus&#8220;-Sprechch\u00f6ren &#8222;Ganz Berlin hasst die AfD\u201c zu rufen. Diese linke Unlogik, mit \u201eGanz Berlin hasst die AfD\u201c den &hellip; <a href=\"https:\/\/www.freiburg-schwarzwald.de\/blog\/guter-hass-versus-boeser-hass\/\">Weiterlesen <span class=\"meta-nav\">&rarr;<\/span><\/a><\/p>\n","protected":false},"author":2,"featured_media":0,"comment_status":"open","ping_status":"closed","sticky":false,"template":"","format":"standard","meta":{"footnotes":""},"categories":[99,355,13,98,80,172],"tags":[633,301,626,525,545,438],"class_list":["post-67538","post","type-post","status-publish","format-standard","hentry","category-buchhandel","category-buergerinitiativen","category-kultur","category-literatur","category-medien","category-zukunft","tag-demokratie","tag-culture","tag-partei","tag-politik","tag-www","tag-zeitung"],"_links":{"self":[{"href":"https:\/\/www.freiburg-schwarzwald.de\/blog\/wp-json\/wp\/v2\/posts\/67538","targetHints":{"allow":["GET"]}}],"collection":[{"href":"https:\/\/www.freiburg-schwarzwald.de\/blog\/wp-json\/wp\/v2\/posts"}],"about":[{"href":"https:\/\/www.freiburg-schwarzwald.de\/blog\/wp-json\/wp\/v2\/types\/post"}],"author":[{"embeddable":true,"href":"https:\/\/www.freiburg-schwarzwald.de\/blog\/wp-json\/wp\/v2\/users\/2"}],"replies":[{"embeddable":true,"href":"https:\/\/www.freiburg-schwarzwald.de\/blog\/wp-json\/wp\/v2\/comments?post=67538"}],"version-history":[{"count":0,"href":"https:\/\/www.freiburg-schwarzwald.de\/blog\/wp-json\/wp\/v2\/posts\/67538\/revisions"}],"wp:attachment":[{"href":"https:\/\/www.freiburg-schwarzwald.de\/blog\/wp-json\/wp\/v2\/media?parent=67538"}],"wp:term":[{"taxonomy":"category","embeddable":true,"href":"https:\/\/www.freiburg-schwarzwald.de\/blog\/wp-json\/wp\/v2\/categories?post=67538"},{"taxonomy":"post_tag","embeddable":true,"href":"https:\/\/www.freiburg-schwarzwald.de\/blog\/wp-json\/wp\/v2\/tags?post=67538"}],"curies":[{"name":"wp","href":"https:\/\/api.w.org\/{rel}","templated":true}]}}