{"id":67497,"date":"2018-05-21T18:42:36","date_gmt":"2018-05-21T16:42:36","guid":{"rendered":"https:\/\/www.freiburg-schwarzwald.de\/blog\/?p=67497"},"modified":"2018-05-22T07:18:21","modified_gmt":"2018-05-22T05:18:21","slug":"gesellschaft-mit-zwei-klassen","status":"publish","type":"post","link":"https:\/\/www.freiburg-schwarzwald.de\/blog\/gesellschaft-mit-zwei-klassen\/","title":{"rendered":"Gesellschaft mit zwei Klassen"},"content":{"rendered":"<p>Der <a title=\"Staatsversagen\" href=\"https:\/\/www.freiburg-schwarzwald.de\/blog\/engagement\/zukunft\/demokratie\/staatsversagen\/\">gescheiterte<\/a> <a title=\"GroKo\" href=\"https:\/\/www.freiburg-schwarzwald.de\/blog\/engagement\/zukunft\/demokratie\/groko\/\">GroKo<\/a>-Staat hat eine <a title=\"Zweiklassengesellschaft\" href=\"https:\/\/www.freiburg-schwarzwald.de\/blog\/engagement\/zukunft\/demokratie\/zweiklassengesellschaft\/\">Zweiklassengesellschaft<\/a> geschaffen: &#8222;Die schon l\u00e4nger hier Lebenden\u201d (so nennt <a title=\"Merkelismus\" href=\"https:\/\/www.freiburg-schwarzwald.de\/blog\/engagement\/zukunft\/demokratie\/merkelismus\/\">Merkel<\/a> die <a title=\"Deutsche\" href=\"https:\/\/www.freiburg-schwarzwald.de\/blog\/global\/deutschland\/deutsche\/\">Deutschen<\/a>, die <a title=\"Deutsche-Kultur\" href=\"https:\/\/www.freiburg-schwarzwald.de\/blog\/global\/deutschland\/deutsche-kultur\/\">brav 20 Euro<\/a> f\u00fcr &#8222;Parken entgegen der Fahrtrichtung&#8220; zahlen) auf der einen und die seit <a title=\"Budapest-Dublin2015\" href=\"https:\/\/www.freiburg-schwarzwald.de\/blog\/global\/eu\/budapest-dublin2015\/\">Budapest 9\/2015<\/a> zu uns <a title=\"Fluechtlinge-Internet\" href=\"https:\/\/www.freiburg-schwarzwald.de\/blog\/global\/integration\/fluechtlinge-internet\/\">&#8222;Fl\u00fcchtenden&#8220;<\/a> auf der anderen Seite. Nun hat dies sogar T\u00fcbingens <a title=\"Gruene\" href=\"https:\/\/www.freiburg-schwarzwald.de\/blog\/vereine\/partei\/gruene\/\">gr\u00fcner<\/a> OB<a title=\"Boris Palmer und die Gruenen\" href=\"https:\/\/www.freiburg-schwarzwald.de\/blog\/boris-palmer-und-die-gruenen\/\"> Boris Palmer<\/a> bemerkt (siehe unten):<br \/>\n.<!--more-->Auf der einen Seite setzt die <a title=\"Polizei\" href=\"https:\/\/www.freiburg-schwarzwald.de\/blog\/selbsthilfe\/soziales\/justiz\/polizei\/\">Polizei<\/a> auf dem Allg\u00e4u-Airport in Memmingen diejenigen Eltern mitsamt ihren schulpflichtigen Kindern <a title=\"Justiz\" href=\"https:\/\/www.freiburg-schwarzwald.de\/blog\/selbsthilfe\/soziales\/justiz\/\">fest<\/a>, die bereits vor <a title=\"Pfingsten Oekumene Migration\" href=\"https:\/\/www.freiburg-schwarzwald.de\/blog\/pfingsten-oekumene-migration\/\">Pfingstferienbeginn<\/a> in den Urlaub abd\u00fcsen. Auf der einen Seite fliegen tagt\u00e4glich \u00fcber 500 <a title=\"Migranten-Fluechtlinge\" href=\"https:\/\/www.freiburg-schwarzwald.de\/blog\/global\/migration\/migranten-fluechtlinge\/\">Migranten<\/a> illegal ein, ohne dass die Polizei <a title=\"Kontrollverlust\" href=\"https:\/\/www.freiburg-schwarzwald.de\/blog\/engagement\/zukunft\/demokratie\/kontrollverlust\/\">etwas dagegen unternimmt<\/a>.<br \/>\n<a title=\"Parallelgesellschaft\" href=\"https:\/\/www.freiburg-schwarzwald.de\/blog\/global\/integration\/parallelgesellschaft\/\">Parallelgesellschaft<\/a>, <a title=\"Paralleljustiz\" href=\"https:\/\/www.freiburg-schwarzwald.de\/blog\/selbsthilfe\/soziales\/justiz\/paralleljustiz\/\">Paralleljustiz<\/a>, <a title=\"Parallelkultur\" href=\"https:\/\/www.freiburg-schwarzwald.de\/blog\/global\/integration\/parallelkultur\/\">Parallelkultur<\/a>, <a title=\"Ghetto\" href=\"https:\/\/www.freiburg-schwarzwald.de\/blog\/global\/integration\/ghetto\/\">Parallelwelt<\/a> &#8211; unser <a title=\"Demokratie\" href=\"https:\/\/www.freiburg-schwarzwald.de\/blog\/engagement\/zukunft\/demokratie\/\">Rechtsstaat<\/a> ist dabei, an all diesen Parallelit\u00e4ten zugrunde zu gehen.<br \/>\nWer das Schulschw\u00e4nzer-Beispiel von Palmer (Gr\u00fcne) und das <a title=\"Missverstehen\" href=\"https:\/\/www.freiburg-schwarzwald.de\/blog\/kultur\/medien\/missverstehen\/\">B\u00e4cker-Beispie<\/a>l von Lindner (FDP) als populistisch,\u00a0 fremdenfeindlich oder gar rassistisch bezeichnet, der macht es sich zu bequem bzw. der hat den ernsten Hintergrund nicht verstanden: Es geht um die Grundlagen unseres Rechtsstaates: Jeder ist vor dem Gesetz gleich. Das Recht ist unteilbar. Gleiches Recht f\u00fcr Alle. Und es geht darum, das das Problem der Migration nicht mit dem Asylrecht\u00a0 gel\u00f6st werden kann.<br \/>\n21.5.2018<br \/>\n.<\/p>\n<p><strong>Gr\u00fcnenpolitiker Palmer zu Migranten und Deutschen: \u201eEs darf nicht zweierlei Ma\u00df geben\u201c<\/strong><br \/>\nMerkels Deutschland wird immer mehr zu einem Gebiet der doppelten Standards. Das gilt f\u00fcr politische Entscheidungen, die Justiz und auch die Polizei im Hinblick auf Migranten auf der einen und indigene Bev\u00f6lkerung auf der anderen Seite. Boris Palmer dazu: \u201eEs darf nicht zweierlei Ma\u00df geben.\u201c<br \/>\nEin Medienbericht, der die ganze Schieflage, in die unser Staat abgerutscht ist, zeigt, macht derzeit die Runde: Am Allg\u00e4u Airport hat die Polizei einen Tag vor den Pfingstferien Eltern mit Kindern kontrolliert, die offensichtlich \u2013 aufgrund der g\u00fcnstigeren Preise \u2013 schon am letzten Schultag in Urlaub fliegen wollten. Und das mit Erfolg. Stolz meldet man, man habe mehrere Kinder im schulpflichtigen Alter mitsamt ihrer Eltern dingfest gemacht, die den Unterricht geschw\u00e4nzt hatten. Der T\u00fcbinger Oberb\u00fcrgermeister Boris Palmer von den Gr\u00fcnen dazu:<br \/>\n\u201eDie bayrische Grenze ist sicher. Es kommt nicht mal ein Sch\u00fcler mit seinen Eltern in den Urlaub, wenn er einen Tag zu fr\u00fch fliegt. Ein sch\u00f6nes Beispiel, wie der Staat das Recht durchsetzen kann, wenn er seine B\u00fcrger ins Visier nimmt. Ordnungsgeld, versauter Urlaub, Familienstreit, \u00c4rger mit der Schule. Das \u00fcberlegt man sich k\u00fcnftig zweimal.<\/p>\n<p>Was denken sich aber diese B\u00fcrger, wenn sie in der Zeitung lesen, dass in Fl\u00fcchtlingsklassen oft die H\u00e4lfte der Sch\u00fcler nicht zum Unterricht erscheint und dagegen nichts unternommen wird? (Das berichten mir Lehrer von Vorbereitungsklassen direkt). Was denken sich diese B\u00fcrger, wenn sie lesen, dass \u00fcber den Allg\u00e4u Airport hunderte von nicht berechtigten Asylbewerbern einreisen, ohne dass die Polizei sie daran hindern kann? (Das hat mit der Leiter der Erstaufnahme in Bamberg direkt erkl\u00e4rt. Folge der Visafreiheit).<\/p>\n<p>Solche \u00dcberlegungen kann man als rassistisch brandmarken oder als Hetze bezeichnen.<br \/>\nIch glaube, wenn der Staat so handelt, setzt er die Gesellschaft kaum zu beherrschenden Spannungen aus. Deshalb finde ich es kl\u00fcger, das Handeln des Staates zu verbessern als den Versuch zu machen, die Menschen zu verbessern und von solchen \u201edunklen\u201c Gedanken abzuhalten. Das ist f\u00fcr mich auch der Sinn von Lindners B\u00e4ckergeschichte. Wenn der Staat die Ordnung nicht gleichm\u00e4\u00dfig sichert, gibt es Probleme. Wenn der Staat zum Nachteil seiner B\u00fcrger ganz verschiedene Ma\u00dfst\u00e4be anlegt, riskiert er das in ihn gesetzte Vertrauen.<br \/>\nPS: Weil immer noch \u201eHetze\u201c und <a title=\"Rassismus\" href=\"https:\/\/www.freiburg-schwarzwald.de\/blog\/engagement\/rassismus\/\">\u201eRassismus\u201c<\/a> gerufen wird. Ich habe den Fl\u00fcchtlingen keinen Vorwurf gemacht, sondern nur das staatliche Handeln kritisiert, das hochgradig inkonsistent ist. Damit ist auch die L\u00f6sung klar. Der Staat muss so handeln, dass f\u00fcr alle einsehbar und transparent ist, was er tut. Es darf nicht zweierlei Ma\u00df geben.\u201c &#8230;<br \/>\nAlles vom 21.52018 bitte lesen auf<br \/>\n<a href=\"https:\/\/philosophia-perennis.com\/2018\/05\/21\/gruenenpolitiker-palmer-zu-migranten-und-deutschen-es-darf-nicht-zweierlei-mass-geben\/\">https:\/\/philosophia-perennis.com\/2018\/05\/21\/gruenenpolitiker-palmer-zu-migranten-und-deutschen-es-darf-nicht-zweierlei-mass-geben\/<br \/>\n<\/a>\u00a0.<\/p>\n<p><strong>Gesunder Menschenverstand hei\u00dft heute Rassismus<\/strong><br \/>\nWas f\u00fcr ein unfassbarer \u00dcbergriff! Leider ist Palmers kluge und vernunftbegabte Sichtweise diesem Wahnsinn nicht gewachsen. Man kann auf der Ebene der Fairness und Vernunft gegen derartigen und beabsichtigten Irrsinn nicht (mehr) andiskutieren. Das ist eine v\u00f6llig andere Ebene, die sich inzwischen etabliert hat. Fazit: Sie wollen es so \u2013 und nicht: Sie k\u00f6nnen nicht, weil zu unf\u00e4hig! &#8230;.<br \/>\nWas fr\u00fcher normaler Menschenverstand war, gilt heute als rassistisch!<br \/>\n21.5.2018, Plutonia, PPO<\/p>\n<p>.<\/p>\n<p><strong>Polizei schnappt Schulschw\u00e4nzer am Flughafen \u2013 Eltern angezeigt<\/strong><br \/>\nIn Bayern hat die Polizei kurz vor dem Abflug in den Urlaub einige Schulschw\u00e4nzer geschnappt. In zehn F\u00e4llen wurden die Eltern beim zust\u00e4ndigen Landratsamt angezeigt.<br \/>\n&#8230; Alles vom 21.5.2018 bitte lesen auf<br \/>\n<a href=\"https:\/\/www.epochtimes.de\/politik\/deutschland\/zu-frueh-in-den-urlaub-gereist-polizei-schnappt-schulschwaenzer-am-flughafen-eltern-angezeigt-a2441933.html?text=1\">https:\/\/www.epochtimes.de\/politik\/deutschland\/zu-frueh-in-den-urlaub-gereist-polizei-schnappt-schulschwaenzer-am-flughafen-eltern-angezeigt-a2441933.html?text=1<\/a><\/p>\n<p><strong>Ungleiches Recht<\/strong><br \/>\nWenn du in einem Lande wohnst, wo z.B. Eltern angezeigt werden, weil sie mit ihren Kindern 2 oder 3 Tage vor Ferienbeginn verreisen, seit Jahren aber hundertausendfach in dieses Land illegal eingereist wird und solche STRAFTATEN nicht angzeigt, gar verfolgt werden, dann wei\u00dft du, dass du in einem Lande lebst, DASS VON IRREN REGIERT WIRD!<br \/>\n( bgewandeltes Zitat von Staatspr\u00e4sident der CSR)<br \/>\n21.5.2018, Pfiffner, ETO<\/p>\n<p><strong>&#8230;. Vor dem Recht ungleich<\/strong><br \/>\nTraurig, aber wahr! Kn\u00f6llchenschreiber meiden auch das Umfeld von Moscheen im Ruhrgebiet, sie kassieren lieber in b\u00fcrgerlichen Gegenden ab. So berichtete mir eine Bekannte die das Gl\u00fcck hat neben einer Moschee zu wohnen. Sie k\u00f6nnen parken wie sie wollen, die Politessen trauen sich seit Jahren nicht mehr heran, denn jedes Auto k\u00f6nnte einem Kampfbereiten geh\u00f6ren&#8230;..<br \/>\nACH! Wenn deutsche Eltern ihre Kinder auf eigene Entscheidung f\u00fcr wenige Tage aus der Schule nehmen, ist das ein Verbrechen, das am Floghafen gepr\u00fcft und geahndet werden muss? Und wenn &#8222;noch nicht so lange hier lebende Eltern&#8220; ihre Kinder w\u00e4hrend des ganzen Ramadans oder fast einen Monat vor Ferienbeginn aus der Schule nehmen, so dass das Zeugnis zugeschickt werden muss, und jeder weiss, wo sich der Sch\u00fcler gerade befindet (Antalya, bei Oma und Opa!), beides letztes Jahr in der Klasse meiner Tochter so geschehen und Wiederholung dieses Jahr mehr als wahrscheinlich, DA wird GAR NICHTS unternommen??<br \/>\n21.5.2018, Ruhr, ETO<\/p>\n<p>Unsere Polizei ist unf\u00e4hig, einen Afrikaner abzuschieben, aber Kinder wegen &#8222;Schulschw\u00e4nzerei&#8220; auf dem Flughafen abzufangen, das geht noch. Sind wir hier im Irrenhaus?<br \/>\n21.5.2018, Christine Lindemann, ETO<\/p>\n","protected":false},"excerpt":{"rendered":"<p>Der gescheiterte GroKo-Staat hat eine Zweiklassengesellschaft geschaffen: &#8222;Die schon l\u00e4nger hier Lebenden\u201d (so nennt Merkel die Deutschen, die brav 20 Euro f\u00fcr &#8222;Parken entgegen der Fahrtrichtung&#8220; zahlen) auf der einen und die seit Budapest 9\/2015 zu uns &#8222;Fl\u00fcchtenden&#8220; auf der &hellip; <a href=\"https:\/\/www.freiburg-schwarzwald.de\/blog\/gesellschaft-mit-zwei-klassen\/\">Weiterlesen <span class=\"meta-nav\">&rarr;<\/span><\/a><\/p>\n","protected":false},"author":2,"featured_media":0,"comment_status":"open","ping_status":"closed","sticky":false,"template":"","format":"standard","meta":{"footnotes":""},"categories":[52,36,58,155,95,172],"tags":[633,521,485,488,622,585],"class_list":["post-67497","post","type-post","status-publish","format-standard","hentry","category-einewelt","category-engagement","category-familie","category-integration","category-schulen","category-zukunft","tag-demokratie","tag-family","tag-refugee","tag-child","tag-migration","tag-schule"],"_links":{"self":[{"href":"https:\/\/www.freiburg-schwarzwald.de\/blog\/wp-json\/wp\/v2\/posts\/67497","targetHints":{"allow":["GET"]}}],"collection":[{"href":"https:\/\/www.freiburg-schwarzwald.de\/blog\/wp-json\/wp\/v2\/posts"}],"about":[{"href":"https:\/\/www.freiburg-schwarzwald.de\/blog\/wp-json\/wp\/v2\/types\/post"}],"author":[{"embeddable":true,"href":"https:\/\/www.freiburg-schwarzwald.de\/blog\/wp-json\/wp\/v2\/users\/2"}],"replies":[{"embeddable":true,"href":"https:\/\/www.freiburg-schwarzwald.de\/blog\/wp-json\/wp\/v2\/comments?post=67497"}],"version-history":[{"count":0,"href":"https:\/\/www.freiburg-schwarzwald.de\/blog\/wp-json\/wp\/v2\/posts\/67497\/revisions"}],"wp:attachment":[{"href":"https:\/\/www.freiburg-schwarzwald.de\/blog\/wp-json\/wp\/v2\/media?parent=67497"}],"wp:term":[{"taxonomy":"category","embeddable":true,"href":"https:\/\/www.freiburg-schwarzwald.de\/blog\/wp-json\/wp\/v2\/categories?post=67497"},{"taxonomy":"post_tag","embeddable":true,"href":"https:\/\/www.freiburg-schwarzwald.de\/blog\/wp-json\/wp\/v2\/tags?post=67497"}],"curies":[{"name":"wp","href":"https:\/\/api.w.org\/{rel}","templated":true}]}}