{"id":67357,"date":"2018-05-02T10:16:20","date_gmt":"2018-05-02T08:16:20","guid":{"rendered":"https:\/\/www.freiburg-schwarzwald.de\/blog\/?p=67357"},"modified":"2018-05-02T10:19:43","modified_gmt":"2018-05-02T08:19:43","slug":"israel-70-jahre-deutsche-luege","status":"publish","type":"post","link":"https:\/\/www.freiburg-schwarzwald.de\/blog\/israel-70-jahre-deutsche-luege\/","title":{"rendered":"Israel 70 Jahre &#8211; deutsche Luege"},"content":{"rendered":"<p>Am 26.4.2018 hielt Alexander Gauland (<a title=\"AfD\" href=\"https:\/\/www.freiburg-schwarzwald.de\/blog\/vereine\/partei\/afd\/\">AfD<\/a>-MdB) vor dem <a title=\"Parlament\" href=\"https:\/\/www.freiburg-schwarzwald.de\/blog\/engagement\/zukunft\/demokratie\/parlament\/\">Bundestag<\/a> eine international beachtete Rede zum 70. Jahrestag der Gr\u00fcndung des <a title=\"Israel\" href=\"https:\/\/www.freiburg-schwarzwald.de\/blog\/global\/israel\/\">Staates Israel<\/a>. Auch die <a title=\"Israel Staatsraison Deutschland\" href=\"https:\/\/www.freiburg-schwarzwald.de\/blog\/israel-staatsraison-deutschland\/\">israelitische Presse<\/a> hob den Redetext lobend hervor, monierte jedoch: Warum wurde dieser Rede von den <a title=\"Demokratie\" href=\"https:\/\/www.freiburg-schwarzwald.de\/blog\/engagement\/zukunft\/demokratie\/\">deutschen Bundestagsabgeordneten<\/a> von CDU\/CSU, SPD, Gr\u00fcne und FDP der Applaus versagt, zumal deren Inhalt der Position der CDU vor dem Jahr 2002 exakt entsprach? <!--more-->.<br \/>\n.<br \/>\nWarum sa\u00dfen die MdB&#8217;s nach dem Redebeitrag im Bundestag da mit versteinerten und anteilnahmslosen Mienen. Zu Recht werten viele Politiker gerade in <a title=\"Israelis\" href=\"https:\/\/www.freiburg-schwarzwald.de\/blog\/global\/israel\/israel2013\/israelis\/\">Israel<\/a> dies als Zeichen\u00a0 einer unglaubw\u00fcrdigen und verlogenen deutschen Politik Israel gegen\u00fcber: In dieser so wichtigen Frage (&#8222;<a title=\"Israel Staatsraison Deutschland\" href=\"https:\/\/www.freiburg-schwarzwald.de\/blog\/israel-staatsraison-deutschland\/\">Israel ist Staatsraison von Deutschlands<\/a>&#8220; (Merkel)) werden Argumente <a title=\"Parteien AfD Parlamentdebatte\" href=\"https:\/\/www.freiburg-schwarzwald.de\/blog\/parteien-afd-parlamentdebatte\/\">nach seiner Herkunft<\/a> statt nach seinem Inhalt beurteilt. <strong><em>Wenn ein Volksvertreter der AfD etwas richtiges sag<\/em><\/strong>t<strong><em>, mu\u00df es falsch sein<\/em><\/strong>.<br \/>\nUnsere <a title=\"Diskussionskultur\" href=\"https:\/\/www.freiburg-schwarzwald.de\/blog\/kultur\/medien\/diskussionskultur\/\">Diskussionskultur<\/a> in und <a title=\"Tellkamp \u2013 Diskussionskultur\" href=\"https:\/\/www.freiburg-schwarzwald.de\/blog\/tellkamp-diskussionskultur\/\">au\u00dferhalb<\/a> des Parlaments ist zerst\u00f6rt: Beitr\u00e4ge der AfD werden entweder umgedeutet und in die rechte <a title=\"Nazi\" href=\"https:\/\/www.freiburg-schwarzwald.de\/blog\/religion\/juden\/nazi\/\">Nazi-Ecke<\/a> gestellt oder aber &#8211; falls dies wie in diesem Fall nicht gelingt &#8211; einfach ignoriert. Die <a title=\"Gesinnungsdiktatur\" href=\"https:\/\/www.freiburg-schwarzwald.de\/blog\/kultur\/medien\/gesinnungsdiktatur\/\">Gesinnungsdiktatur<\/a> lebt im Deutschland seit 2015. Dieses undemokratische Verhalten wird jetzt sogar in Israel, dem einzigen demokratischen Staat im Nahen Osten, angeprangert.<br \/>\n2.5.2018<br \/>\n.<br \/>\n<strong>Gauland&#8217;s Israel 70-Rede ohne Applaus: Vermurkste Diskussionskultur<\/strong><br \/>\nLetzten Donnerstag hat sich der Bundestag zum Existenzrecht Israels bekannt. &#8230; Zu den Rednern bei der Israel-Stunde des Bundestages geh\u00f6rte auch der Fraktions-chef der AfD, Alexander Gauland. Seine kurze Rede war klug, sachlich und dem Anlass angemessen. Die Existenenzsicherung Israels, sagte Gauland, beginne \u201eam Brandenburger Tor\u201c, wer den Davidstern verbrenne, habe \u201edas Gastrecht missbraucht und verwirkt\u201c. F\u00fcnf Mal bekam Gauland w\u00e4hrend seiner kurzen Rede Beifall, immer nur von seiner Fraktion, der AfD.<br \/>\nBei den anderen Fraktionen r\u00fchrte sich keine Hand. H\u00e4tte irgendein anderes MdB dieselbe Rede gehalten, w\u00e4re sich das ganze Hohe Haus einig gewesen: Gut gemacht!<br \/>\nEs kommt aber in diesem vermurksten Land, in dem die <a title=\"Political-Correctness\" href=\"https:\/\/www.freiburg-schwarzwald.de\/blog\/kultur\/medien\/political-correctness\/\">Political Correctness<\/a> l\u00e4ngst \u00fcber die Vernunft gesiegt hat, nicht darauf an, was gesagt wird, sondern wer es sagt. Man will \u201eder falschen Seite\u201c keinen Beifall spenden, auch dann nicht, wenn sie etwas Richtiges sagt. Sch\u00e4biger und erb\u00e4rmlicher geht es nimmer.<br \/>\n&#8230; Alles vom 30.4.2018 bitte lesen auf<br \/>\n<a href=\"https:\/\/www.achgut.com\/artikel\/kaum_versprochen_schon_gebrochen\">https:\/\/www.achgut.com\/artikel\/kaum_versprochen_schon_gebrochen<\/a><\/p>\n<p><strong>Bitte h\u00f6ren Sie sich die Rede an:<\/strong><br \/>\nAm 26.4.2018 hielt MdB Alexander Galuand vor dem Bundestag eine bemerkenswerte Rede zum 70. Jahrestag der Gr\u00fcndung des Staates Israel.<br \/>\n<a href=\"https:\/\/www.bundestag.de\/mediathek?videoid=7221574#url=L21lZGlhdGhla292ZXJsYXk\/dmlkZW9pZD03MjIxNTc0&amp;mod=mediathek\">https:\/\/www.bundestag.de\/mediathek?videoid=7221574#url=L21lZGlhdGhla292ZXJsYXk\/dmlkZW9pZD03MjIxNTc0&amp;mod=mediathek<\/a><br \/>\n.<br \/>\n<strong>Gaulands Rede im israelischen Fernsehen<\/strong><br \/>\nMan stelle sich nur einmal vor, die Rede Gaulands w\u00e4re im israelischen Fernsehen gezeigt worden und nach seinen sehr richtigen Worte zur Verantwortung Israel gegen\u00fcber sieht man &#8211; die AfD ausgenommen &#8211; nur herunter gezogene Mundwinkel und keiner klatscht. Machen sich die Abgeordneten von diesen Kindergarten-Parteien eigentlich mal Gedanken \u00fcber ihr Handeln?<br \/>\n30.4.2018, Gabi von Bose, AO<br \/>\n<em>Anmerkung: Die Rede ist am 28.4. im TV von Tel Aviv gezeigt worden.<\/em><br \/>\n.<br \/>\n<strong>H\u00f6cke&#8217;s &#8222;Denkmal der Schande&#8220;<\/strong><br \/>\nMit den \u201cunfassbaren \u00c4u\u00dferungen des Herrn H\u00f6cke aus Th\u00fcringen\u201d meinte KGE vermutlich die Stelle, als H\u00f6cke vom Holocaustdenkmal als \u201cDenkmal der Schande\u201d sprach. . KGE sollte wissen, dass H\u00f6cke nur zitiert hat, freilich ohne den Autor zu nennen. Es handelt sich dabei um den britischen Kunsthistoriker Neill MacGregor, der von 2002 bis 2015 Direktor des British Museum war und seit Mai 2015 Intendant der Berliner Humboldforums ist. Diesen Neill MacGregor erw\u00e4hnte die Staatsministerin Monika Gr\u00fctters w\u00e4hrend ihrer Rede zur Denkmalkultur in Deutschland am 5. September 2016 und sagte, dass MacGregor im Vorwort zu seiner Ausstellung \u201cDeutschlanf &#8211; Erinnerungen einer Nation\u201d geschrieben haber, er \u201ckenne kein anderes Land, das in der Mitte seiner Hauptstadt ein Denkmal der eigenen Schande errichtet h\u00e4tte.\u201d<br \/>\n30.4.2018, Peter Sticherling, AO<\/p>\n<p><strong> Kant: Unm\u00fcndigkeit<\/strong><br \/>\n\u201eFaulheit und Feigheit sind die Ursachen, warum ein so gro\u00dfer Teil der Menschen\u2026.gern zeitlebens unm\u00fcndig bleiben; und warum es anderen so leicht wird, sich zu deren Vorm\u00fcndern aufzuwerfen. Es ist so bequem, unm\u00fcndig zu sein\u201c ( Immanuel Kant in seinem Aufsatz \u201eBeantwortung der Frage: Was ist Aufkl\u00e4rung?\u201c im Dezember 1784) .<br \/>\nNeuerdings verbergen sich Faulheit und Feigheit hinter der Haltung der \u201cpolitical correctness\u201d. Es ist so bequem, ein Argument nach seiner Herkunft statt nach seinem Inhalt zu beurteilen.<br \/>\n30.4.2018, Dr. Gerd Brosowski, AO<\/p>\n","protected":false},"excerpt":{"rendered":"<p>Am 26.4.2018 hielt Alexander Gauland (AfD-MdB) vor dem Bundestag eine international beachtete Rede zum 70. Jahrestag der Gr\u00fcndung des Staates Israel. Auch die israelitische Presse hob den Redetext lobend hervor, monierte jedoch: Warum wurde dieser Rede von den deutschen Bundestagsabgeordneten &hellip; <a href=\"https:\/\/www.freiburg-schwarzwald.de\/blog\/israel-70-jahre-deutsche-luege\/\">Weiterlesen <span class=\"meta-nav\">&rarr;<\/span><\/a><\/p>\n","protected":false},"author":2,"featured_media":0,"comment_status":"open","ping_status":"closed","sticky":false,"template":"","format":"standard","meta":{"footnotes":""},"categories":[18,36,13,80,172],"tags":[633,84,420,525],"class_list":["post-67357","post","type-post","status-publish","format-standard","hentry","category-bildung","category-engagement","category-kultur","category-medien","category-zukunft","tag-demokratie","tag-israel","tag-juden","tag-politik"],"_links":{"self":[{"href":"https:\/\/www.freiburg-schwarzwald.de\/blog\/wp-json\/wp\/v2\/posts\/67357","targetHints":{"allow":["GET"]}}],"collection":[{"href":"https:\/\/www.freiburg-schwarzwald.de\/blog\/wp-json\/wp\/v2\/posts"}],"about":[{"href":"https:\/\/www.freiburg-schwarzwald.de\/blog\/wp-json\/wp\/v2\/types\/post"}],"author":[{"embeddable":true,"href":"https:\/\/www.freiburg-schwarzwald.de\/blog\/wp-json\/wp\/v2\/users\/2"}],"replies":[{"embeddable":true,"href":"https:\/\/www.freiburg-schwarzwald.de\/blog\/wp-json\/wp\/v2\/comments?post=67357"}],"version-history":[{"count":0,"href":"https:\/\/www.freiburg-schwarzwald.de\/blog\/wp-json\/wp\/v2\/posts\/67357\/revisions"}],"wp:attachment":[{"href":"https:\/\/www.freiburg-schwarzwald.de\/blog\/wp-json\/wp\/v2\/media?parent=67357"}],"wp:term":[{"taxonomy":"category","embeddable":true,"href":"https:\/\/www.freiburg-schwarzwald.de\/blog\/wp-json\/wp\/v2\/categories?post=67357"},{"taxonomy":"post_tag","embeddable":true,"href":"https:\/\/www.freiburg-schwarzwald.de\/blog\/wp-json\/wp\/v2\/tags?post=67357"}],"curies":[{"name":"wp","href":"https:\/\/api.w.org\/{rel}","templated":true}]}}