{"id":67182,"date":"2018-04-04T16:43:07","date_gmt":"2018-04-04T14:43:07","guid":{"rendered":"https:\/\/www.freiburg-schwarzwald.de\/blog\/?p=67182"},"modified":"2018-04-04T16:50:07","modified_gmt":"2018-04-04T14:50:07","slug":"lotto-traum-grundgesetz-ok","status":"publish","type":"post","link":"https:\/\/www.freiburg-schwarzwald.de\/blog\/lotto-traum-grundgesetz-ok\/","title":{"rendered":"Lotto-Traum: Grundgesetz OK"},"content":{"rendered":"<p>Ich hatte einen <a title=\"Weltoffenes Deutschland\" href=\"https:\/\/www.freiburg-schwarzwald.de\/blog\/weltoffenes-deutschland\/\">Traum<\/a>. Die <a title=\"Fernsehen\" href=\"https:\/\/www.freiburg-schwarzwald.de\/blog\/kultur\/medien\/fernsehen\/\">\u00d6ffentlich Rechtlichen<\/a> forderten mich auf, den Fernsehzuschauern meine <a title=\"Ehrlichkeit\" href=\"https:\/\/www.freiburg-schwarzwald.de\/blog\/engagement\/zukunft\/ehrlichkeit\/\">ehrliche<\/a> <a title=\"Meinungsfreiheit\" href=\"https:\/\/www.freiburg-schwarzwald.de\/blog\/kultur\/medien\/meinungsfreiheit\/\">Meinung<\/a> \u00fcber die <a title=\"Willkommensstruktur unehrlich\" href=\"https:\/\/www.freiburg-schwarzwald.de\/blog\/willkommensstruktur-unehrlich\/\">Zust\u00e4nde<\/a> in diesem <a title=\"Islam-Deutschland\" href=\"https:\/\/www.freiburg-schwarzwald.de\/blog\/religion\/islam\/islam-deutschland\/\">Land<\/a> mitzuteilen. \u201cSapere aude &#8211; habe den Mut, Dich Deines <a title=\"Aufklaerung\" href=\"https:\/\/www.freiburg-schwarzwald.de\/blog\/kultur\/aufklaerung\/\">eigenen Verstande<\/a>s zu bedienen\u201d, begann ich, \u201cund falle nie mehr auf die <a title=\"Luegenpresse\" href=\"https:\/\/www.freiburg-schwarzwald.de\/blog\/kultur\/medien\/luegenpresse\/\">L\u00fcgen<\/a> der <a title=\"Massenmigration trotz Luegen\" href=\"https:\/\/www.freiburg-schwarzwald.de\/blog\/massenmigration-trotz-luegen\/\">Politiker<\/a> herein. Die <a title=\"Grundgesetz vor Migration\" href=\"https:\/\/www.freiburg-schwarzwald.de\/blog\/grundgesetz-vor-migration\/\">Sch\u00f6pfer<\/a> unseres <a title=\"Grundgesetz\" href=\"https:\/\/www.freiburg-schwarzwald.de\/blog\/engagement\/zukunft\/demokratie\/grundgesetz\/\">Grundgesetze<\/a>s waren weise Menschen. <!--more-->Die hierin enthaltenen Gesetze <a title=\"Islam Grundgesetz: drei Punkte\" href=\"https:\/\/www.freiburg-schwarzwald.de\/blog\/islam-grundgesetz-drei-punkte\/\">regeln<\/a> das <a title=\"Grundgesetz wird missbraucht\" href=\"https:\/\/www.freiburg-schwarzwald.de\/blog\/grundgesetz-wird-missbraucht\/\">Miteinander der B\u00fcrger<\/a> in unserem <a title=\"Islam-Deutschland\" href=\"https:\/\/www.freiburg-schwarzwald.de\/blog\/religion\/islam\/islam-deutschland\/\">Land <\/a>auf vorbildliche Weise. Und noch vieles mehr. Wer sich nicht an dieses Regelwerk h\u00e4lt und t\u00e4glich Gesetze bricht, geh\u00f6rt nicht auf die Regierungsbank, sondern vor die Schranken eines ordentlichen Gerichts.<br \/>\nLiebe Mitb\u00fcrger, wer von Ihnen die <a title=\"Erklaerung 2018 \u2013 Rechtsstaat\" href=\"https:\/\/www.freiburg-schwarzwald.de\/blog\/erklaerung-2018-rechtsstaat\/\">Erkl\u00e4rung 2018<\/a> noch nicht unterschrieben hat, sollte dies schleunigst nachholen. Gemeinsam sind wir stark und k\u00f6nnen verlorenes Terrain wieder gut machen.\u201d<br \/>\nTosender Beifall von den R\u00e4ngen, der sich leider als das laute Schnarren meines Weckers herausstellte, als ich erwachte. Wie schade. Tr\u00e4ume sind halt Sch\u00e4ume.<br \/>\n3.4.2018, Uta Buhr, AO<br \/>\n.<\/p>\n<p><strong>1 Minute in der Tagesschau: Was w\u00fcrden Sie sagen?<\/strong><br \/>\nIch m\u00f6chte die Frage nach dem Lotto-Traum in einer neuen Variante stellen: Wenn Sie eine Minute lang, etwa am Anfang der Tagesschau, zur Nation sprechen k\u00f6nnten, was w\u00fcrden Sie sagen? &#8230;<br \/>\nIn unserem Denk-Experiment geht es nicht wirklich um die 20-Uhr-Nachrichten. So wie die alte Frage \u201eWas w\u00fcrden Sie mit einer Million Euro anstellen?\u201c darauf zielt, was wir mit unseren Leben anstellen m\u00f6chten, so zielt auch meine Tagesschau-Frage darauf, was wir pers\u00f6nlich f\u00fcr die dringendste Botschaft an die Welt halten.<br \/>\nNun ist es wenig wahrscheinlich, dass f\u00fcr einen von uns in n\u00e4chster Zeit eine Sendeminute freiger\u00e4umt werden wird, doch darum geht es nicht. Es geht hier um den Konjunktiv, die Selbsterforschung im Bedenken des blo\u00df logisch M\u00f6glichen.<br \/>\nWas erachten wir als so wichtig, dass wir es der ganzen Nation sagen m\u00f6chten? Formulieren wir es doch aus, jeder f\u00fcr sich, und dann sagen wir es dem Nachbarn. <strong><em>Ein einziger Schritt, den man tats\u00e4chlich geht, ist viel mehr wert als die Meile, die zu gehen man nur tr\u00e4umt<\/em><\/strong><br \/>\n&#8230;.<br \/>\nIch kenne Menschen, darunter Ex-Muslime, die in ihrer Minute der dringenden Mahnung sagen w\u00fcrden: \u201eDer Islam ist als Religion nicht mit dem Protestantismus vergleichbar. Wer Ihnen sagt, Islam sei kein politisches System, wei\u00df nicht, wovon er spricht \u2013 oder l\u00fcgt Sie mit b\u00f6ser Absicht an.\u201c<br \/>\nIch kenne Menschen, darunter Ex-CDU-Politiker, die k\u00f6nnten sagen: \u201eMerkel hat der Bundesrepublik und Europa mehr Schaden zugef\u00fcgt als jede andere deutsche Regierung nach dem Zweiten Weltkrieg. Alle B\u00fcrger guten Willens sollten ihre politischen Differenzen beiseite legen und d\u00fcrfen nicht ruhen, bis Merkel und Ihre Steigb\u00fcgelhalter aus der Regierung entfernt sind.\u201c<br \/>\nEs gibt Menschen, darunter ehemalige und auch aktuelle Software-Gurus, die w\u00fcrden sagen: \u201eEs ist nicht metaphorisch, sondern 100 Prozent real, dass Soziale Medien wie Heroin wirken. Smartphone- und Social-Media-Abh\u00e4ngigkeit ist eine globale Sucht-Epidemie. Die Social-Media-Betreiber wissen es genau und erzielen ihre Milliarden-Gewinne durch Manipulation des menschlichen Hormonhaushalts. Social-Media-Konzerne sind quasi die neuen Drogenbarone und sollten auch so behandelt werden.\u201c<br \/>\nAkif Pirin\u00e7ci (ich habe ihn gefragt) w\u00fcrde sagen: \u201eEgal mit welchen Mitteln, Deutschland muss 6 bis 8 Millionen Menschen abschieben, vornehmlich Moslems.\u201c (Siehe auch sein Text \u201eEnde und Aus\u201c.) Notiz: Pirin\u00e7ci ist ein Lackmustest f\u00fcr Demokraten. Wenn du Pirin\u00e7ci nicht ertragen kannst, dann glaube ich dir dein Gerede von Meinungsfreiheit nicht.<br \/>\n&#8230; Alles von Dushan Wegner vom 3.4.2018 bitte lesen auf<br \/>\n<a href=\"https:\/\/www.achgut.com\/artikel\/1_minute_in_der_tagesschau_was_wuerden_sie_sagen\">https:\/\/www.achgut.com\/artikel\/1_minute_in_der_tagesschau_was_wuerden_sie_sagen<\/a><\/p>\n<p><a href=\"https:\/\/www.dushanwegner.com\">www.dushanwegner.com<\/a>.<br \/>\n.<br \/>\n<strong>1 Minute Tagesschau: Hausverwaltung mit Deutschland als Haus<\/strong><br \/>\nIch w\u00fcrde sagen : Eine Regierung ist vergleichbar mit einer Hausverwaltung. Deutschland ist das Haus. Ihr seid die Eigent\u00fcmer. Der Hausverwalter hat euren Auftrag, die Angelegenheiten rund um das Haus in eurem Sinne zu verwalten. Er verwaltet euer Geld, welches ihr monatlich in Form der Nebenkosten (Steuern) in eine gemeinsame Kasse einzahlt. <strong><em>Dieser Hausverwalter entscheidet eines Tages eigenm\u00e4chtig, das Haus mit Bewohnern aufzuf\u00fcllen, die er einl\u00e4dt, in dem Haus zu leben. F\u00fcr eine unbestimmte Dauer. F\u00fcr Unterkunft und Verpflegung der Neuank\u00f6mmlinge sind die bisherigen Eigent\u00fcmer, die die schon l\u00e4nger im Haus wohnen, zust\u00e4ndig.<\/em><\/strong> Was w\u00fcrdet ihr, w\u00e4ret ihr die Eigent\u00fcmer, dem Verwalter auf der n\u00e4chsten Eigent\u00fcmerversammlung sagen? W\u00fcrdet ihr ihn abw\u00e4hlen? Einen neuen bestellen, dem ihr euren Besitz und euer Geld anvertraut? Oder w\u00fcrdet ihr dem Verwalter Beifall klatschen und zu seiner menschlich gro\u00dfen Tat begl\u00fcckw\u00fcnschen, die ihr finanzieren d\u00fcrft? W\u00fcrdet ihr ihm danken und ihn f\u00fcr eine weitere 4-j\u00e4hrige Vertragslaufzeit bestellen? Oder w\u00fcrdet ihr \u201eden b\u00f6sen Verwalter\u201c dahin w\u00fcnschen, wo der Pfeffer w\u00e4chst?<br \/>\n3.4.2018, Werner Arning, AO<\/p>\n<p><strong>1 Minute Tagesschau: seien Sie kritisch<\/strong><br \/>\nLiebe Mitb\u00fcrger, bitte informieren sie sich nicht mehr nur \u00fcber Fernsehen und Presse. Erweitern sie ihr Wissen durch Informationen aus dem Internet.<br \/>\nSeien sie kritisch, wenn ihnen die klassischen Medien Meinungen aufdr\u00e4ngen wollen. Versuchen sie Berichte in TV und Zeitung mit denen online zu vergleichen.<br \/>\nSie werden unter anderem schnell feststellen, dass der RBB in seiner Sendung \u201cT\u00e4ter, Opfer, Polizei\u201d Kriminelle mit muslimischen Vornamen in Philipp, Thomas und Martin umbenennt.<br \/>\nSie werden erkennen, dass Islam-Kritikern wie <a title=\"Kelek\" href=\"https:\/\/www.freiburg-schwarzwald.de\/blog\/religion\/islam\/kelek\/\">Necla Kelek<\/a> vors\u00e4tzlich unzutreffende Aussagen unterstellt werden.<br \/>\nSie werden erfahren, dass ein Kratzer am Hals eines Politikers von unserer Justiz als Mordversuch gewertet wird, aber die schweren Stichverletzungen (Koma, Verlust von Milz und Teilen der Bauchspeicheldr\u00fcse) an einer jungen Frau nur als K\u00f6rperverletzung. In ihrem eigenen Interesse bitte ich sie sich unbedingt online zu informieren. Sie werden eine vollkommen andere Realit\u00e4t &#8211; echte Lebenswirklichkeit &#8211; kennenlernen. Bitte verurteilen sie dann nicht den \u00dcberbringer der schlechten Nachrichten, sondern die T\u00e4ter, die bisher so dreist gelogen, manipuliert, zensiert und verharmlost haben.<br \/>\n3.4.2018, Viola Heyer, AO<\/p>\n<p>.<\/p>\n<p><strong>Erkl\u00e4rung 2018: Zweite Staffel<\/strong><\/p>\n<p>Seit \u00fcber zwei Wochen ist die <a title=\"Erklaerung 2018 \u2013 Rechtsstaat\" href=\"https:\/\/www.freiburg-schwarzwald.de\/blog\/erklaerung-2018-rechtsstaat\/\">\u201eErkl\u00e4rung 2018\u201c<\/a> in der Welt, sie wurde inzwischen von mehr Menschen unterzeichnet, als an den Osterm\u00e4rschen teilgenommen haben.<\/p>\n<p><em><strong>\u201cMit wachsendem Befremden beobachten wir, <\/strong><\/em><br \/>\n<em><strong>wie Deutschland durch die illegale Masseneinwanderung besch\u00e4digt wird. <\/strong><\/em><br \/>\n<em><strong>Wir solidarisieren uns mit denjenigen, die friedlich daf\u00fcr demonstrieren, <\/strong><\/em><br \/>\n<em><strong>dass die rechtsstaatliche Ordnung an den Grenzen unseres Landes <\/strong><\/em><br \/>\n<em><strong>wiederhergestellt wird.\u201d<\/strong> <\/em><\/p>\n<p>Allein nach dem Beitrag in den Tagesthemen am Ostersonntag kamen etwa 15.000 Unterschriften dazu inzwischen sind es \u00fcber 65.000. Vielen Dank, liebe Kollegen in Hamburg!<br \/>\n&#8230; Alles vom 4.4.2018 bitte lesen auf<br \/>\n<a href=\"https:\/\/www.achgut.com\/artikel\/erklaerung_2018_zweite_staffel\">https:\/\/www.achgut.com\/artikel\/erklaerung_2018_zweite_staffel<\/a><\/p>\n<p>&#8222;Erkl\u00e4rung 2018&#8220;: Konservative und rechte Intellektuelle gegen Fl\u00fcchtlingspolitik &#8211; das meldet die tagesschau am Ostersonntag 1.4.2018:<br \/>\n<a href=\"https:\/\/www.tagesschau.de\/multimedia\/video\/video-390567.html\">https:\/\/www.tagesschau.de\/multimedia\/video\/video-390567.html<\/a><br \/>\n<a href=\"https:\/\/www.erklaerung2018.de\/mitmachen.html\">https:\/\/www.erklaerung2018.de\/mitmachen.html<\/a><\/p>\n","protected":false},"excerpt":{"rendered":"<p>Ich hatte einen Traum. Die \u00d6ffentlich Rechtlichen forderten mich auf, den Fernsehzuschauern meine ehrliche Meinung \u00fcber die Zust\u00e4nde in diesem Land mitzuteilen. \u201cSapere aude &#8211; habe den Mut, Dich Deines eigenen Verstandes zu bedienen\u201d, begann ich, \u201cund falle nie mehr &hellip; <a href=\"https:\/\/www.freiburg-schwarzwald.de\/blog\/lotto-traum-grundgesetz-ok\/\">Weiterlesen <span class=\"meta-nav\">&rarr;<\/span><\/a><\/p>\n","protected":false},"author":2,"featured_media":0,"comment_status":"open","ping_status":"closed","sticky":false,"template":"","format":"standard","meta":{"footnotes":""},"categories":[18,181,155,172],"tags":[150,633,631],"class_list":["post-67182","post","type-post","status-publish","format-standard","hentry","category-bildung","category-buergerbeteiligung","category-integration","category-zukunft","tag-buergerbegehren","tag-demokratie","tag-staat"],"_links":{"self":[{"href":"https:\/\/www.freiburg-schwarzwald.de\/blog\/wp-json\/wp\/v2\/posts\/67182","targetHints":{"allow":["GET"]}}],"collection":[{"href":"https:\/\/www.freiburg-schwarzwald.de\/blog\/wp-json\/wp\/v2\/posts"}],"about":[{"href":"https:\/\/www.freiburg-schwarzwald.de\/blog\/wp-json\/wp\/v2\/types\/post"}],"author":[{"embeddable":true,"href":"https:\/\/www.freiburg-schwarzwald.de\/blog\/wp-json\/wp\/v2\/users\/2"}],"replies":[{"embeddable":true,"href":"https:\/\/www.freiburg-schwarzwald.de\/blog\/wp-json\/wp\/v2\/comments?post=67182"}],"version-history":[{"count":0,"href":"https:\/\/www.freiburg-schwarzwald.de\/blog\/wp-json\/wp\/v2\/posts\/67182\/revisions"}],"wp:attachment":[{"href":"https:\/\/www.freiburg-schwarzwald.de\/blog\/wp-json\/wp\/v2\/media?parent=67182"}],"wp:term":[{"taxonomy":"category","embeddable":true,"href":"https:\/\/www.freiburg-schwarzwald.de\/blog\/wp-json\/wp\/v2\/categories?post=67182"},{"taxonomy":"post_tag","embeddable":true,"href":"https:\/\/www.freiburg-schwarzwald.de\/blog\/wp-json\/wp\/v2\/tags?post=67182"}],"curies":[{"name":"wp","href":"https:\/\/api.w.org\/{rel}","templated":true}]}}