{"id":67098,"date":"2018-03-29T16:46:34","date_gmt":"2018-03-29T14:46:34","guid":{"rendered":"https:\/\/www.freiburg-schwarzwald.de\/blog\/?p=67098"},"modified":"2018-04-17T21:04:18","modified_gmt":"2018-04-17T19:04:18","slug":"muslimisches-mobbing-schulen","status":"publish","type":"post","link":"https:\/\/www.freiburg-schwarzwald.de\/blog\/muslimisches-mobbing-schulen\/","title":{"rendered":"Muslimisches Mobbing Schulen"},"content":{"rendered":"<p>An einer <a title=\"Berlin\" href=\"https:\/\/www.freiburg-schwarzwald.de\/blog\/global\/deutschland\/berlin\/\">Berliner<\/a> Grundschule wurde eine Zweitkl\u00e4sslerin von <a title=\"Muslime\" href=\"https:\/\/www.freiburg-schwarzwald.de\/blog\/global\/integration\/muslime\/\">muslimischen Sch\u00fclern<\/a> als &#8222;<a title=\"Juden\" href=\"https:\/\/www.freiburg-schwarzwald.de\/blog\/religion\/juden\/\">Jude<\/a>&#8220; beschimpft und mit dem <a title=\"Messerstecher\" href=\"https:\/\/www.freiburg-schwarzwald.de\/blog\/selbsthilfe\/soziales\/justiz\/messerstecher\/\">Tode bedroht<\/a>, weil sie nicht an <a title=\"Islam-Fatwa\" href=\"https:\/\/www.freiburg-schwarzwald.de\/blog\/religion\/islam\/islam-fatwa\/\">Allah<\/a> glaube. &#8222;Kein Einzelfall&#8220; &#8211; so Marina Chernivsky von der Zentralwohlfahrt der Juden in <a title=\"Deutschland\" href=\"https:\/\/www.freiburg-schwarzwald.de\/blog\/global\/deutschland\/\">Deutschland<\/a>. Der hierzu von der <a title=\"Zeit\" href=\"https:\/\/www.freiburg-schwarzwald.de\/blog\/engagement\/zukunft\/zeit-2\/\">Bildzeitung<\/a> eingef\u00fchrte Begriff des &#8222;relig\u00f6sen <a title=\"Mobbing\" href=\"https:\/\/www.freiburg-schwarzwald.de\/blog\/selbsthilfe\/krise\/mobbing\/\">Mobbing<\/a>&#8220; zeigt, wie sehr das <a title=\"Political-Correctness\" href=\"https:\/\/www.freiburg-schwarzwald.de\/blog\/kultur\/medien\/political-correctness\/\">politisch korrekte<\/a> <a title=\"Merkelismus\" href=\"https:\/\/www.freiburg-schwarzwald.de\/blog\/engagement\/zukunft\/demokratie\/merkelismus\/\">Merkel-System<\/a> die <a title=\"Mainstream\" href=\"https:\/\/www.freiburg-schwarzwald.de\/blog\/kultur\/medien\/mainstream\/\">Medien<\/a> bestimmt.<br \/>\n.<!--more-->Nein, dieses <a title=\"Mobbing\" href=\"https:\/\/www.freiburg-schwarzwald.de\/blog\/selbsthilfe\/krise\/mobbing\/\">Mobbing<\/a> ist nicht religi\u00f6s. Denn dann m\u00fcsste es auch in anderen Weltanschauungen, die man zurecht <a title=\"Religion\" href=\"https:\/\/www.freiburg-schwarzwald.de\/blog\/religion\/\">Religionen<\/a> nennt, \u00fcblich sein:<br \/>\nDrohen <a title=\"Katholisch\" href=\"https:\/\/www.freiburg-schwarzwald.de\/blog\/religion\/katholisch\/\">katholische<\/a> Grundsch\u00fcler im vom Katholizismus gepr\u00e4gten K\u00f6ln muslimischen Mitsch\u00fclern aus Syrien mit dem Tod, wenn diese sich nicht alsbald taufen lassen?<br \/>\nWerden <a title=\"Dalai Lama warnt \u2013 Arabisierung\" href=\"https:\/\/www.freiburg-schwarzwald.de\/blog\/dalai-lama-warnt-arabisierung\/\">Buddhisten<\/a> zu brutalen Schl\u00e4gern, wenn die Nicht-Buddhisten ein Kreuzkettchen um den Hals tragen oder eine Frau mit Hijab \u00fcber die Stra\u00dfe l\u00e4uft?<br \/>\nT\u00f6ten Juden jemals <a title=\"Agnostiker\" href=\"https:\/\/www.freiburg-schwarzwald.de\/blog\/religion\/agnostiker\/\">Atheisten<\/a>\u00a0bzw. Agnostiker, wenn diese die Sabbatruhe nicht einhalten?<\/p>\n<p>Nein, dieses <a title=\"Muslime-Mobbing\" href=\"https:\/\/www.freiburg-schwarzwald.de\/blog\/global\/integration\/muslime\/muslime-mobbing\/\">Mobbing geht von Muslimen aus<\/a>: Der\u00a0 durch Millionen angeblichen Fl\u00fcchtlingen nach Europa importiere <a title=\"Fauler Friede: Christen Muslime\" href=\"https:\/\/www.freiburg-schwarzwald.de\/blog\/fauler-friede-christen-muslime\/\">Islam<\/a> ist keine Religion (<a title=\"Koran\" href=\"https:\/\/www.freiburg-schwarzwald.de\/blog\/religion\/islam\/koran\/\">Koran<\/a>), sondern eine Staatsideologie (Koran + Scharia) als <a title=\"Islam-Politik\" href=\"https:\/\/www.freiburg-schwarzwald.de\/blog\/religion\/islam\/islam-politik\/\">politisches System<\/a>. Und mit ihm kamen <a title=\"Antisemitismus\" href=\"https:\/\/www.freiburg-schwarzwald.de\/blog\/religion\/juden\/antisemitismus\/\">Antisemitismus<\/a> und <a title=\"Muslime-Mobbing\" href=\"https:\/\/www.freiburg-schwarzwald.de\/blog\/global\/integration\/muslime\/muslime-mobbing\/\">&#8222;muslimisches Mobbing&#8220;<\/a> an deutsche <a title=\"Schulen\" href=\"https:\/\/www.freiburg-schwarzwald.de\/blog\/bildung\/schulen\/\">Schulen<\/a>.<br \/>\n29.3.2018<\/p>\n<p><strong>Religi\u00f6ses Mobbing = Islamisches Mobbing<\/strong><br \/>\nReligi\u00f6ses Mobbing hei\u00dft im Klartext \u2013 muslimische, arabische Gewalt gegen\u00fcber Christen und Juden an Schulen.<br \/>\nSo wie die <a title=\"Sabastian Kurz und Boris Palmer\" href=\"https:\/\/www.freiburg-schwarzwald.de\/blog\/sabastian-kurz-und-boris-palmer\/\">Wiener Lehrerin<\/a> schon sagte, ist f\u00fcr viele muslimische Eltern und SCH\u00dcLER der islamische Glaube und die Scharia wichtiger als die Bildung die an Schulen gelehrt wird,von daher entstehen immer mehr Konflikte an Schulen weil Muslime unseren Glauben, Kultur, Weltanschaung ablehnen.<br \/>\n28.3.2018, Emma, PPO<\/p>\n<p>\u201eRelig\u00f6ses Mobbing\u201c ist wieder so ein Begriff, der nur ersonnen wurde, um Ross und Reiter nicht zu benennan. Aber so ist das in einem System, das von Zensur, Selbstzensur und Angst notd\u00fcrftig zusammengehalten wird. Dieser Begriff verdient einen \u201eEhrenplatz\u201c im Lexikon der Sprache des Merkel-Staats.<br \/>\nbei diesem Thema haben Sie vollkommen Recht. In der heutigen Sendung des ZDF vom 28. M\u00e4rz 2018 hat es die Nachrichtensendung \u201eheute\u201c geschafft, im gesamten Nachrichtenbericht zur antisemitischen Ermordung einer Holocaust\u00fcberlebenden in Frankreich zu verschweigen, dass der Straft\u00e4ter Muslim ist. Die Straft\u00e4terherkunft wird von gr\u00fcn-linken Journalisten verschwiegen.<br \/>\n28.3.2018<\/p>\n<p>Doch, es handelt sich um religi\u00f6ses Mobbing: f\u00fcr Moslems ist ihre faschistische Theokratie eine RELIGION und erst die Unterwerfung aller unter die Knute Allahs und seiner Scharia bedeutet Frieden. So, morgen ist Gr\u00fcndonnerstag und (obgleich Atheist) mu\u00df ich noch nach alter Tradition der preu\u00dfischen Werrwulfs unseren Kartoffelsalat mit den gr\u00fcnen G\u00fcrkchen vorbereiten.<br \/>\n28.3.2018, Freya, PPO<\/p>\n<p>Leider wird dieser Islam bald im neuen Gesetz zum Schutz von Minderheiten und Religionen f\u00fcr immer gewandet sein. N\u00e4mlich als Religion und somit f\u00fcr niemanden mehr kritisierbar. Das haben sich die Islamisierer Deutschlands und Europas alles gut ausgedacht. Es w\u00e4re ja einfach, ihnen nachzuweisen, das es mitnichten eine Religion in unserem Sinne ist. Aber das will man wohl nicht h\u00f6ren.<br \/>\nGast, PPO<\/p>\n<p><strong>Muslime mobben j\u00fcdisches M\u00e4dchen an Berliner Grundschule (kna)<\/strong><br \/>\nMit Besorgnis haben Politiker auf antisemitische \u00c4u\u00dferungen von muslimischen Sch\u00fclern an einer Berliner Grundschule reagiert. Laut Medienbericht wurde sie sogar schon einmal mit dem Tod bedroht. &#8230;.<br \/>\nHintergrund ist ein Vorfall an einer Berliner Schule, \u00fcber den die Berliner Zeitung berichtet hatte. Demnach wurde dort ein j\u00fcdisches M\u00e4dchen von muslimischen Sch\u00fclern angegriffen, &#8222;weil sie nicht an Allah glaubt&#8220;. Zuvor habe ein Sch\u00fcler auf die Angabe des M\u00e4dchens, dass sie J\u00fcdin sei, das Wort &#8222;Jude&#8220; mehrfach in bedrohlichem Tonfall wiederholt. Zuvor sei das M\u00e4dchen sogar schon einmal mit dem Tode bedroht worden. &#8230;.<br \/>\nAlles vom 27.3.2018 bitte lesen auf<br \/>\n<a href=\"https:\/\/www.badische-zeitung.de\/deutschland-1\/muslime-mobben-juedisches-maedchen-an-berliner-grundschule--150904942.html\">https:\/\/www.badische-zeitung.de\/deutschland-1\/muslime-mobben-juedisches-maedchen-an-berliner-grundschule&#8211;150904942.html<\/a><\/p>\n<p><strong><a title=\"Islam-Antisemitismus\" href=\"https:\/\/www.freiburg-schwarzwald.de\/blog\/religion\/islam\/islam-antisemitismus\/\">Muslim-Antisemitismus<\/a> &#8211; kein Enzelfall mehr<\/strong><br \/>\nWas bitte muss noch alles passieren, damit der letzte merkt, was in unserem Land eigentlich inzwischen f\u00fcr eine Situation eingetreten ist. Fakt ist, dass es sich mittlerweile nicht mehr um einen Einzelfall handelt, sondern dass das religi\u00f6se Mobbing auf dem Schulhof und im Klassenzimmer l\u00e4ngst &#8211; schwerpunktm\u00e4\u00dfig in den Gro\u00dfst\u00e4tten &#8211; sukzessive verbreitet.<br \/>\nDie Schule zu wechseln ist nat\u00fcrlich einen Option f\u00fcr betroffene Kinder, aber sicherlich nicht die L\u00f6sung.<br \/>\nHier ist absoluter Handlungsbedarf angesagt, die Mopper geh\u00f6ren umgehend gestellt und von der Schule!<br \/>\n27.3.2018, Rafael Weiss, BZO<\/p>\n<p>Herr Weiss, wo ist das Problem. Die Politiker und Gutbetuchten bringen ihre Kinder halt auf eine Privatschule, und somit ist doch wieder alles im gr\u00fcnen Bereich, oder?<br \/>\n<a href=\"https:\/\/www.welt.de\/politik\/deutschland\/plus174924181\/Muslimischer-Antisemitismus-Tief-sitzender-Hass-der-vom-Elternhaus-vermittelt-wird.html\">https:\/\/www.welt.de\/politik\/deutschland\/plus174924181\/Muslimischer-Antisemitismus-Tief-sitzender-Hass-der-vom-Elternhaus-vermittelt-wird.html<\/a><br \/>\n27.3.2018, WolfgangStockbauer, BZO<\/p>\n<p><strong>Allt\u00e4glich: Der Antisemitismus muslimischer Kinder<\/strong><br \/>\nAn einer Berliner Grundschule wurde eine Zweitkl\u00e4sslerin von \u00e4lteren Sch\u00fclern aus muslimischen Familien als Jude beschimpft. Ein Mitsch\u00fcler soll gedroht haben, sie umzubringen, weil sie nicht an Allah glaube. So jedenfalls erz\u00e4hlte es der Vater des M\u00e4dchens einem Journalisten der &#8222;Berliner Zeitung&#8220;. Demnach kursierte in einer WhatsApp-Gruppe der Grundsch\u00fcler sogar ein IS-Enthauptungsvideo. Die Bildungsverwaltung und der Schulleiter best\u00e4tigten solche Vorf\u00e4lle.<br \/>\n&#8222;Das ist kein Einzelfall&#8220;, sagt Marina Chernivsky, Leiterin des Kompetenzzentrums Pr\u00e4vention und Empowerment der Zentralwohlfahrtsstelle der Juden in Deutschland. Dieses arbeitet zum Thema Antisemitismus und Diskriminierung und bietet Eltern wie Schulen p\u00e4dagogische Unterst\u00fctzung und Opferberatung an. &#8222;Uns hat das nicht \u00fcberrascht. Solche Vorf\u00e4lle gibt es praktisch jede Woche, das ist selbst an Kitas ein Thema.&#8220;<br \/>\nDas best\u00e4tigt auch der Antisemitismus-Beauftragte der J\u00fcdischen Gemeinde zu Berlin, Sigmount K\u00f6nigsberg. &#8222;Die meisten F\u00e4lle werden nur einfach nicht bekannt, etwa weil die Eltern nichts sagen.&#8220; Schulen bagatellisierten solche Vorf\u00e4lle als &#8222;Streitigkeiten&#8220; oder kehrten das Problem unter den Tisch &#8211; auch aus Sorge um ihren Ruf.<br \/>\nAntisemitismus, da sind sich die Experten einig, gibt es von rechts, von links, in der Mitte der Gesellschaft &#8211; aber eben teils sehr ausgepr\u00e4gt bei Muslimen, von denen zuletzt sehr viele gerade aus arabischen Staaten als Fl\u00fcchtlinge nach Deutschland kamen. Nimmt das Problem auch an Schulen also in der Folge zu?<br \/>\nDiese Gefahr sehen zumindest j\u00fcdische Organisationen wie das American Jewish Committee (AJC): Die islamistische Ideologie, nicht zuletzt der Salafismus, habe gro\u00dfe Anziehungskraft auf junge Leute, warnte dessen Berliner Direktorin Deidre Berger vor geraumer Zeit.<br \/>\nFolge sei eine Radikalisierung muslimischer Jugendlicher in Deutschland, bei der Staat und Gesellschaft &#8222;mit wachem Auge&#8220; draufschauen m\u00fcssten.<br \/>\nEine AJC-Studie unterstreicht den Befund. In dem &#8211; nicht repr\u00e4sentativen &#8211; Stimmungsbild berichteten Lehrkr\u00e4fte an Berliner Schulen von einer stark gestiegenen Rolle der Religion im Schulalltag. Etliche muslimische Sch\u00fcler hinterfragten Lehrinhalte, stellten den Koran \u00fcber alles, wachten \u00fcber die Kleiderordnung bei M\u00e4dchen.<br \/>\nDrohungen gegen Juden oder Homosexuelle, das Infragestellen der Demokratie, Sympathien f\u00fcr Terrororganisationen wie den IS, das Tilgen Israels von der Weltkarte &#8211; an Schulen laut Studie keine Seltenheit. &#8222;Das Problem kann man nicht auf die Zuwanderer reduzieren&#8220;, betont Expertin Chernivsky. &#8222;<strong><em>Aber wir m\u00fcssen auch sehen, dass viele dieser Menschen in ihren Heimatl\u00e4ndern eine religi\u00f6se und vor allem politische Sozialisation durchlaufen haben, in der antisemitische und anti-israelische Haltungen pr\u00e4gend waren.&#8220;<\/em> <\/strong><br \/>\n&#8230; Alles vom 26.3.2018 bitte lesen auf<br \/>\n<a href=\"https:\/\/www.gmx.net\/magazine\/politik\/antisemitismus-schulhof-zunehmendes-problem-32888884\">https:\/\/www.gmx.net\/magazine\/politik\/antisemitismus-schulhof-zunehmendes-problem-32888884<\/a><\/p>\n","protected":false},"excerpt":{"rendered":"<p>An einer Berliner Grundschule wurde eine Zweitkl\u00e4sslerin von muslimischen Sch\u00fclern als &#8222;Jude&#8220; beschimpft und mit dem Tode bedroht, weil sie nicht an Allah glaube. &#8222;Kein Einzelfall&#8220; &#8211; so Marina Chernivsky von der Zentralwohlfahrt der Juden in Deutschland. Der hierzu von &hellip; <a href=\"https:\/\/www.freiburg-schwarzwald.de\/blog\/muslimisches-mobbing-schulen\/\">Weiterlesen <span class=\"meta-nav\">&rarr;<\/span><\/a><\/p>\n","protected":false},"author":2,"featured_media":0,"comment_status":"open","ping_status":"closed","sticky":false,"template":"","format":"standard","meta":{"footnotes":""},"categories":[58,210,14,155,60,80,19,95],"tags":[421,420,332,585],"class_list":["post-67098","post","type-post","status-publish","format-standard","hentry","category-familie","category-gewalt","category-global","category-integration","category-jugend","category-medien","category-religion","category-schulen","tag-islam","tag-juden","tag-mobbing","tag-schule"],"_links":{"self":[{"href":"https:\/\/www.freiburg-schwarzwald.de\/blog\/wp-json\/wp\/v2\/posts\/67098","targetHints":{"allow":["GET"]}}],"collection":[{"href":"https:\/\/www.freiburg-schwarzwald.de\/blog\/wp-json\/wp\/v2\/posts"}],"about":[{"href":"https:\/\/www.freiburg-schwarzwald.de\/blog\/wp-json\/wp\/v2\/types\/post"}],"author":[{"embeddable":true,"href":"https:\/\/www.freiburg-schwarzwald.de\/blog\/wp-json\/wp\/v2\/users\/2"}],"replies":[{"embeddable":true,"href":"https:\/\/www.freiburg-schwarzwald.de\/blog\/wp-json\/wp\/v2\/comments?post=67098"}],"version-history":[{"count":0,"href":"https:\/\/www.freiburg-schwarzwald.de\/blog\/wp-json\/wp\/v2\/posts\/67098\/revisions"}],"wp:attachment":[{"href":"https:\/\/www.freiburg-schwarzwald.de\/blog\/wp-json\/wp\/v2\/media?parent=67098"}],"wp:term":[{"taxonomy":"category","embeddable":true,"href":"https:\/\/www.freiburg-schwarzwald.de\/blog\/wp-json\/wp\/v2\/categories?post=67098"},{"taxonomy":"post_tag","embeddable":true,"href":"https:\/\/www.freiburg-schwarzwald.de\/blog\/wp-json\/wp\/v2\/tags?post=67098"}],"curies":[{"name":"wp","href":"https:\/\/api.w.org\/{rel}","templated":true}]}}