{"id":66838,"date":"2018-03-05T18:49:25","date_gmt":"2018-03-05T17:49:25","guid":{"rendered":"https:\/\/www.freiburg-schwarzwald.de\/blog\/?p=66838"},"modified":"2018-03-05T18:58:22","modified_gmt":"2018-03-05T17:58:22","slug":"manifest-von-kandel-frauen","status":"publish","type":"post","link":"https:\/\/www.freiburg-schwarzwald.de\/blog\/manifest-von-kandel-frauen\/","title":{"rendered":"Manifest von Kandel &#8211; Frauen"},"content":{"rendered":"<p>In <a title=\"Kandel-Bluttat27-12-2017\" href=\"https:\/\/www.freiburg-schwarzwald.de\/blog\/engagement\/zukunft\/demokratie\/kandel-bluttat27-12-2017\/\">Kandel<\/a> (zwischen Karlsruhe, Landau und Bad Bergzabern) wurde im Dez 2017 die 15-J\u00e4hrige Kandelerin Mia von einem <a title=\"UMA\" href=\"https:\/\/www.freiburg-schwarzwald.de\/blog\/global\/integration\/uma\/\">(angeblich) gleichaltrigen<\/a> <a title=\"Migration-Maenner\" href=\"https:\/\/www.freiburg-schwarzwald.de\/blog\/global\/migration\/migration-maenner\/\">Afghanen<\/a> im \u00f6rtlichen Drogeriemarkt <a title=\"Kandel-Messerstecher Medien\" href=\"https:\/\/www.freiburg-schwarzwald.de\/blog\/kandel-messerstecher-medien\/\">grausam<\/a>\u00a0<a title=\"Messerstecher\" href=\"https:\/\/www.freiburg-schwarzwald.de\/blog\/selbsthilfe\/soziales\/justiz\/messerstecher\/\">erstochen<\/a>. Seitdem finden samstags <a title=\"Demonstrationsrecht\" href=\"https:\/\/www.freiburg-schwarzwald.de\/blog\/engagement\/buergerinitiativen\/demonstrationsrecht\/\">Kundgebungen<\/a> statt &#8211; am 3.3.2018 wurde das <a title=\"Freiheit der Frauen schwindet\" href=\"https:\/\/www.freiburg-schwarzwald.de\/blog\/freiheit-der-frauen-schwindet\/\">&#8222;Manifest von Kandel&#8220;<\/a> vorgestellt, in dem die <a title=\"Frauen-Demo \u2013 Berlin Kandel\" href=\"https:\/\/www.freiburg-schwarzwald.de\/blog\/frauen-demo-berlin-kandel\/\">Frauen von Kandel<\/a> die \u00dcbernahme von <a title=\"Demokratie\" href=\"https:\/\/www.freiburg-schwarzwald.de\/blog\/engagement\/zukunft\/demokratie\/\">pers\u00f6nlicher Verantwortung<\/a> durch Politiker aller Ebenen gem\u00e4\u00df ihrem Amtseid fordern.<!--more--><\/p>\n<p>.<strong><br \/>\n&#8222;Manifest von Kandel&#8220; der Frauen von Kandel\/S\u00fcdpfalz<\/strong><br \/>\n(1) Die unverz\u00fcgliche und wirksame Sicherung der deutschen Staatsgrenze und den sofortigen Stopp jedweder Zuwanderung nach Deutschland. Schluss mit <a title=\"Multikulti\" href=\"https:\/\/www.freiburg-schwarzwald.de\/blog\/kultur\/leitkultur\/multikulti\/\">Multikulti<\/a>!<br \/>\n.<br \/>\n(2) Die schnellstm\u00f6gliche Beendigung des Aufenthalts <a title=\"Migrationspolitik schadet allen\" href=\"https:\/\/www.freiburg-schwarzwald.de\/blog\/migrationspolitik-schadet-allen\/\">illegaler Migranten<\/a> und deren R\u00fcckf\u00fchrung in ihre Heimatl\u00e4nder oder in heimat- und kulturverwandte Schutzzonen. Das <a title=\"Asyl\" href=\"https:\/\/www.freiburg-schwarzwald.de\/blog\/global\/integration\/asyl\/\">Asylgrundrecht<\/a> stellt kein Recht auf Einreise dar. Abschiebung jetzt!<br \/>\n.<br \/>\n(3) Die sofortige <a title=\"Abschiebung\" href=\"https:\/\/www.freiburg-schwarzwald.de\/blog\/global\/integration\/abschiebung\/\">Ausweisung<\/a> von Ausl\u00e4ndern bei strafbaren Handlungen nach dem deutschen Gesetz \u2013 selbst bei geringf\u00fcgigen Delikten. Null Toleranz!<br \/>\n.<br \/>\n(4) Die sofortige Abschaffung der doppelten <a title=\"Staatsbuergerschaft\" href=\"https:\/\/www.freiburg-schwarzwald.de\/blog\/engagement\/zukunft\/demokratie\/staatsbuergerschaft\/\">Staatsb\u00fcrgerschaft<\/a>. Erst eine Assimilation an Deutschland rechtfertigt eine Einb\u00fcrgerung. Wir fordern grunds\u00e4tzlich das Abstammungsprinzip f\u00fcr die deutsche Staatsb\u00fcrgerschaft. Der deutsche Pass ist keine Ramschware!<br \/>\n.<br \/>\n(5) Die Bewahrung der <a title=\"Identitaet\" href=\"https:\/\/www.freiburg-schwarzwald.de\/blog\/engagement\/zukunft\/demokratie\/identitaet\/\">kulturellen Identit\u00e4t<\/a> des <a title=\"Deutsche-Kultur\" href=\"https:\/\/www.freiburg-schwarzwald.de\/blog\/global\/deutschland\/deutsche-kultur\/\">deutschen Volkes<\/a>. Die Landnahme durch den Bau von Moscheen, eine islamische Rechtsprechung und die Vollverschleierung sind zu verbieten. Islamische Religionsaus\u00fcbung wird nur toleriert, soweit sie sich s\u00e4kularistisch jeder Politik enth\u00e4lt. Der Islam geh\u00f6rt nicht zu Deutschland!<br \/>\n.<br \/>\n(6) Die Wiedereinf\u00fchrung der Wehrpflicht und die bestm\u00f6gliche Ausr\u00fcstung der <a title=\"Bundeswehr\" href=\"https:\/\/www.freiburg-schwarzwald.de\/blog\/engagement\/zukunft\/krieg\/bundeswehr\/\">Bundeswehr<\/a>, um unsere Verteidigungsf\u00e4higkeit als <a title=\"Deutschland\" href=\"https:\/\/www.freiburg-schwarzwald.de\/blog\/global\/deutschland\/\">souver\u00e4ner Staat<\/a> wieder herzustellen. Die Souver\u00e4nit\u00e4t und das Selbstbestimmungsrecht der V\u00f6lker sind strikt zu achten. Deutschland zuerst!<br \/>\n.<br \/>\n(7) Die R\u00fccknahme des <a title=\"Social-Networking\" href=\"https:\/\/www.freiburg-schwarzwald.de\/blog\/kultur\/internet\/social-networking\/\">Netzwerkdurchsetzungsgesetzes<\/a>. Schluss mit der willk\u00fcrlichen Zensur durch \u201eGesinnungsbeh\u00f6rden\u201c. Das NetzDG ist mit dem Grundrecht der freien Meinungs\u00e4u\u00dferung nicht vereinbar. Auch Schulen, Kinderg\u00e4rten, Kirchen und Betriebe m\u00fcssen politisch neutrale Orte sein. <a title=\"Meinungsfreiheit\" href=\"https:\/\/www.freiburg-schwarzwald.de\/blog\/kultur\/medien\/meinungsfreiheit\/\">Ohne freie Rede kein freies Volk<\/a>!<br \/>\n.<br \/>\n(8) Eine <a title=\"Diskussionskultur\" href=\"https:\/\/www.freiburg-schwarzwald.de\/blog\/kultur\/medien\/diskussionskultur\/\">breite Information<\/a> \u00fcber die un\u00fcberwindlichen kulturellen Unterschiede zwischen Europ\u00e4ern und nicht westlichen Migranten zum Schutz unserer Kinder und Jugendlichen. Die Ausgrenzung von <a title=\"Familie\" href=\"https:\/\/www.freiburg-schwarzwald.de\/blog\/selbsthilfe\/familie\/\">Eltern<\/a>, die sich um die Zukunft ihrer Kinder sorgen, ist demokratiefeindlich. Kulturelle Unterschiede nicht verschweigen!<br \/>\n.<br \/>\n(9) Eine neutrale, unabh\u00e4ngige und unentgeltliche Berichterstattung durch die <a title=\"Mainstream\" href=\"https:\/\/www.freiburg-schwarzwald.de\/blog\/kultur\/medien\/mainstream\/\">\u00f6ffentlich-rechtlichen Medien<\/a>. Die Manipulation durch die <a title=\"Medien \u2013 einseitige vierte Gewalt\" href=\"https:\/\/www.freiburg-schwarzwald.de\/blog\/medien-einseitige-vierte-gewalt\/\">\u201eVierte Gewalt<\/a>\u201c, die Medien, muss beendet werden. Schluss mit der Propaganda!<br \/>\n.<br \/>\n(10) Die \u00dcbernahme von pers\u00f6nlicher Verantwortung durch Politiker aller Ebenen <a title=\"Parlament\" href=\"https:\/\/www.freiburg-schwarzwald.de\/blog\/engagement\/zukunft\/demokratie\/parlament\/\">gem\u00e4\u00df ihrem Amtseid<\/a>. Sie haben ihrer Pflicht nachzukommen, <a title=\"Sicherheit\" href=\"https:\/\/www.freiburg-schwarzwald.de\/blog\/selbsthilfe\/soziales\/justiz\/sicherheit\/\">Sicherheit und Schutz f\u00fcr die B\u00fcrger<\/a> zu gew\u00e4hrleisten und die daf\u00fcr notwendigen Ma\u00dfnahmen zu ergreifen. Verletzen sie diese <a title=\"Rechtsstaat\" href=\"https:\/\/www.freiburg-schwarzwald.de\/blog\/selbsthilfe\/soziales\/justiz\/rechtsstaat\/\">Pflicht<\/a>, ist das ein Versto\u00df gegen ihren Eid. Sie m\u00fcssen zur\u00fccktreten und Schadenersatz leisten. Weg mit verantwortungslosen Politikern <a title=\"Gesellschaft\" href=\"https:\/\/www.freiburg-schwarzwald.de\/blog\/global\/deutschland\/gesellschaft\/\">aller Parteien<\/a>!<br \/>\n.<br \/>\nKandel, 3. M\u00e4rz 2018<br \/>\n<a title=\"Kandel-Bluttat27-12-2017\" href=\"https:\/\/www.freiburg-schwarzwald.de\/blog\/engagement\/zukunft\/demokratie\/kandel-bluttat27-12-2017\/\">Kandel ist \u00fcberall<\/a>, Das Frauenb\u00fcndnis<br \/>\nwww.kandel-ist-ueberall.de<br \/>\nDemos immer samstags ab 15 Uhr in 76870 Kandel<\/p>\n","protected":false},"excerpt":{"rendered":"<p>In Kandel (zwischen Karlsruhe, Landau und Bad Bergzabern) wurde im Dez 2017 die 15-J\u00e4hrige Kandelerin Mia von einem (angeblich) gleichaltrigen Afghanen im \u00f6rtlichen Drogeriemarkt grausam\u00a0erstochen. Seitdem finden samstags Kundgebungen statt &#8211; am 3.3.2018 wurde das &#8222;Manifest von Kandel&#8220; vorgestellt, in &hellip; <a href=\"https:\/\/www.freiburg-schwarzwald.de\/blog\/manifest-von-kandel-frauen\/\">Weiterlesen <span class=\"meta-nav\">&rarr;<\/span><\/a><\/p>\n","protected":false},"author":2,"featured_media":0,"comment_status":"open","ping_status":"closed","sticky":false,"template":"","format":"standard","meta":{"footnotes":""},"categories":[18,355,59,139,155,13,80,157,172],"tags":[325,633,485,612,732,421,656],"class_list":["post-66838","post","type-post","status-publish","format-standard","hentry","category-bildung","category-buergerinitiativen","category-frauen","category-heimat","category-integration","category-kultur","category-medien","category-oeffentlicher-raum","category-zukunft","tag-demo","tag-demokratie","tag-refugee","tag-frau","tag-gewalt","tag-islam","tag-mord"],"_links":{"self":[{"href":"https:\/\/www.freiburg-schwarzwald.de\/blog\/wp-json\/wp\/v2\/posts\/66838","targetHints":{"allow":["GET"]}}],"collection":[{"href":"https:\/\/www.freiburg-schwarzwald.de\/blog\/wp-json\/wp\/v2\/posts"}],"about":[{"href":"https:\/\/www.freiburg-schwarzwald.de\/blog\/wp-json\/wp\/v2\/types\/post"}],"author":[{"embeddable":true,"href":"https:\/\/www.freiburg-schwarzwald.de\/blog\/wp-json\/wp\/v2\/users\/2"}],"replies":[{"embeddable":true,"href":"https:\/\/www.freiburg-schwarzwald.de\/blog\/wp-json\/wp\/v2\/comments?post=66838"}],"version-history":[{"count":0,"href":"https:\/\/www.freiburg-schwarzwald.de\/blog\/wp-json\/wp\/v2\/posts\/66838\/revisions"}],"wp:attachment":[{"href":"https:\/\/www.freiburg-schwarzwald.de\/blog\/wp-json\/wp\/v2\/media?parent=66838"}],"wp:term":[{"taxonomy":"category","embeddable":true,"href":"https:\/\/www.freiburg-schwarzwald.de\/blog\/wp-json\/wp\/v2\/categories?post=66838"},{"taxonomy":"post_tag","embeddable":true,"href":"https:\/\/www.freiburg-schwarzwald.de\/blog\/wp-json\/wp\/v2\/tags?post=66838"}],"curies":[{"name":"wp","href":"https:\/\/api.w.org\/{rel}","templated":true}]}}