{"id":66704,"date":"2018-02-27T12:18:42","date_gmt":"2018-02-27T11:18:42","guid":{"rendered":"https:\/\/www.freiburg-schwarzwald.de\/blog\/?p=66704"},"modified":"2018-02-27T12:45:40","modified_gmt":"2018-02-27T11:45:40","slug":"taeterschutz-vor-opferschutz","status":"publish","type":"post","link":"https:\/\/www.freiburg-schwarzwald.de\/blog\/taeterschutz-vor-opferschutz\/","title":{"rendered":"Taeterschutz vor Opferschutz"},"content":{"rendered":"<p><a title=\"Weisser Ring sucht Engagierte\" href=\"https:\/\/www.freiburg-schwarzwald.de\/blog\/weisser-ring-sucht-engagierte\/\">Opferschutz<\/a> vor <a title=\"Kriminalitaet\" href=\"https:\/\/www.freiburg-schwarzwald.de\/blog\/selbsthilfe\/krise\/gewalt\/kriminalitaet\/\">T\u00e4terschutz<\/a> &#8211; diese Maxime des <a title=\"Weisser-Ring\" href=\"https:\/\/www.freiburg-schwarzwald.de\/blog\/selbsthilfe\/soziales\/justiz\/weisser-ring\/\">Weissen Rings<\/a> gilt immer weniger. Die Menschen gieren nach <a title=\"Gewalt\" href=\"https:\/\/www.freiburg-schwarzwald.de\/blog\/selbsthilfe\/krise\/gewalt\/\">Gewalt<\/a> und <a title=\"Ueberfall\" href=\"https:\/\/www.freiburg-schwarzwald.de\/blog\/selbsthilfe\/krise\/gewalt\/ueberfall\/\">Gewaltschilderungen<\/a>, im Krimi, im Theater, als Gaffer beim Verkehrsunfall, nun auch bei der <a title=\"Zeitung\" href=\"https:\/\/www.freiburg-schwarzwald.de\/blog\/kultur\/medien\/zeitung\/\">Zeitungslekt\u00fcre<\/a> zum <a title=\"Dreisam-Mord\" href=\"https:\/\/www.freiburg-schwarzwald.de\/blog\/global\/integration\/dreisam-mord\/\">Dreisammord<\/a>: Die Journalisten m\u00fcssen liefern, die <a title=\"Medien\" href=\"https:\/\/www.freiburg-schwarzwald.de\/blog\/kultur\/medien\/\">Quote<\/a> fordert. Das Resultat ist furchtbar: Unertr\u00e4glich detaillierte Schilderungen\u00a0zur Tat des <a title=\"Fluechtlinge-Kriminalitaet\" href=\"https:\/\/www.freiburg-schwarzwald.de\/blog\/global\/integration\/fluechtlinge-kriminalitaet\/\">afghanischen<\/a> M\u00f6rders <a title=\"UMA-Hussein\" href=\"https:\/\/www.freiburg-schwarzwald.de\/blog\/global\/integration\/uma-hussein\/\">Hussein K.<\/a> <!--more-->&#8211; ohne R\u00fccksicht auf <a title=\"Familie\" href=\"https:\/\/www.freiburg-schwarzwald.de\/blog\/selbsthilfe\/familie\/\">Angeh\u00f6rige<\/a> und Bekannte des Opfers Maria L.. Opferschutz ade.<br \/>\n.<br \/>\nDem Sensationsjournalismus Vorw\u00fcrfe zu machen, gilt nicht, denn <a title=\"BZ\" href=\"https:\/\/www.freiburg-schwarzwald.de\/blog\/kultur\/medien\/zeitung\/bz\/\">dieser<\/a> schreibt, was der Leser kauft. Dem Gericht hingegen mu\u00df man deutlich vorwerfen, den Schutz des Opfers gegen\u00fcber der Interessen des Publikums im Fall Maria L. nicht abgewogen zu haben. Solch abartige <a title=\"Vergewaltigung\" href=\"https:\/\/www.freiburg-schwarzwald.de\/blog\/selbsthilfe\/krise\/sexuellermissbrauch\/vergewaltigung\/\">Grausamkeiten<\/a> m\u00fcssen im Gerichtssaal bleiben. Wir haben doch eine (medien-)<a title=\"Rechtsstaat\" href=\"https:\/\/www.freiburg-schwarzwald.de\/blog\/selbsthilfe\/soziales\/justiz\/rechtsstaat\/\">unabh\u00e4ngige<\/a> <a title=\"Justiz\" href=\"https:\/\/www.freiburg-schwarzwald.de\/blog\/selbsthilfe\/soziales\/justiz\/\">Justiz<\/a>, oder nicht mehr?<br \/>\nMan m\u00f6chte sich gar nicht vorstellen, welche Qualen solche Gewaltschilderungen bei den Eltern, Angeh\u00f6rigen und Freunden von Maria L. ausl\u00f6sen. Es gibt doch Elternrechte. Oder erliegen jetzt auch die Gerichte dem Mainstream, unsere ungeschriebenen <a title=\"Deutsche-Kultur\" href=\"https:\/\/www.freiburg-schwarzwald.de\/blog\/global\/deutschland\/deutsche-kultur\/\">kulturellen<\/a>\u00a0 Werte wie Piet\u00e4t, Respekt, Trauer, Schweigen, Mitgef\u00fchl, Verpflichtung und Anstand der heimatlosen One-World-Kultur zu opfern?<br \/>\n27.2.2018<br \/>\n.<br \/>\n<a href=\"https:\/\/www.badische-zeitung.de\/freiburg\/das-opfer-war-wohl-bewusstlos--149746040.html\">https:\/\/www.badische-zeitung.de\/freiburg\/das-opfer-war-wohl-bewusstlos&#8211;149746040.html<\/a><br \/>\n.<br \/>\n<strong>Opferschutz vor T\u00e4terschutz &#8211; Justizminister w\u00fcrdigt Arbeit des Wei\u00dfen Rings<\/strong><br \/>\n10.11.20016<br \/>\n<a href=\"https:\/\/www.jum.baden-wuerttemberg.de\/pb\/,Lde\/2003381\/?LISTPAGE=2002601\">https:\/\/www.jum.baden-wuerttemberg.de\/pb\/,Lde\/2003381\/?LISTPAGE=2002601<\/a><br \/>\n<a href=\"https:\/\/www.landesstiftung-opferschutz.de\">www.landesstiftung-opferschutz.de<\/a><\/p>\n<p><strong>Es gibt keinen Opferschutz<\/strong><br \/>\nEs gibt keinen Opferschutz. Es gibt vor deutschen Gerichten den T\u00e4terschutz. Bei der Befragung von Hussein K. zu seiner Jugend in der Koranschule wurde die \u00d6ffentlichkeit ausgeschlossen. Wegen eventuellem Missbrauch. Der Antrag des Nebenklagevertreters, dem Anwalt von Maria L.s Eltern, zum Ausschluss der \u00d6ffentlichkeit w\u00e4hrend der Ausf\u00fchrungen des Gerichtsmediziners zur Obduktion des Opfers wurde abgelehnt.<br \/>\nDer Anwalt wollte damit erreichen, dass die schrecklichen Details der Misshandlungen zum Schutze des Opfers nicht \u00f6ffentlich verlesen werden. Laut Richterin Schenk \u00fcberwiegen hier die Interessen der \u00d6ffentlichkeit vor dem Schutz des Opfers in der \u00d6ffentlichkeit. Mir fehlen schlichtweg die Worte.<br \/>\n27.2.2018, Rolf Mandel, Kirchhofen, BZO<br \/>\n.<\/p>\n<p><strong>Warum kein Ausschlu\u00df der \u00d6ffentlichkeit?<\/strong><br \/>\nPiet\u00e4tlos und nicht nachvollziehbar ist die ausf\u00fchrliche Prozessberichterstattung zum Tathergang, insbesondere zur ausf\u00fchrlichen Schilderung der Verletzungen, die Maria L. erlitten hat. Worin soll das Erkenntnisinteresse der \u00d6ffentlichkeit bei der Schilderung der Tatdetails bestehen? Warum muss der schreckliche Tathergang so minuti\u00f6s geschildert werden? Schon die \u00dcberschrift erinnert sehr an auflagesteigernden Sensationsjournalismus.<br \/>\nDer Antrag der Familie auf Ausschluss der \u00d6ffentlichkeit ist v\u00f6llig nachvollziehbar und das Weiterleben f\u00fcr die Angeh\u00f6rigen des Opfers ist auch ohne diese unn\u00f6tige ausf\u00fchrliche Darstellung schwierig genug.<br \/>\nEinfach nicht lesen hilft nicht weiter, die Schilderungen werden in der \u00d6ffentlichkeit zirkulieren und auch ihre unkontrollierten Wege in Internetforen finden. Eine zur\u00fcckhaltendere Berichterstattung im Sinne des Schutzes des Opfers und der Familie sollte hier selbstverst\u00e4ndlich sein.<br \/>\n26.2.2018, Uwe Honecker, Freiburg, BZO<\/p>\n","protected":false},"excerpt":{"rendered":"<p>Opferschutz vor T\u00e4terschutz &#8211; diese Maxime des Weissen Rings gilt immer weniger. Die Menschen gieren nach Gewalt und Gewaltschilderungen, im Krimi, im Theater, als Gaffer beim Verkehrsunfall, nun auch bei der Zeitungslekt\u00fcre zum Dreisammord: Die Journalisten m\u00fcssen liefern, die Quote &hellip; <a href=\"https:\/\/www.freiburg-schwarzwald.de\/blog\/taeterschutz-vor-opferschutz\/\">Weiterlesen <span class=\"meta-nav\">&rarr;<\/span><\/a><\/p>\n","protected":false},"author":2,"featured_media":0,"comment_status":"open","ping_status":"closed","sticky":false,"template":"","format":"standard","meta":{"footnotes":""},"categories":[379,59,210,371,19,65],"tags":[485,431,732,656,438],"class_list":["post-66704","post","type-post","status-publish","format-standard","hentry","category-dreisam","category-frauen","category-gewalt","category-justiz","category-religion","category-sexuellermissbrauch","tag-refugee","tag-gerecht","tag-gewalt","tag-mord","tag-zeitung"],"_links":{"self":[{"href":"https:\/\/www.freiburg-schwarzwald.de\/blog\/wp-json\/wp\/v2\/posts\/66704","targetHints":{"allow":["GET"]}}],"collection":[{"href":"https:\/\/www.freiburg-schwarzwald.de\/blog\/wp-json\/wp\/v2\/posts"}],"about":[{"href":"https:\/\/www.freiburg-schwarzwald.de\/blog\/wp-json\/wp\/v2\/types\/post"}],"author":[{"embeddable":true,"href":"https:\/\/www.freiburg-schwarzwald.de\/blog\/wp-json\/wp\/v2\/users\/2"}],"replies":[{"embeddable":true,"href":"https:\/\/www.freiburg-schwarzwald.de\/blog\/wp-json\/wp\/v2\/comments?post=66704"}],"version-history":[{"count":0,"href":"https:\/\/www.freiburg-schwarzwald.de\/blog\/wp-json\/wp\/v2\/posts\/66704\/revisions"}],"wp:attachment":[{"href":"https:\/\/www.freiburg-schwarzwald.de\/blog\/wp-json\/wp\/v2\/media?parent=66704"}],"wp:term":[{"taxonomy":"category","embeddable":true,"href":"https:\/\/www.freiburg-schwarzwald.de\/blog\/wp-json\/wp\/v2\/categories?post=66704"},{"taxonomy":"post_tag","embeddable":true,"href":"https:\/\/www.freiburg-schwarzwald.de\/blog\/wp-json\/wp\/v2\/tags?post=66704"}],"curies":[{"name":"wp","href":"https:\/\/api.w.org\/{rel}","templated":true}]}}