{"id":66627,"date":"2018-02-20T11:58:41","date_gmt":"2018-02-20T10:58:41","guid":{"rendered":"https:\/\/www.freiburg-schwarzwald.de\/blog\/?p=66627"},"modified":"2018-02-21T09:43:22","modified_gmt":"2018-02-21T08:43:22","slug":"trump-und-metoo-luxussorgen","status":"publish","type":"post","link":"https:\/\/www.freiburg-schwarzwald.de\/blog\/trump-und-metoo-luxussorgen\/","title":{"rendered":"Trump und Metoo Luxussorgen"},"content":{"rendered":"<p>&#8222;In <a title=\"Deutschland\" href=\"https:\/\/www.freiburg-schwarzwald.de\/blog\/global\/deutschland\/\">Deutschland<\/a> leistet man sich den <a title=\"Fluechtlinge aus Langeweile\" href=\"https:\/\/www.freiburg-schwarzwald.de\/blog\/fluechtlinge-aus-langeweile\/\">Luxus<\/a>, sich an Trump und <a title=\"Frauenrechte\" href=\"https:\/\/www.freiburg-schwarzwald.de\/blog\/global\/integration\/frauenrechte\/\">MeToo<\/a> <a title=\"Diskussionskultur\" href=\"https:\/\/www.freiburg-schwarzwald.de\/blog\/kultur\/medien\/diskussionskultur\/\">abzureagieren<\/a> und die <a title=\"Demokratie\" href=\"https:\/\/www.freiburg-schwarzwald.de\/blog\/engagement\/zukunft\/demokratie\/\">eigenen Probleme<\/a> liegenzulassen&#8220; &#8211; so der in <a title=\"Berlin\" href=\"https:\/\/www.freiburg-schwarzwald.de\/blog\/global\/deutschland\/berlin\/\">Berlin<\/a> lebende Schweizer Frank A. Meyer im <a title=\"Talkshow\" href=\"https:\/\/www.freiburg-schwarzwald.de\/blog\/kultur\/medien\/talkshow\/\">Presseclub<\/a> am 27.1.2018. Trump habe in den USA noch kein Gesetz gebrochen, <a title=\"Merkel-muss-weg\" href=\"https:\/\/www.freiburg-schwarzwald.de\/blog\/engagement\/zukunft\/demokratie\/merkel-muss-weg\/\">Merkel<\/a> hingegen viele (<a title=\"Budapest-Dublin2015\" href=\"https:\/\/www.freiburg-schwarzwald.de\/blog\/global\/eu\/budapest-dublin2015\/\">Budapest 9\/2015<\/a>, <a title=\"Massenmigration trotz Luegen\" href=\"https:\/\/www.freiburg-schwarzwald.de\/blog\/massenmigration-trotz-luegen\/\">Dublin<\/a>), doch dies <a title=\"Groessenwahn\" href=\"https:\/\/www.freiburg-schwarzwald.de\/blog\/engagement\/zukunft\/groessenwahn\/\">recherchiert<\/a>\u00a0kaum ein Journalist. MeToo ist zwar eine ehrenwerte Kampagne, <!--more-->doch die Wiederherstellung der von <a title=\"Fluechtlinge-Kriminalitaet\" href=\"https:\/\/www.freiburg-schwarzwald.de\/blog\/global\/integration\/fluechtlinge-kriminalitaet\/\">kriminellen Migranten<\/a>\u00a0zerst\u00f6rten <a title=\"Frauen-Freiheit\" href=\"https:\/\/www.freiburg-schwarzwald.de\/blog\/selbsthilfe\/frauen\/frauen-freiheit\/\">Bewegungsfreiheit<\/a> unserer Frauen im <a title=\"Oeffentlicher-Raum\" href=\"https:\/\/www.freiburg-schwarzwald.de\/blog\/kultur\/oeffentlicher-raum\/\">\u00f6ffentlichen Raum<\/a> w\u00e4re es auch.<\/p>\n<p>Ich w\u00fcnsche mir, die zweifelsohne berechtigten <a title=\"Frauenrechte und Migration\" href=\"https:\/\/www.freiburg-schwarzwald.de\/blog\/frauenrechte-und-migration\/\">Sorgen und N\u00f6te<\/a> von Filmschauspielerinnen, K\u00fcnstlerinnen und Managerinnen zwischen Miami und Rom runterzubrechen auf die <a title=\"Freiheit\" href=\"https:\/\/www.freiburg-schwarzwald.de\/blog\/engagement\/zukunft\/demokratie\/freiheit\/\">Sorgen und N\u00f6te<\/a> der &#8218;einfachen&#8216; Frauen und M\u00e4dchen von <a title=\"Freiburg\" href=\"https:\/\/www.freiburg-schwarzwald.de\/blog\/regio\/freiburg\/\">hier<\/a>. Die Enkelinnen d\u00fcrfen nur noch &#8222;gesenkten Blicks&#8220; vom Bertoldsbrunnen zum Stadttheater laufen &#8211; und weiter zum <a title=\"Hauptbahnhof\" href=\"https:\/\/www.freiburg-schwarzwald.de\/blog\/regio\/verkehr\/hauptbahnhof\/\">Hbf<\/a> gar nicht mehr. Und die Schwiegert\u00f6chter halten den Rock beim Radfahren auf der <a title=\"Stuehlinger\" href=\"https:\/\/www.freiburg-schwarzwald.de\/blog\/regio\/freiburg\/stuehlinger\/\">Eschholzstrasse<\/a> zwischen Vauban und <a title=\"Uniklinik\" href=\"https:\/\/www.freiburg-schwarzwald.de\/blog\/business\/gesund\/uniklinik\/\">Uniklinik<\/a> bei jeder Windb\u00f6 ganz fest.<\/p>\n<p>Die j\u00fcngsten Versuche <a title=\"Frauen-Demo \u2013 Berlin Kandel\" href=\"https:\/\/www.freiburg-schwarzwald.de\/blog\/frauen-demo-berlin-kandel\/\">dreier mutiger Frauen<\/a> (Karina in <a title=\"Kandel-Bluttat27-12-2017\" href=\"https:\/\/www.freiburg-schwarzwald.de\/blog\/engagement\/zukunft\/demokratie\/kandel-bluttat27-12-2017\/\">Kandel\/S\u00fcdpfalz<\/a>, Uta Ogilvie in Hamburg und Leyla Bilge in Berlin, allesamt weder <a title=\"Nazi\" href=\"https:\/\/www.freiburg-schwarzwald.de\/blog\/religion\/juden\/nazi\/\">Nazis<\/a> noch <a title=\"Rechts\" href=\"https:\/\/www.freiburg-schwarzwald.de\/blog\/engagement\/zukunft\/demokratie\/rechts\/\">Rechtsradikale<\/a>), gegen die importierte Gewalt zu demonstrieren, sind zwar <a title=\"Freiheit der Frauen schwindet\" href=\"https:\/\/www.freiburg-schwarzwald.de\/blog\/freiheit-der-frauen-schwindet\/\">gescheitert<\/a>\u00a0an der linken <a title=\"Frauen-Demo \u2013 Berlin Kandel\" href=\"https:\/\/www.freiburg-schwarzwald.de\/blog\/frauen-demo-berlin-kandel\/\">Antifa<\/a>, aber sie haben <a title=\"Widerstand\" href=\"https:\/\/www.freiburg-schwarzwald.de\/blog\/engagement\/zukunft\/demokratie\/widerstand\/\">aufger\u00fcttelt<\/a> und <a title=\"Warum tut denn keiner was\" href=\"https:\/\/www.freiburg-schwarzwald.de\/blog\/warum-tut-denn-keiner-was\/\">sensibilisiert<\/a>. Auch daf\u00fcr, dass CDU und SPD in ihrem <a title=\"GroKo\" href=\"https:\/\/www.freiburg-schwarzwald.de\/blog\/engagement\/zukunft\/demokratie\/groko\/\">Groko-Vertrag<\/a> den Status Quo unver\u00e4ndert erhalten werden:<br \/>\n&#8222;T\u00e4glich kommen weiterhin mindestens 500 junge M\u00e4nner aus islam-gepr\u00e4gten L\u00e4ndern (Single, zu 85% funktionale Analphabeten, ohne Ausweis) zu uns, also 15.000 im Monat bzw. 180.000 im Jahr.&#8220;<br \/>\nParallel dazu werden Sicherheit und Freiheit der Frauen im \u00f6ffentlichen Raum durch Messer- und sexuelle Gewalt noch mehr eingeengt werden. Dieser Ursache-Wirkung-Zusammenhang ist sogar von Deutschlands oberstem Migrations-kriminologieexperten <a title=\"Opfer und Taeter Gleichstellung\" href=\"https:\/\/www.freiburg-schwarzwald.de\/blog\/opfer-und-taeter-gleichstellung\/\">Christian Pfeiffer<\/a> in seiner <a title=\"Migranten sind krimineller\" href=\"https:\/\/www.freiburg-schwarzwald.de\/blog\/migranten-sind-krimineller\/\">j\u00fcngsten Studie<\/a> best\u00e4tigt.<br \/>\n20.2.2018<\/p>\n","protected":false},"excerpt":{"rendered":"<p>&#8222;In Deutschland leistet man sich den Luxus, sich an Trump und MeToo abzureagieren und die eigenen Probleme liegenzulassen&#8220; &#8211; so der in Berlin lebende Schweizer Frank A. Meyer im Presseclub am 27.1.2018. Trump habe in den USA noch kein Gesetz &hellip; <a href=\"https:\/\/www.freiburg-schwarzwald.de\/blog\/trump-und-metoo-luxussorgen\/\">Weiterlesen <span class=\"meta-nav\">&rarr;<\/span><\/a><\/p>\n","protected":false},"author":2,"featured_media":0,"comment_status":"open","ping_status":"closed","sticky":false,"template":"","format":"standard","meta":{"footnotes":""},"categories":[18,195,59,210,155,162,80,157],"tags":[325,633,485,301,525,631,438],"class_list":["post-66627","post","type-post","status-publish","format-standard","hentry","category-bildung","category-eu","category-frauen","category-gewalt","category-integration","category-internet","category-medien","category-oeffentlicher-raum","tag-demo","tag-demokratie","tag-refugee","tag-culture","tag-politik","tag-staat","tag-zeitung"],"_links":{"self":[{"href":"https:\/\/www.freiburg-schwarzwald.de\/blog\/wp-json\/wp\/v2\/posts\/66627","targetHints":{"allow":["GET"]}}],"collection":[{"href":"https:\/\/www.freiburg-schwarzwald.de\/blog\/wp-json\/wp\/v2\/posts"}],"about":[{"href":"https:\/\/www.freiburg-schwarzwald.de\/blog\/wp-json\/wp\/v2\/types\/post"}],"author":[{"embeddable":true,"href":"https:\/\/www.freiburg-schwarzwald.de\/blog\/wp-json\/wp\/v2\/users\/2"}],"replies":[{"embeddable":true,"href":"https:\/\/www.freiburg-schwarzwald.de\/blog\/wp-json\/wp\/v2\/comments?post=66627"}],"version-history":[{"count":0,"href":"https:\/\/www.freiburg-schwarzwald.de\/blog\/wp-json\/wp\/v2\/posts\/66627\/revisions"}],"wp:attachment":[{"href":"https:\/\/www.freiburg-schwarzwald.de\/blog\/wp-json\/wp\/v2\/media?parent=66627"}],"wp:term":[{"taxonomy":"category","embeddable":true,"href":"https:\/\/www.freiburg-schwarzwald.de\/blog\/wp-json\/wp\/v2\/categories?post=66627"},{"taxonomy":"post_tag","embeddable":true,"href":"https:\/\/www.freiburg-schwarzwald.de\/blog\/wp-json\/wp\/v2\/tags?post=66627"}],"curies":[{"name":"wp","href":"https:\/\/api.w.org\/{rel}","templated":true}]}}