{"id":66611,"date":"2018-02-10T19:48:57","date_gmt":"2018-02-10T18:48:57","guid":{"rendered":"https:\/\/www.freiburg-schwarzwald.de\/blog\/?p=66611"},"modified":"2018-02-18T19:51:45","modified_gmt":"2018-02-18T18:51:45","slug":"ard-zdf-unausgewogenheit","status":"publish","type":"post","link":"https:\/\/www.freiburg-schwarzwald.de\/blog\/ard-zdf-unausgewogenheit\/","title":{"rendered":"ARD ZDF &#8211; Unausgewogenheit"},"content":{"rendered":"<p>Der <a title=\"Medien\" href=\"https:\/\/www.freiburg-schwarzwald.de\/blog\/kultur\/medien\/\">Rundfunkstaatsvertrag<\/a> verpflichtet <a title=\"Fernsehen\" href=\"https:\/\/www.freiburg-schwarzwald.de\/blog\/kultur\/medien\/fernsehen\/\">ARD<\/a> und ZdF zu <a title=\"Diskussionskultur\" href=\"https:\/\/www.freiburg-schwarzwald.de\/blog\/kultur\/medien\/diskussionskultur\/\">ausgewogener<\/a> politischer Berichterstattung. Diese wird derzeit nicht eingehalten, die <a title=\"AfD\" href=\"https:\/\/www.freiburg-schwarzwald.de\/blog\/vereine\/partei\/afd\/\">AfD<\/a> als drittst\u00e4rkste Partei ist in News wie <a title=\"Talkshow\" href=\"https:\/\/www.freiburg-schwarzwald.de\/blog\/kultur\/medien\/talkshow\/\">Talkshows<\/a> kaum vertreten. Die \u00d6ffentlich-rechtlichen <a title=\"Radio\" href=\"https:\/\/www.freiburg-schwarzwald.de\/blog\/kultur\/medien\/radio\/\">Rundfunksender<\/a> r\u00e4umen diese Unausgewogenheit auch ein &#8211; mit Hinweis auf die aktuelle Besetzung der Rundfunkr\u00e4te. Dabei ist es im Interesse unserer freiheitlich-demokratischen <a title=\"Demokratie\" href=\"https:\/\/www.freiburg-schwarzwald.de\/blog\/engagement\/zukunft\/demokratie\/\">Grundordnung<\/a>,<br \/>\n<!--more-->dass die zwangsfinanzierten \u00d6R-Medien <a title=\"Links rechts schaukelnder Kahn\" href=\"https:\/\/www.freiburg-schwarzwald.de\/blog\/links-rechts-schaukelnder-kahn\/\">politisch neutra<\/a>l informieren w\u00fcrden. Auch im Hinblick auf die\u00a0 folgenden Szenarien:<br \/>\nDie AfD wird bei den n\u00e4chsten Wahlen hinter der SPD zur zweitgr\u00f6\u00dften oder gar vor der <a title=\"CDU\" href=\"https:\/\/www.freiburg-schwarzwald.de\/blog\/vereine\/partei\/cdu\/\">CDU<\/a> zur gr\u00f6\u00dften Partei. W\u00fcrde sich die AfD dann genauso verhalten wie CDU, <a title=\"Partei\" href=\"https:\/\/www.freiburg-schwarzwald.de\/blog\/vereine\/partei\/\">SPD<\/a> und Gr\u00fcne derzeit, dann besetzt sie die Intendanzen von ARD und ZdF so, dass der \u00d6R in Deutschland vom CDUSPDGR\u00dcNE-nahen zum AfD-nahen Informationskanal wird. Beides gleicherma\u00dfen traurig und bedenklich. Ein schwacher Trost: Die Einschaltquoten der \u00d6R sinken &#8211; sowohl gegen\u00fcber den privaten Sendern also auch vor allem gegen\u00fcber dem Info-Plattformen im Internet wie <a href=\"https:\/\/www.achgut.de\">www.achgut.de<\/a>, <a href=\"https:\/\/www.tichsyeinblick.de\">www.tichsyeinblick.de<\/a>, <a href=\"https:\/\/www.cicero.de\">www.cicero.de<\/a>\u00a0, <a href=\"https:\/\/www.theeuropean.de\">www.theeuropean.de<\/a>, <a href=\"https:\/\/www.baz.ch\">www.baz.ch<\/a>, <a href=\"https:\/\/www.nzz.ch\">www.nzz.ch<\/a>\u00a0 .<br \/>\n10.2.2018<\/p>\n","protected":false},"excerpt":{"rendered":"<p>Der Rundfunkstaatsvertrag verpflichtet ARD und ZdF zu ausgewogener politischer Berichterstattung. Diese wird derzeit nicht eingehalten, die AfD als drittst\u00e4rkste Partei ist in News wie Talkshows kaum vertreten. Die \u00d6ffentlich-rechtlichen Rundfunksender r\u00e4umen diese Unausgewogenheit auch ein &#8211; mit Hinweis auf die &hellip; <a href=\"https:\/\/www.freiburg-schwarzwald.de\/blog\/ard-zdf-unausgewogenheit\/\">Weiterlesen <span class=\"meta-nav\">&rarr;<\/span><\/a><\/p>\n","protected":false},"author":2,"featured_media":0,"comment_status":"open","ping_status":"closed","sticky":false,"template":"","format":"standard","meta":{"footnotes":""},"categories":[18,14,162,13,80],"tags":[551,668,545,438],"class_list":["post-66611","post","type-post","status-publish","format-standard","hentry","category-bildung","category-global","category-internet","category-kultur","category-medien","tag-info","tag-talk","tag-www","tag-zeitung"],"_links":{"self":[{"href":"https:\/\/www.freiburg-schwarzwald.de\/blog\/wp-json\/wp\/v2\/posts\/66611","targetHints":{"allow":["GET"]}}],"collection":[{"href":"https:\/\/www.freiburg-schwarzwald.de\/blog\/wp-json\/wp\/v2\/posts"}],"about":[{"href":"https:\/\/www.freiburg-schwarzwald.de\/blog\/wp-json\/wp\/v2\/types\/post"}],"author":[{"embeddable":true,"href":"https:\/\/www.freiburg-schwarzwald.de\/blog\/wp-json\/wp\/v2\/users\/2"}],"replies":[{"embeddable":true,"href":"https:\/\/www.freiburg-schwarzwald.de\/blog\/wp-json\/wp\/v2\/comments?post=66611"}],"version-history":[{"count":0,"href":"https:\/\/www.freiburg-schwarzwald.de\/blog\/wp-json\/wp\/v2\/posts\/66611\/revisions"}],"wp:attachment":[{"href":"https:\/\/www.freiburg-schwarzwald.de\/blog\/wp-json\/wp\/v2\/media?parent=66611"}],"wp:term":[{"taxonomy":"category","embeddable":true,"href":"https:\/\/www.freiburg-schwarzwald.de\/blog\/wp-json\/wp\/v2\/categories?post=66611"},{"taxonomy":"post_tag","embeddable":true,"href":"https:\/\/www.freiburg-schwarzwald.de\/blog\/wp-json\/wp\/v2\/tags?post=66611"}],"curies":[{"name":"wp","href":"https:\/\/api.w.org\/{rel}","templated":true}]}}