{"id":66409,"date":"2018-02-05T10:26:10","date_gmt":"2018-02-05T09:26:10","guid":{"rendered":"https:\/\/www.freiburg-schwarzwald.de\/blog\/?p=66409"},"modified":"2018-02-05T20:18:50","modified_gmt":"2018-02-05T19:18:50","slug":"gauck-dunkeldeutschland-hell","status":"publish","type":"post","link":"https:\/\/www.freiburg-schwarzwald.de\/blog\/gauck-dunkeldeutschland-hell\/","title":{"rendered":"Gauck Dunkeldeutschland &#8211; hell"},"content":{"rendered":"<p><a title=\"Budapest-Dublin2015\" href=\"https:\/\/www.freiburg-schwarzwald.de\/blog\/global\/eu\/budapest-dublin2015\/\">2015<\/a> lobte <a title=\"Times are a changing \u2013 Gauck\" href=\"https:\/\/www.freiburg-schwarzwald.de\/blog\/times-are-a-changing-gauck\/\">Joachim Gauck<\/a> in einer <a title=\"Migration\" href=\"https:\/\/www.freiburg-schwarzwald.de\/blog\/global\/migration\/\">Fl\u00fcchtlingsunterkunft<\/a> &#8222;ein <a title=\"Diskussionskultur\" href=\"https:\/\/www.freiburg-schwarzwald.de\/blog\/kultur\/medien\/diskussionskultur\/\">helles Deutschland<\/a>, das hier sich leuchtend darstellt gegen\u00fcber dem <a title=\"Im reichen Land gut und gerne\" href=\"https:\/\/www.freiburg-schwarzwald.de\/blog\/im-reichen-land-gut-und-gerne\/\">Dunkeldeutschland<\/a>, das wir empfinden, wenn wir von fremdenfeindlichen Aktionen gegen Menschen h\u00f6ren\u201c. Als Bundespr\u00e4sident <a title=\"Senioren\" href=\"https:\/\/www.freiburg-schwarzwald.de\/blog\/selbsthilfe\/senioren\/\">a.D<\/a>. hat der Erfinder von Hell- und <a title=\"Sabatina-James\" href=\"https:\/\/www.freiburg-schwarzwald.de\/blog\/religion\/islam\/sabatina-james\/\">Dunkeldeutschland<\/a> seine Meinung zu <a title=\"Voelkerwanderung\" href=\"https:\/\/www.freiburg-schwarzwald.de\/blog\/global\/voelkerwanderung\/\">Massenmigration<\/a>, <a title=\"Willkommenskultur\" href=\"https:\/\/www.freiburg-schwarzwald.de\/blog\/global\/integration\/willkommenskultur\/\">Willkommenskultur<\/a> und <a title=\"Multikulti\" href=\"https:\/\/www.freiburg-schwarzwald.de\/blog\/kultur\/leitkultur\/multikulti\/\">Multikulti<\/a> zur \u00dcberraschung aller um 180 Grad ge\u00e4ndert:<!--more--><\/p>\n<p><em>&#8222;Ein Nationalstaat darf sich <a title=\"Kontrollverlust\" href=\"https:\/\/www.freiburg-schwarzwald.de\/blog\/engagement\/zukunft\/demokratie\/kontrollverlust\/\">nicht \u00fcberfordern<\/a>. Wer sich vorstellt, quasi als imaginierter Vertreter eines Weltb\u00fcrgertums alle Grenzen des Nationalstaates hinwegzunehmen, \u00fcberfordert nicht nur die materiellen, territorialen und sozialen M\u00f6glichkeiten eines jeden Staates, sondern auch die psychischen M\u00f6glichkeiten seiner B\u00fcrger. Sogar der weltoffene Mensch ger\u00e4t an seine Grenzen, wenn sich Entwicklungen vor allem kultureller Art zu schnell und zu umfassend vollziehen.<\/em><br \/>\n<em> Einen gro\u00dfen Einfluss in der Integrationspolitik hat lange Zeit die Konzeption des Multikulturalismus gehabt: Was sich auch immer hinter den einzelnen Kulturen verborgen hat &#8211; Vielfalt galt als Wert an sich. Die Kulturen der Verschiedenen sollten gleichberechtigt nebeneinander existieren, f\u00fcr alle verbindliche westlich-liberale Wertvorstellungen wurden abgelehnt. Ich verstehe, dass es auf den ersten Blick tolerant und weltoffen anmuten mag, wenn Vielfalt derart akzeptiert und honoriert wird. Wohin ein solcher Multikulturalismus aber tats\u00e4chlich gef\u00fchrt hat, das hat mich doch erschreckt.&#8220;<br \/>\n<\/em>\u00a0.<br \/>\nIn seiner Rede vom 31.1.2018 an der Uni D\u00fcsseldorf verk\u00fcndet <a title=\"Offene Gesellschaft 3.10. Gauck\" href=\"https:\/\/www.freiburg-schwarzwald.de\/blog\/offene-gesellschaft-3-10-gauck\/\">Gauck<\/a>\u00a0also genau das, was angebliche &#8218;Hetzer&#8216; wie <a title=\"Patriotismus\" href=\"https:\/\/www.freiburg-schwarzwald.de\/blog\/engagement\/zukunft\/demokratie\/patriotismus\/\">R\u00fcdiger Safranski<\/a>, J\u00f6rg Baberowski, Michael Klonovsky und auch <a title=\"Sarrazin\" href=\"https:\/\/www.freiburg-schwarzwald.de\/blog\/engagement\/zukunft\/sarrazin\/\">Thilo Sarrazzin<\/a> schon 2015 so gesagt hatten. Wie l\u00e4\u00dft sich diese Kehrtwende von Joachim Gauck erkl\u00e4ren &#8211; Gauck als <a title=\"Wendehals\" href=\"https:\/\/www.freiburg-schwarzwald.de\/blog\/engagement\/zukunft\/demokratie\/wendehals\/\">Wendehals<\/a>? Geistige Befreiung auf dem Weg vom amtierenden zum pensionierten Pr\u00e4sidenten? Altersweisheit mit 78 Jahren? Ende der Freundschaft zu <a title=\"Merkelismus\" href=\"https:\/\/www.freiburg-schwarzwald.de\/blog\/engagement\/zukunft\/demokratie\/merkelismus\/\">Angela Merkel<\/a>?<br \/>\n5.2.2018<\/p>\n<p><strong><a title=\"Flucht 1945 \u2013 Flucht 2015 Gauck\" href=\"https:\/\/www.freiburg-schwarzwald.de\/blog\/flucht-1945-flucht-2015-gauck\/\">Gauck<\/a>-Rede in D\u00fcsseldorf: &#8222;Mich erschreckt der Multikulturalismus&#8220;<\/strong><br \/>\n<a title=\"Priester und Imame \u2013 Wahl 2017\" href=\"https:\/\/www.freiburg-schwarzwald.de\/blog\/priester-und-imame-wahl-2017\/\">Joachim Gauck<\/a> hat an der Uni D\u00fcsseldorf \u00fcber Heimat und das Fremde gesprochen.<br \/>\nDie gesamte Rede vom 31.1.2018 bitte lesen auf<br \/>\n<a href=\"https:\/\/www.rp-online.de\/nrw\/staedte\/duesseldorf\/joachim-gauck-an-heinrich-heine-uni-duesseldorf-mich-erschreckt-der-multikulturalismus-aid-1.7360493\">https:\/\/www.rp-online.de\/nrw\/staedte\/duesseldorf\/joachim-gauck-an-heinrich-heine-uni-duesseldorf-mich-erschreckt-der-multikulturalismus-aid-1.7360493<\/a><\/p>\n<p><a href=\"https:\/\/www.rp-online.de\/nrw\/staedte\/duesseldorf\/joachim-gauck-begeistert-mit-vorlesung-an-heinrich-heine-univeristaet-aid-1.7360908\">https:\/\/www.rp-online.de\/nrw\/staedte\/duesseldorf\/joachim-gauck-begeistert-mit-vorlesung-an-heinrich-heine-univeristaet-aid-1.7360908<\/a><\/p>\n<p><strong>Gauck &#8211; Mut erst im Ruhestand?<\/strong><br \/>\nSobald die Funktionstr\u00e4ger aus ihrem Amt in den Ruhestand \u00fcbergetreten sind werden manche deutlich ehrlicher. Die vorherige Unlauterkeit (Dunkeldeutschland) und Angepassheit (Willkommenkultur) an den Mainstream der Meinung der Obrigkeit und Medien ist aber sehr bedauerlich, denn hier haben sie einst f\u00fcr die Karriere und dem guten Ansehen in den Medien ihre Integrit\u00e4t, Glaubw\u00fcrdigkeit und Aufrichtigkeit geopfert.<br \/>\nDa hat <a title=\"Palmer gegen Migrationspolitik\" href=\"https:\/\/www.freiburg-schwarzwald.de\/blog\/palmer-gegen-migrationspolitik\/\">Boris Palmer<\/a> wirklich viel mehr Mut &#8211; bereits vor dem Ruhestand!<br \/>\n2.2.2018, Dietmar V., WO<br \/>\n.<\/p>\n<p><strong>\u201eSogar der weltoffene Mensch ger\u00e4t an seine Grenzen\u201c<\/strong><br \/>\nEs habe ihn sehr erschreckt, wohin der Multikulturalismus in Deutschland gef\u00fchrt habe: Bei einer Gastvorlesung in D\u00fcsseldorf reflektiert Joachim Gauck die politische Lage im Land \u2026<br \/>\nZum Thema \u201eNachdenken \u00fcber das Eigene und Fremde\u201c reflektierte der 78-J\u00e4hrige \u00fcber Heimat und Zuzug, Nationalstaaten und Multikulturalismus, Fremdheit und Zivilit\u00e4t. \u2026.<br \/>\nAlles vom 2.2.2018 bitte lesen auf<br \/>\n<a href=\"https:\/\/www.welt.de\/politik\/deutschland\/article173121465\/Joachim-Gauck-Sogar-der-weltoffene-Mensch-geraet-an-seine-Grenzen.html#Comments\">https:\/\/www.welt.de\/politik\/deutschland\/article173121465\/Joachim-Gauck-Sogar-der-weltoffene-Mensch-geraet-an-seine-Grenzen.html#Comments<\/a><\/p>\n<p>.<br \/>\n<strong>Gauck &#8211; Meinungsmanipulation der Jungen durch Eliten<\/strong><br \/>\nGauck war kein Volksvertreter. Er war Pr\u00e4sident der Machteliten. Wie alle anderen Pr\u00e4sidenten vor ihm auch. Und daf\u00fcr kann man ihm keinen Vorwurf machen. Die einzige Ausnahme war Richard von Weizs\u00e4cker, der eine ganz andere Auffassung von seinem Amt hatte. Wenn Gauck sich jetzt vor die Jugend stellt, und irgendetwas daher redet, weil es sich sch\u00f6n anh\u00f6rt und mainstreamkonform ist, mag das ganz nett sein.<br \/>\nAber es bewirkt nichts &#8211; gar nichts. In den f\u00fcnf Jahren seiner Amtszeit h\u00e4tte er etwas bewirken k\u00f6nnen. Er h\u00e4tte sich \u00f6ffentlich gegen Kriege aussprechen k\u00f6nnen.<br \/>\nEr h\u00e4tte, wie Jesus von Nazareth, die Korruption der Machteliten anprangern m\u00fcssen.<br \/>\nEr h\u00e4tte gegen Ungerechtigkeit und Ausbeutung agieren k\u00f6nnen. Stattdessen hat er sich den Machteliten angebiedert und ihnen nach dem Mund geredet. Ber\u00fchmt ist seine Rede, in der er Kriege rechtfertigte \u2013 als Kirchenmann! Nein, diesen Mann muss ich nicht h\u00f6ren. Und sehen schon mal gar nicht.<br \/>\nDass so jemand vor Studenten spricht, ist ein weiterer Beweis f\u00fcr die aggressive Meinungsmanipulation der jungen Menschen durch die Machteliten.<br \/>\n1.2.2018, Angerl\u00e4nder, RPO<br \/>\n.<br \/>\n<strong>Gauck diffamierte die B\u00fcrger, die gegen Massenmigration sind<\/strong><br \/>\nBitte nicht vergessen ich zitiere: <strong><em>&#8222;Die Eliten,sind nicht das Problem, das Volk ist das Problem!&#8220;<\/em><\/strong><br \/>\nNoch Fragen? Ich glaube ihm nicht, da m\u00fcsste eine echte Entschuldigung erfolgen, f\u00fcr\u00a0seine Diffamierungen zur Amtszeit. &#8230;<br \/>\nGauck war immer ganz vorn dabei, wenn es galt Migration zu bejubeln. Ich erinnere an sein uns\u00e4gliches Dunkeldeutschland-Zitat. Jetzt auf einmal eine 180 Gradwendung?<br \/>\n2.2.2018, Ramona S. WO<\/p>\n<p><strong>Gauck beschimpfte die dunklen Deutschen &#8211; vor seiner Pensionierung<\/strong><br \/>\nZu sp\u00e4t. Wem n\u00fctzt noch diese Rede? Diese Rede w\u00e4re 2015 f\u00e4llig gewesen. &#8230;.<br \/>\nSobald Politiker a. D. oder Ex sind, sprechen sie pl\u00f6tzlich ganz anderes als vorher! &#8230;.<br \/>\nWas die Politik und die Medien seit 2015 von sich gegeben haben, wird nicht vergessen werden. Da k\u00f6nnen sie (ach Gauck) sich heute drehen und wenden wie sie wollen &#8230;<br \/>\nEben Helldeutschhland und Dunkeldeutschland! das sind seine Worte gewesen, als sich erster Widerstand in der Bev\u00f6lkerung zeigte. Gauck hat damals Leute, die das haben kommen sehen, vom h\u00f6chsten Amt aus beschimpft&#8230;..<br \/>\nWieder eine Rede zur Serie: &#8222;ich habe das zu verantworten und jetzt Klage ich an.&#8220; Und nichts passiert&#8230;.<br \/>\n2.2.2018, Rabat M, WO<br \/>\n.<br \/>\n<strong>Diese Worte h\u00e4tte man sich von ihm 2015 als Bundespr\u00e4sident gew\u00fcnscht&#8230;<\/strong><br \/>\nImmerhin regt sich langsam etwas! So lange aber Frau Chebli weiterhin behaupten kann, dass Antisemitismus zu 90% aus der rechten Ecke k\u00e4me, bleibt es wie es ist! &#8230;.<br \/>\n2.2.2.108, B.Gott, WO<\/p>\n<p><strong>Nazi<\/strong><br \/>\nVor kurzem wurde so etwas auch von Gauck noch als &#8222;Nazi&#8220; bezeichnet. Schon als Pr\u00e4sident schwach, auf einmal das Offensichtliche erkennend, das schon in seiner Amtszeit kein bisschen anders war? Gut, dass er es anspricht, aber heute haben seine Worte doch viel weniger Gewicht. Ansonsten: geschenkt, der Schaden ist da und die Gesellschaft schon tief gespalten.<br \/>\n2.2.2018, Elbe, WO<br \/>\n.<br \/>\n<strong>Kontrollverlust bleibt<\/strong><br \/>\nDer Herr Gauck wacht nach \u00fcber 2,5 Jahren allm\u00e4hlich auf. Da kann man dann gratulieren.<br \/>\nSo richtig konsequent denkt er aber immernoch nichts zu Ende: &#8222;Ohne Affektkontrolle k\u00f6nne es keine Zivilit\u00e4t geben&#8220;, sagt Gauck. &#8222;Dies aber nur durch Unterdr\u00fcckung zu erreichen w\u00fcrde einen Konflikt nicht l\u00f6sen.&#8220; Er dr\u00fcckt sich hier bewusst schwammig aus. Worum es eigentlich geht: Er redet quasi dagegen, dass der Staat seinen Kontrollverlust wieder mit mehr Kontrolle &#8222;einf\u00e4ngt&#8220;. Rein mit salbungsvollen Worten wird er aber niemanden erreichen, der hier Affekte unkontrolliert auslebt.<br \/>\n2.2.2018, Berlinerin, WO<\/p>\n<p>.<\/p>\n<p><strong>Joachim Gauck fordert, negative Auspr\u00e4gungen des Islam zu kritisieren<\/strong><br \/>\nVom Eise des Amtes befreit spricht sich der ehemalige Bundespr\u00e4sident f\u00fcr das aus, was er im Amte irgendwie verboten hatte. Willkommen zur\u00fcck. &#8230;<br \/>\nEx-Bundespr\u00e4sident Joachim Gauck bekennt sich zu Nation und fordert dazu auf, negative Auspr\u00e4gungen des Islam zu kritisieren. Was eigentlich selbstverst\u00e4ndlich scheint, dann tabuisiert war, wird wieder eingefordert. Selbst der Nationalstaat und dessen m\u00f6gliche \u00dcberforderung wird thematisiert. Erstaunlich \u2013 diese Position von einem Mann (Wendehals), der w\u00e4hrend seiner Amtszeit zwischen Hell- und Dunkeldeutschland eine scharfe Trennlinie gezogen hat? Der dazu beigetragen hat, Kritiker auszugrenzen?&#8230; Alles vom 1.2.2018 bitte lesen auf<br \/>\n<a href=\"https:\/\/www.tichyseinblick.de\/daili-es-sentials\/joachim-gauck-mich-erschreckt-der-multikulturalismus\/\">https:\/\/www.tichyseinblick.de\/daili-es-sentials\/joachim-gauck-mich-erschreckt-der-multikulturalismus\/<\/a><\/p>\n<p><strong>Herr Gauck, ein Meister der Anpassung.<\/strong><br \/>\nW\u00e4hrend er als Bundespr\u00e4sident \u00fcber die Menschen in \u201eDunkeldeutschland\u201c fluchte, okkupiert er jetzt Thesen, die er vor Monaten noch mit der Inquisition belegt h\u00e4tte. Eine \u00e4hnliche Volte ist ihm ja auch schon in der Endzeit der DDR gelungen, in aller Ruhe und<br \/>\nin Deckung abwarten wohin die Waage sich neigt und sich dann bei den Siegern ganz heftig in die erste Reihe dr\u00e4ngen. Und das mit pastoralem Ductus, passt immer.<br \/>\n1.2.2018, Klaus Klinner, AO<br \/>\n<strong>Wendehals Gauck &#8211; unglaubw\u00fcrdig<\/strong><br \/>\nIm Amt des Bundespr\u00e4sidenten teilte Herr Gauck Deutschland im August 2015 in ein \u201eDunkeldeutschland und ein helles Deutschland, das sich leuchtend gegen\u00fcber dem Dunkeldeutschland darstellt\u201c. Mit der Bezeichnung Dunkeldeutschland zielte er auf Ostdeutschland ab, da hier bereits zu diesem Zeitpunkt die kritischen Stimmen gegen die anschwellende sogenannte Fl\u00fcchtlingspolitik laut wurden.Herr Gauck als Bundespr\u00e4sident hat dem Rechtsbruch der Kanzlerin und der Bundesregierung keinen Einhalt geboten, sondern diesen mitgetragen. Es war auch Herr Gauck, der sich mit m\u00f6glichst vielen Neuank\u00f6mmlingen fotografieren lie\u00df und auf vielen Willkommensfesten zugegen war. Bereits im Februar 2014, demnach noch vor der \u201eFl\u00fcchtlingskrise\u201c, war es Herr Gauck, der w\u00e4hrend eines Aufenthaltes in Indien geradezu um Zuwanderung nach Deutschland warb. (https:\/\/www.welt.de\/politik\/deutschland\/article160308312\/Wir-haben-Platz-in-Deutschland.html)<br \/>\nEs ist mir pers\u00f6nlich nicht in Erinnerung, dass Herr Gauck w\u00e4hrend der Aus\u00fcbung seines Amtes als Bundespr\u00e4sident \u2013 seine Amtszeit endete erst im M\u00e4rz 2017 \u2013 seine Stimme kritisch in der Fl\u00fcchtlingspolitik erhoben und vor den Folgen einer ungebremsten Einwanderung von Menschen mit einem anderen kulturellen Hintergrund warnte.<br \/>\nF\u00fcr mich ist Herr Gauck schlichtweg unglaubw\u00fcrdig. Sollte ihm aber tats\u00e4chlich durch Gottes Wort die Erleuchtung gekommen sein, dann erwarte ich von Herrn Gauck, dass er seinen Worten auch wirksame Taten folgen l\u00e4sst.<br \/>\n1.2.2018, Anne, TO<\/p>\n<p>Wenn alle Kulturen gleichwertig sind (wie Herr Gauck 2015-2017 sagte und seit 2018 nicht mehr sagt), warum sind dann alle Kulturen, denen ich nicht angeh\u00f6re, meiner gegen\u00fcber ablehnend. Wenn alle Kulturen gleichwertig sind, warum gibt es dann so viele? Ist eine menschenopfernde Kultur auch eine Kultur? Ist die v\u00f6lkische Kultur auch eine Kultur? Gibt es eine Theorie der \u201aEingeschr\u00e4nkten Kulturen\u2018?<br \/>\n1.2.2018, Spindoc, TO<\/p>\n<p><strong>Volksverdummung als Erg\u00e4nzungsparagraph zur Volksverhetzung<\/strong><br \/>\nZum \u00a7 130 StGB (Volksverhetzung) rege ich die Einf\u00fchrung eines \u00a7 130b an mit dem Titel Volksverdummung. Vorl\u00e4ufiger Text:<br \/>\n(1) Wer in einer Weise, die geeignet ist, den \u00f6ffentlichen Frieden zu st\u00f6ren<br \/>\n1. zum Dummhalten von Teilen der Bev\u00f6lkerung redet oder zur Vertiefung davon auffordert oder beitr\u00e4gt oder<br \/>\n2. die Menschenw\u00fcrde der Verdummten dadurch besch\u00e4digt oder aufhebt oder ver\u00e4chtlich macht,wird mit Freiheitsstrafe von drei Monaten bis zu f\u00fcnf Jahren bestraft.<\/p>\n<p>Zur Erg\u00e4nzung bei \u00a7 130b StGB wird ein Absatz (2) hinzugef\u00fccht:<br \/>\n(2) Die Straftatbest\u00e4nde von Absatz (1) bleiben straffrei, wenn der Beschuldigte gutachtlich nachweist, dass<br \/>\n1. eine Schmerzfreiheit gegen\u00fcber der eigenen Dummheit vorliegt und damit f\u00fcr den Beschuldigten nicht erkennbar war, dass er \u2026 dummh\u00e4lt im Sinne von Absatz (1)<br \/>\n2. seine Ignoranz, Realit\u00e4tsverkennung, Bl\u00f6dsichtigkeit, Demenz o.\u00e4. den Beschuldigten auf Dauer nicht von Dummschw\u00e4tzerei bewahren kann<br \/>\n3. \u2026 (mir f\u00e4llt schon noch was ein, Anregungen welcome \u2026)<br \/>\nAnm. eines Gesetzkommentators (Dr. G. Giesemann): Mit der Dummheit, des isch so, selber merkelt man nix davo\u2018.<br \/>\n3.2.2018, Giesmann, TO<br \/>\n.<br \/>\n<strong>Wendehals Gauck &#8211; eine Chronologie<\/strong><br \/>\nZur Information f\u00fcr diejenigen hier bei Tichys Einblick, die nicht aus der DDR kommen und Gaucks Karriere dort nicht so gut kennen: Gauck ist das, was nach dem Mauerfall im Osten als \u201eWendehals\u201c bezeichnet wurde, also Leute, die ihre Meinung immer sch\u00f6n wie ein F\u00e4hnchen in den politischen Wind halten.<br \/>\nZu DDR-Zeiten war Gauck als Pfarrer hoch privilegiert, er konnte unbegrenzt in den Westen reisen, dort B\u00fccher ver\u00f6ffentlichen (und Westgeld verdienen!) und seine S\u00f6hne dorthin \u00fcbersiedeln lassen, ohne das er besonders systemkritisch gewesen ist. Erst kurz vor dem Mauerfall gab es auch in seiner Kirche systemkritische Bibellesungen, und als das SED-Regime zusammen brach, war er auf einmal im Neuen Forum als angeblicher B\u00fcrgerrechtler dabei.<br \/>\nDanach folgten Dank seines unberechtigten Images als B\u00fcrgerrechtler eine Anstellung bei der StaSi-Unterlagenbeh\u00f6rde, bei der wiederum an seinem Image feilte und das ihm dann mit hohen Erwartungen das Amt des Bundespr\u00e4sidenten einbrachte, in dem er stark entt\u00e4uschte und nur den Oberen um Merkel nach dem Mund redete.<br \/>\nNun von Amt und Pflichten, nicht aber dem \u00fcppigen Ehrensold befreit, wendet er sich und seine Meinung wieder etwas in den neuen Mainstream, und redet teilweise genau gegens\u00e4tzlich zu dem, was er noch als BuPr\u00e4 erz\u00e4hlt hat.<br \/>\n2.2.2018, Jens Strom TO<\/p>\n<p>&nbsp;<\/p>\n","protected":false},"excerpt":{"rendered":"<p>2015 lobte Joachim Gauck in einer Fl\u00fcchtlingsunterkunft &#8222;ein helles Deutschland, das hier sich leuchtend darstellt gegen\u00fcber dem Dunkeldeutschland, das wir empfinden, wenn wir von fremdenfeindlichen Aktionen gegen Menschen h\u00f6ren\u201c. Als Bundespr\u00e4sident a.D. hat der Erfinder von Hell- und Dunkeldeutschland seine &hellip; <a href=\"https:\/\/www.freiburg-schwarzwald.de\/blog\/gauck-dunkeldeutschland-hell\/\">Weiterlesen <span class=\"meta-nav\">&rarr;<\/span><\/a><\/p>\n","protected":false},"author":2,"featured_media":0,"comment_status":"open","ping_status":"closed","sticky":false,"template":"","format":"standard","meta":{"footnotes":""},"categories":[18,36,155,13,80,172],"tags":[190,633,485,725,525],"class_list":["post-66409","post","type-post","status-publish","format-standard","hentry","category-bildung","category-engagement","category-integration","category-kultur","category-medien","category-zukunft","tag-alter","tag-demokratie","tag-refugee","tag-integration","tag-politik"],"_links":{"self":[{"href":"https:\/\/www.freiburg-schwarzwald.de\/blog\/wp-json\/wp\/v2\/posts\/66409","targetHints":{"allow":["GET"]}}],"collection":[{"href":"https:\/\/www.freiburg-schwarzwald.de\/blog\/wp-json\/wp\/v2\/posts"}],"about":[{"href":"https:\/\/www.freiburg-schwarzwald.de\/blog\/wp-json\/wp\/v2\/types\/post"}],"author":[{"embeddable":true,"href":"https:\/\/www.freiburg-schwarzwald.de\/blog\/wp-json\/wp\/v2\/users\/2"}],"replies":[{"embeddable":true,"href":"https:\/\/www.freiburg-schwarzwald.de\/blog\/wp-json\/wp\/v2\/comments?post=66409"}],"version-history":[{"count":0,"href":"https:\/\/www.freiburg-schwarzwald.de\/blog\/wp-json\/wp\/v2\/posts\/66409\/revisions"}],"wp:attachment":[{"href":"https:\/\/www.freiburg-schwarzwald.de\/blog\/wp-json\/wp\/v2\/media?parent=66409"}],"wp:term":[{"taxonomy":"category","embeddable":true,"href":"https:\/\/www.freiburg-schwarzwald.de\/blog\/wp-json\/wp\/v2\/categories?post=66409"},{"taxonomy":"post_tag","embeddable":true,"href":"https:\/\/www.freiburg-schwarzwald.de\/blog\/wp-json\/wp\/v2\/tags?post=66409"}],"curies":[{"name":"wp","href":"https:\/\/api.w.org\/{rel}","templated":true}]}}