{"id":66402,"date":"2018-02-04T10:36:48","date_gmt":"2018-02-04T09:36:48","guid":{"rendered":"https:\/\/www.freiburg-schwarzwald.de\/blog\/?p=66402"},"modified":"2018-02-10T09:28:39","modified_gmt":"2018-02-10T08:28:39","slug":"warum-tut-denn-keiner-was","status":"publish","type":"post","link":"https:\/\/www.freiburg-schwarzwald.de\/blog\/warum-tut-denn-keiner-was\/","title":{"rendered":"Warum tut denn keiner was"},"content":{"rendered":"<p>Fragen wie &#8222;<a title=\"Unterwerfung\" href=\"https:\/\/www.freiburg-schwarzwald.de\/blog\/religion\/islam\/unterwerfung\/\">Warum tut denn keiner was?<\/a>&#8220; und &#8222;<a title=\"Widerstand\" href=\"https:\/\/www.freiburg-schwarzwald.de\/blog\/engagement\/zukunft\/demokratie\/widerstand\/\">Wer geht mit mir auf die Stra\u00dfe?<\/a>&#8220; mehren sich angesichts der t\u00e4glichen <a title=\"Fluechtlinge-Kriminalitaet\" href=\"https:\/\/www.freiburg-schwarzwald.de\/blog\/global\/integration\/fluechtlinge-kriminalitaet\/\">Gewalt gegen Frauen<\/a> durch <a title=\"Migration-Maenner\" href=\"https:\/\/www.freiburg-schwarzwald.de\/blog\/global\/migration\/migration-maenner\/\">Migranten<\/a>. Neben &#8222;Deutsche sind <a title=\"Demo\" href=\"https:\/\/www.freiburg-schwarzwald.de\/blog\/engagement\/buergerinitiativen\/demo\/\">demo-faul<\/a>&#8222;, &#8222;Uns geht es <a title=\"Sozialstaat\" href=\"https:\/\/www.freiburg-schwarzwald.de\/blog\/selbsthilfe\/soziales\/sozialstaat\/\">zu gut<\/a>&#8220; d\u00fcrfte &#8222;Die <a title=\"Angst\" href=\"https:\/\/www.freiburg-schwarzwald.de\/blog\/engagement\/zukunft\/angst\/\">Angst<\/a>, <a title=\"Afd-Waehler \u2013 Angst Dummheit\" href=\"https:\/\/www.freiburg-schwarzwald.de\/blog\/afd-waehler-angst-dummheit\/\">rechtsradikal<\/a> genannt zu werden&#8220; der Hauptgrund sein. Keine <a title=\"Nizza Wuerzburg \u2013 Keine Angst\" href=\"https:\/\/www.freiburg-schwarzwald.de\/blog\/nizza-wuerzburg-keine-angst\/\">Angst<\/a> hatten Frauen und M\u00fctter, die nach der\u00a0 <a title=\"Messerstecher\" href=\"https:\/\/www.freiburg-schwarzwald.de\/blog\/selbsthilfe\/soziales\/justiz\/messerstecher\/\">Messer<\/a>-Ermordnung der <a title=\"Kandel-Messerstecher Medien\" href=\"https:\/\/www.freiburg-schwarzwald.de\/blog\/kandel-messerstecher-medien\/\">15-j\u00e4hrigen Mia<\/a> in <a title=\"Kandel-Bluttat27-12-2017\" href=\"https:\/\/www.freiburg-schwarzwald.de\/blog\/engagement\/zukunft\/demokratie\/kandel-bluttat27-12-2017\/\">Kandel<\/a> <!--more-->durch einen gleichaltrigen Afghanen einen Protestmarsch in Kandel vom Tatort DM aus starteten unter dem Motto &#8222;Sicherheit f\u00fcr unsere Kinder&#8220;.<br \/>\nDabei kam es zu einer bedr\u00fcckenden Szene. Eine junge Mutter (Vorname Karina) berichtete, wie sie von <a title=\"UMA\" href=\"https:\/\/www.freiburg-schwarzwald.de\/blog\/global\/integration\/uma\/\">Migranten<\/a> im Beisein ihrer kleinen Kinder mehrfach geschlagen und angespuckt wurde, und wie schwer es ihr f\u00e4llt, dies ihren Kindern zu erkl\u00e4ren. Hier das Video:\u00a0<a href=\"https:\/\/www.youtube.com\/watch?v=NTLB5RVjTtM&amp;feature=youtu.be\">https:\/\/www.youtube.com\/watch?v=NTLB5RVjTtM&amp;feature=youtu.be<\/a>\u00a0(das Video ist leider zeitweilig gesperrt &#8211; dank Zensurgesetz von Heiko Maas).<br \/>\nIm Hintergrund h\u00f6rt man das Tr\u00f6ten der linksliberalen Gegendemonstration des Aktionsb\u00fcndnisses &#8222;Aufstehen gegen Rassismus&#8220;, um den Bericht der Mutter zu \u00fcbert\u00f6nen. Dann der Video-Schwenk r\u00fcber zum Rathaus, wo der SPD-B\u00fcrgermeister von Kandel hinter den Antifa-Fahnen Schutz sucht. Makaber: Ein B\u00fcrgermeister versteckt sich vor den Frauen seiner eigenen Ortsgemeinde und h\u00f6rt zu, wie diese in ihrer Angst um die Sicherheit ihrer Kinder als\u00a0 mittels <a title=\"Nazi\" href=\"https:\/\/www.freiburg-schwarzwald.de\/blog\/religion\/juden\/nazi\/\">Nazi-Keule<\/a> rechtsradikal verunglimpft werden.<br \/>\nAn Ende sang das &#8222;Frauenb\u00fcndnis Kandel&#8220; die Nationalhymne &#8211; spontan, verlegen, es klang eher wie ein verzweifeltes Klagelied. In der Presse wurde dieses Singen des Deutschlandliedes dann als Beleg der AfD-N\u00e4he der Frauen ausgelegt.<br \/>\n4.2.2018<\/p>\n<p>&nbsp;<\/p>\n<p><strong>Junge Mutter ist doch keine Rassistin<\/strong><br \/>\nSie ist vorsichtig, sehr vorsichtig. Karina ist 39 Jahre alt, Ehefrau, Mutter von vier Kindern. Sie lebt im S\u00fcden Deutschlands. \u201eIch werde als Rassistin beschimpft, von Linksextremen bedroht und mu\u00dfte auf meiner Facebookseite die Kommentarspalte schlie\u00dfen. Und das alles nur, weil ich nicht mehr den Kopf in den Sand stecke.\u201c Seit einem Auftritt am Mikrofon auf der Demo des \u201eFrauenb\u00fcndnis Kandel\u201c am 28. Januar 2018 in Kandel ist Karina bekannt, &#8230; \u201eIch habe lange geschlafen, so kann man das wohl bezeichnen\u201c, sagt sie. \u201eAber jetzt gehe ich auf die Stra\u00dfe. Jetzt sage ich meine Meinung. Und das tue ich f\u00fcr meine Familie, f\u00fcr meine Kinder. Es geht doch um alles.\u201c &#8230;. Alles vom 9.2.2018 bitte lesen auf<br \/>\n<a href=\"https:\/\/jungefreiheit.de\/kultur\/gesellschaft\/2018\/ich-schau-nicht-mehr-weg\/\">https:\/\/jungefreiheit.de\/kultur\/gesellschaft\/2018\/ich-schau-nicht-mehr-weg\/<br \/>\n<\/a>\u00a0 .<br \/>\n<strong>Ich habe eine gro\u00dfe Hochachtung vor dieser Frau<\/strong><br \/>\nund ich w\u00fcnschte mir, dass jeder andere auch so empfindet. Es ist eine Schande f\u00fcr Deutschland, wenn sich Ausl\u00e4nder bei uns so ungestraft auff\u00fchren d\u00fcrfen. Noch schlimmer finde ich aber, wenn andere Menschen dem kriminellen Treiben von Ausl\u00e4ndern tatenlos und teilnahmslos zusehen ohne helfend einzugreifen. Es gibt bei uns den Straftatbestand der unterlassenen Hilfeleistung. Warum wird der gegen die anderen Anwesenden nicht angewandt ? Warum ist die Justiz in UNSEREM Land in solchen F\u00e4llen so inaktiv ? Warum ist die Staatsanwaltschaft nicht bereit, diese Straftat weiter zu verfolgen ? Es w\u00e4re ihre Pflicht ! Wenn es um die Verfolgung angebliche Rechte Straft\u00e4ter geht, ist sie doch auch sofort zur Stelle.<\/p>\n<p>Da wird eine Frau grundlos, jawohl grundlos von einem ausl\u00e4ndischem Verbrecher zusammengeschlagen und der Linke Teil unserer Gesellschaft wie auch der Staat sehen einfach weg. Wo leben wir eigentlich schon ?<br \/>\n9.2.2018, Klaus, JO<\/p>\n<p>&nbsp;<\/p>\n<p><strong>Wer geht mit mir auf die Stra\u00dfe?<\/strong><br \/>\nDie immer noch gern beschworenen Einzelf\u00e4lle, hier sind die Gewalttaten von sogenannten Fl\u00fcchtlingen gemeint, sind inzwischen so zahlreich, dass selbst eifrige Verteidiger der Willkommenskultur nicht mehr in der Lage sind, diese Zuschreibung g\u00e4nzlich ironiefrei in den Mund zu nehmen. &#8230;<br \/>\nInzwischen sind mehr und mehr auch Deutsche unter den Opfern: Einige Tote, wie zuletzt die 15-j\u00e4hrige Mia aus Kandel, etliche Schwerverletzte, Niedergestochene, Zusammengeschlagene und Vergewaltigte. Man spricht nicht gern dar\u00fcber, aber vor allem in Ballungsr\u00e4umen halten immer mehr Einheimische immer mehr Orte f\u00fcr zu gef\u00e4hrlich, um sie noch allein aufzusuchen. &#8230;<br \/>\nDer Anlass f\u00fcr solche Gedanken ist ein Demonstrationsaufruf zum 28. Januar nach Kandel, der von einem Frauenb\u00fcndnis unter dem Motto \u201eSicherheit f\u00fcr unsere Kinder\u201c kommt. In Zeiten, in denen eine Liebelei mit einem \u201eFl\u00fcchtling\u201c f\u00fcr ein 15-j\u00e4hriges M\u00e4dchen lebensgef\u00e4hrlich werden kann, ist das mehr als verst\u00e4ndlich. Ich f\u00fchle, dass mir das sehr nahe geht, mehr als viele andere schlimme Nachrichten. &#8230;.<br \/>\nAlles von Clara Hagen vom 27.1.2018 bitte lesen auf<br \/>\n<a href=\"https:\/\/www.achgut.com\/artikel\/wer_geht_mit_mir_auf_die_strasse\">https:\/\/www.achgut.com\/artikel\/wer_geht_mit_mir_auf_die_strasse<\/a><\/p>\n<p><a href=\"https:\/\/www.facebook.com\/Kandelistueberall\/\">https:\/\/www.facebook.com\/Kandelistueberall\/<\/a><br \/>\n<a href=\"https:\/\/www.youtube.com\/watch?v=xnH3NNgElx4\">https:\/\/www.youtube.com\/watch?v=xnH3NNgElx4<br \/>\n<\/a>\u00a0 .<br \/>\n<strong>M\u00fctter in Angst um ihrer Kinder als rechts titulieren<\/strong><br \/>\nEs ist niedertr\u00e4chtig, M\u00fctter, die berechtigte Angst haben, dass ihnen und ihren Liebsten Gewalt angetan wird, als \u201crechts\u201d zu stigmatisieren. Fr\u00fcher habe ich bei dem Begriff B\u00fcrgerwehr fast Ekel empfunden, heute, nach einigen \u00fcblen Erlebnissen, ist das Musik in meinen Ohren. Die Lebensumst\u00e4nde von mir und meinen Kindern haben sich seit Herbst 2015 in rasantem Tempo verschlechtert. Das eigene Dasein ist immer mehr limitiert und die Sorge vor weiteren Vorf\u00e4llen dominiert den Alltag. Anstatt gewisse Bev\u00f6lkerungsgruppen streng auf Messer zu untersuchen macht die Regierung lieber Jagd auf die freie Rede. Ein Staat, der uns keinen Schutz mehr vor inneren und \u00e4u\u00dferen Feinden gew\u00e4hren m\u00f6chte, verdient keine Loyalit\u00e4t.<br \/>\n27.1.2018, Sabine Schubert, AO<\/p>\n<p><strong>Das Ver\u00e4chtlichmachen von Gegnern der Massenzuwanderung<\/strong><br \/>\nhat in Deutschland die Demokratie so schwer besch\u00e4digt, dass zu bef\u00fcrchten ist, dass wir irgend wann in einem totalit\u00e4ren Staat ankommen. Schuld sind die B\u00fcrger, welche sich Ber\u00fchrungs\u00e4ngste mit den Kritikern der Rechtlosigkeit andressieren lie\u00dfen- man will sich ja nicht nachsagen lassen, rechts zu ticken (dabei sollte man sich die Thesen von PEGIDA aus 2014 ruhig mal ansehen! Da findet man haupts\u00e4chlich CDU-Wahlprogramm 2002).<br \/>\nDas Haupt\u00fcbel, der Demokratiekiller schlechthin, ist aber der Verrat der Volkspartei CDU an den Prinzipien der Rechtsstaatlichkeit und der Demokratie. Die CDU hat ein derartig j\u00e4mmerliches Bild der Merkelh\u00f6rigkeit abgegeben, dass sie im Orcus der Geschichte landen wird. Seehofer hat sich immer wieder mal zum Widerspruch aufgerafft, weil er die Hoffnung hatte, es finden sich gen\u00fcgend Aufrechte in der CDU, die Merkel abs\u00e4gen. Aber ach &#8211; Versagen auf der ganzen Linie! So wird es noch lange, wahrscheinlich viel zu lange, brauchen, bis sich die AfD zur starken liberal-konservativen Kraft entwickelt hat.<br \/>\nWir k\u00f6nnen also nur auf das Ausland, auf unsere europ\u00e4ischen Nachbarn hoffen. Dabei ist, wie man h\u00f6rt, die EU-B\u00fcrokratie dabei, die Schleusen weiter in Richtung D zu \u00f6ffnen, um die Anderen ruhig zu halten. Was bleibt uns \u00fcbrig? Avanti! Auf die Stra\u00dfe &#8211; auch wenn dort nicht alle Leute zu 100% nach unserem b\u00fcrgerlichen Geschmack sind und ein gut trainierter linker Mob uns zusetzen wird. Es gibt nur noch einen Weg, die Demokratie zu retten.<br \/>\n27.1.2018, Stephan M\u00fcller, AO<br \/>\n.<br \/>\n<strong>Linke Gegendemo soll st\u00f6ren<\/strong><br \/>\nIch war mit meiner Frau und meinen beiden T\u00f6chtern gestern dabei (Kandel Frauendemo) . Eigentlich hatte ich selbst keine Lust, aber meine Damen lie\u00dfen mir keine Ruhe. Das Gros der Teilnehmer waren &#8222;normale&#8220; Leute. Auch etliche Frauen mit Kinderwagen und viele j\u00fcngere und \u00e4ltere Paare. Es gab aber auch Gestalten, mit denen ich kein Bier trinken w\u00fcrde. Was mich ge\u00e4rgert hat, waren die Gegendemonstranten, die mit lauten Tr\u00f6ten die Veranstaltung auf dem Marktplatz gezielt gest\u00f6rt haben. Wenn ich richtig informiert bin, wurde die gro\u00dfe Demo zuerst angemeldet. Dass die Beh\u00f6rden dann 30 m neben dran eine zweite Demo genehmigen, zeigt, dass man die St\u00f6rung der ersten Demonstration bewusst in Kauf nimmt. F\u00fcr mich war das die Haupterkenntnis an diesem Tag. Das f\u00fchrte dann auch dazu, dass ich meinen Frauen Recht geben musste &#8211; es war gut, dass wir dabei waren und ich das gesehen habe. Die sogenannten Gegendemonstranten haben nur Krach gemacht. Verbale Argumente hatten sie keine.<br \/>\n27.1.2018, Gruenkohl, TZO<br \/>\n.<br \/>\n<strong>Sexualisierte Gewalt durch Migranten: 30% zu 5%<\/strong><br \/>\nDer t\u00f6dliche Angriff auf die 15-j\u00e4hrige Mia ist der dritte lebensbedrohliche Angriff auf ein M\u00e4dchen innerhalb von zehn Tagen. Zumindest soweit die Taten bekannt geworden sind. In allen drei F\u00e4llen waren die M\u00e4dchen mit dem Angreifer liiert, in allen drei F\u00e4llen handelte es sich um junge Gefl\u00fcchtete aus Afghanistan.<br \/>\nBei 30% aller F\u00e4lle im Rahmen sexualisierter und t\u00e4tlicher Gewalt im Rahmen einer Ehe oder Partnerschaft, bzw. nach deren Ende, sind die Tatverd\u00e4chtigen M\u00e4nner ohne deutschen Pass. Eine Gruppe, die ca. 5% der Gesamtbev\u00f6lkerung stellt. Dieses Gef\u00e4hrdungspotential muss endlich zur Kenntnis genommen werden.<br \/>\nAuch &#8211; oder gerade &#8211; im Interesse derjenigen m\u00e4nnlichen Gefl\u00fcchteten und der Migranten aus dem muslimischen Kulturkreis, die in Frieden miteinander und auch mit dem weiblichen Teil dieser Gesellschaft leben m\u00f6chten. Vor allem aber im Interesse ihrer potentiellen Opfer. Denn sie haben unseren Schutz verdient &#8211; insbesondere, wenn sie minderj\u00e4hrig sind und Gefahren selbst noch nicht einsch\u00e4tzen k\u00f6nnen.<br \/>\n&#8230;. Alles vom 29.12.2018 von Telepolis bitte lesen auf<br \/>\n<a href=\"https:\/\/www.heise.de\/tp\/features\/Verschleierter-Frauenmord-Das-unwerte-Leben-der-Mia-aus-Kandel-3928710.html?seite=all\">https:\/\/www.heise.de\/tp\/features\/Verschleierter-Frauenmord-Das-unwerte-Leben-der-Mia-aus-Kandel-3928710.html?seite=all<\/a><\/p>\n","protected":false},"excerpt":{"rendered":"<p>Fragen wie &#8222;Warum tut denn keiner was?&#8220; und &#8222;Wer geht mit mir auf die Stra\u00dfe?&#8220; mehren sich angesichts der t\u00e4glichen Gewalt gegen Frauen durch Migranten. Neben &#8222;Deutsche sind demo-faul&#8222;, &#8222;Uns geht es zu gut&#8220; d\u00fcrfte &#8222;Die Angst, rechtsradikal genannt zu &hellip; <a href=\"https:\/\/www.freiburg-schwarzwald.de\/blog\/warum-tut-denn-keiner-was\/\">Weiterlesen <span class=\"meta-nav\">&rarr;<\/span><\/a><\/p>\n","protected":false},"author":2,"featured_media":0,"comment_status":"open","ping_status":"closed","sticky":false,"template":"","format":"standard","meta":{"footnotes":""},"categories":[355,58,59,210,155,80,157,19,95,65,172],"tags":[325,633,612,732,421,175,657],"class_list":["post-66402","post","type-post","status-publish","format-standard","hentry","category-buergerinitiativen","category-familie","category-frauen","category-gewalt","category-integration","category-medien","category-oeffentlicher-raum","category-religion","category-schulen","category-sexuellermissbrauch","category-zukunft","tag-demo","tag-demokratie","tag-frau","tag-gewalt","tag-islam","tag-ortsgeschichte","tag-uma"],"_links":{"self":[{"href":"https:\/\/www.freiburg-schwarzwald.de\/blog\/wp-json\/wp\/v2\/posts\/66402","targetHints":{"allow":["GET"]}}],"collection":[{"href":"https:\/\/www.freiburg-schwarzwald.de\/blog\/wp-json\/wp\/v2\/posts"}],"about":[{"href":"https:\/\/www.freiburg-schwarzwald.de\/blog\/wp-json\/wp\/v2\/types\/post"}],"author":[{"embeddable":true,"href":"https:\/\/www.freiburg-schwarzwald.de\/blog\/wp-json\/wp\/v2\/users\/2"}],"replies":[{"embeddable":true,"href":"https:\/\/www.freiburg-schwarzwald.de\/blog\/wp-json\/wp\/v2\/comments?post=66402"}],"version-history":[{"count":0,"href":"https:\/\/www.freiburg-schwarzwald.de\/blog\/wp-json\/wp\/v2\/posts\/66402\/revisions"}],"wp:attachment":[{"href":"https:\/\/www.freiburg-schwarzwald.de\/blog\/wp-json\/wp\/v2\/media?parent=66402"}],"wp:term":[{"taxonomy":"category","embeddable":true,"href":"https:\/\/www.freiburg-schwarzwald.de\/blog\/wp-json\/wp\/v2\/categories?post=66402"},{"taxonomy":"post_tag","embeddable":true,"href":"https:\/\/www.freiburg-schwarzwald.de\/blog\/wp-json\/wp\/v2\/tags?post=66402"}],"curies":[{"name":"wp","href":"https:\/\/api.w.org\/{rel}","templated":true}]}}