{"id":66335,"date":"2018-01-30T14:58:46","date_gmt":"2018-01-30T13:58:46","guid":{"rendered":"https:\/\/www.freiburg-schwarzwald.de\/blog\/?p=66335"},"modified":"2018-01-30T15:00:57","modified_gmt":"2018-01-30T14:00:57","slug":"2-mio-ankerpersonen-peanuts","status":"publish","type":"post","link":"https:\/\/www.freiburg-schwarzwald.de\/blog\/2-mio-ankerpersonen-peanuts\/","title":{"rendered":"2 Mio Ankerpersonen &#8211; Peanuts"},"content":{"rendered":"<p>Seit <a title=\"Budapest-Dublin2015\" href=\"https:\/\/www.freiburg-schwarzwald.de\/blog\/global\/eu\/budapest-dublin2015\/\">Budapest 9\/2015<\/a> hat D \u00fcber 2 Mio <a title=\"Asyl\" href=\"https:\/\/www.freiburg-schwarzwald.de\/blog\/global\/integration\/asyl\/\">illegal<\/a> <a title=\"Migration-Maenner\" href=\"https:\/\/www.freiburg-schwarzwald.de\/blog\/global\/migration\/migration-maenner\/\">Eingewanderte<\/a> aufgenommen. Diese sollen ihren <a title=\"Familiennachzug\" href=\"https:\/\/www.freiburg-schwarzwald.de\/blog\/global\/migration\/familiennachzug\/\">Familienangeh\u00f6rigen<\/a> als <a title=\"Familiennachzug fuer den Clan\" href=\"https:\/\/www.freiburg-schwarzwald.de\/blog\/familiennachzug-fuer-den-clan\/\">&#8222;Ankerpersonen&#8220;<\/a> dienen, um ebenfalls als Asylbewerber nach D zu kommen. So eine Gesetzesinitiative der <a title=\"EU-Reform\" href=\"https:\/\/www.freiburg-schwarzwald.de\/blog\/global\/eu\/eu-reform\/\">EU-Kommission<\/a>, der Europapolitiker (auch der <a title=\"GroKo\" href=\"https:\/\/www.freiburg-schwarzwald.de\/blog\/engagement\/zukunft\/demokratie\/groko\/\">GroKo<\/a>-Parteien CDU, CSU und SPD) bereits Anfang 11\/2017 zugestimmt haben.<br \/>\n<!--more-->Gibt der Europ\u00e4ische Rat hierzu sein Plazet, dann w\u00e4ren die <a title=\"Obergrenze\" href=\"https:\/\/www.freiburg-schwarzwald.de\/blog\/global\/integration\/obergrenze\/\">GroKo-Obergrenze<\/a> von 180.000-220.000 im Jahr und die Familienzusammenf\u00fchrung von 1000 Migranten im Monat nichts als\u00a0<a title=\"Familiennachzug fuer den Clan\" href=\"https:\/\/www.freiburg-schwarzwald.de\/blog\/familiennachzug-fuer-den-clan\/\">&#8222;Peanuts&#8220;<\/a>:<br \/>\nDenn 2 Mio Ankerpersonen mal 4 <a title=\"Familiennachzug fuer den Clan\" href=\"https:\/\/www.freiburg-schwarzwald.de\/blog\/familiennachzug-fuer-den-clan\/\">Familie\/Clan<\/a> ergibt schon 8 Mio. Schlie\u00dflich gilt das Ankunftsland gem\u00e4\u00df Dublin ja nicht mehr. Bei 2 Mio &#8222;Ankerpersonen reden wir \u00fcber ganz andere Gr\u00f6\u00dfenordnungen&#8220; des Familiennachzugs &#8211; so auch der CDU-Staatssekret\u00e4r Ole Schr\u00f6der.<br \/>\nFazit: Die <a title=\"GroKo \u2013 Weiter so statt Neues\" href=\"https:\/\/www.freiburg-schwarzwald.de\/blog\/groko-weiter-so-statt-neues\/\">GroKo-Verhandlungen<\/a> zur Migration in Berlin sind reine Augenwischerei &#8211; die Migrationspolitik wird bei der EU in Br\u00fcssel gemacht, und zwar zu Lasten von Deutschland.<br \/>\n30.1.2018<\/p>\n<p><strong>EU-Fl\u00fcchtlingspl\u00e4ne alarmieren<\/strong><br \/>\nDanach soll nicht mehr automatisch das Land, in dem ein Fl\u00fcchtling die EU erreicht, f\u00fcr dessen Asylverfahren zust\u00e4ndig sein (gem\u00e4\u00df Dublin), sondern unter Umst\u00e4nden das Land, in dem bereits Angeh\u00f6rige des Bewerbers leben. Dadurch &#8222;m\u00fcsste Deutschland erheblich mehr Asylsuchende aufnehmen&#8220;, hei\u00dft es in einem Vermerk des Bundesinnenministeriums. Obergrenzen w\u00fcrden &#8222;zunichtegemacht&#8220;. &#8230; Besondere Sorge bereitet den Innenexperten, dass nach den Parlamentsvorschl\u00e4gen &#8222;faktisch die blo\u00dfe Behauptung einer Familienverbindung ausreichen&#8220; soll: &#8222;Im Ergebnis w\u00e4re ein Mitgliedstaat, in dem sich bereits zahlreiche &#8218;Ankerpersonen&#8216; befinden, f\u00fcr weitreichende Familienverb\u00e4nde zust\u00e4ndig&#8220;, hei\u00dft es in dem Papier, das dem SPIEGEL vorliegt. &#8230;.<br \/>\nAlles vom 13.1.2018 bitte lesen auf<br \/>\n<a href=\"https:\/\/www.spiegel.de\/politik\/deutschland\/fluechtlinge-eu-fluechtlingsplaene-alarmieren-bundesregierung-a-1187500.html\">https:\/\/www.spiegel.de\/politik\/deutschland\/fluechtlinge-eu-fluechtlingsplaene-alarmieren-bundesregierung-a-1187500.html<\/a><\/p>\n","protected":false},"excerpt":{"rendered":"<p>Seit Budapest 9\/2015 hat D \u00fcber 2 Mio illegal Eingewanderte aufgenommen. Diese sollen ihren Familienangeh\u00f6rigen als &#8222;Ankerpersonen&#8220; dienen, um ebenfalls als Asylbewerber nach D zu kommen. So eine Gesetzesinitiative der EU-Kommission, der Europapolitiker (auch der GroKo-Parteien CDU, CSU und SPD) &hellip; <a href=\"https:\/\/www.freiburg-schwarzwald.de\/blog\/2-mio-ankerpersonen-peanuts\/\">Weiterlesen <span class=\"meta-nav\">&rarr;<\/span><\/a><\/p>\n","protected":false},"author":2,"featured_media":0,"comment_status":"open","ping_status":"closed","sticky":false,"template":"","format":"standard","meta":{"footnotes":""},"categories":[79,195,14,155],"tags":[489,485,622,525],"class_list":["post-66335","post","type-post","status-publish","format-standard","hentry","category-arbeit","category-eu","category-global","category-integration","tag-european-union","tag-refugee","tag-migration","tag-politik"],"_links":{"self":[{"href":"https:\/\/www.freiburg-schwarzwald.de\/blog\/wp-json\/wp\/v2\/posts\/66335","targetHints":{"allow":["GET"]}}],"collection":[{"href":"https:\/\/www.freiburg-schwarzwald.de\/blog\/wp-json\/wp\/v2\/posts"}],"about":[{"href":"https:\/\/www.freiburg-schwarzwald.de\/blog\/wp-json\/wp\/v2\/types\/post"}],"author":[{"embeddable":true,"href":"https:\/\/www.freiburg-schwarzwald.de\/blog\/wp-json\/wp\/v2\/users\/2"}],"replies":[{"embeddable":true,"href":"https:\/\/www.freiburg-schwarzwald.de\/blog\/wp-json\/wp\/v2\/comments?post=66335"}],"version-history":[{"count":0,"href":"https:\/\/www.freiburg-schwarzwald.de\/blog\/wp-json\/wp\/v2\/posts\/66335\/revisions"}],"wp:attachment":[{"href":"https:\/\/www.freiburg-schwarzwald.de\/blog\/wp-json\/wp\/v2\/media?parent=66335"}],"wp:term":[{"taxonomy":"category","embeddable":true,"href":"https:\/\/www.freiburg-schwarzwald.de\/blog\/wp-json\/wp\/v2\/categories?post=66335"},{"taxonomy":"post_tag","embeddable":true,"href":"https:\/\/www.freiburg-schwarzwald.de\/blog\/wp-json\/wp\/v2\/tags?post=66335"}],"curies":[{"name":"wp","href":"https:\/\/api.w.org\/{rel}","templated":true}]}}