{"id":66179,"date":"2018-01-15T15:31:54","date_gmt":"2018-01-15T14:31:54","guid":{"rendered":"https:\/\/www.freiburg-schwarzwald.de\/blog\/?p=66179"},"modified":"2018-01-15T15:31:54","modified_gmt":"2018-01-15T14:31:54","slug":"familiennachzug-fuer-den-clan","status":"publish","type":"post","link":"https:\/\/www.freiburg-schwarzwald.de\/blog\/familiennachzug-fuer-den-clan\/","title":{"rendered":"Familiennachzug fuer den Clan"},"content":{"rendered":"<p>Zwei Fakten: (1) Die Statistik der erstmaligen <a title=\"EU-Migration\" href=\"https:\/\/www.freiburg-schwarzwald.de\/blog\/global\/eu\/eu-migration\/\">Asylbewerber<\/a> je eine Million Einwohner in den <a title=\"Sozial-Experiment EU-Migration\" href=\"https:\/\/www.freiburg-schwarzwald.de\/blog\/sozial-experiment-eu-migration\/\">EU-Mitgliedsstaaten<\/a> zeigt D als einsamer <a title=\"Groessenwahn\" href=\"https:\/\/www.freiburg-schwarzwald.de\/blog\/engagement\/zukunft\/groessenwahn\/\">Spitzenreiter<\/a>. <a title=\"Ueberfremdung\" href=\"https:\/\/www.freiburg-schwarzwald.de\/blog\/global\/integration\/ueberfremdung\/\">D 8789<\/a>, GR 4625, AUS 4587, I 1998, F 1138, NL 1136, GBR 586, ES 335 (Quelle-Statista). (2) Die <a title=\"GroKo\" href=\"https:\/\/www.freiburg-schwarzwald.de\/blog\/engagement\/zukunft\/demokratie\/groko\/\">GroKoianer<\/a> begrenzen den <a title=\"Familiennachzug\" href=\"https:\/\/www.freiburg-schwarzwald.de\/blog\/global\/migration\/familiennachzug\/\">Familiennachzug<\/a> nicht etwa auf Frau und Kinder, sondern weiten ihn beliebig <a title=\"Clan\" href=\"https:\/\/www.freiburg-schwarzwald.de\/blog\/clan\/\">Clan<\/a>-gro\u00df aus und ohne jede Nachweispflicht von <a title=\"Familie\" href=\"https:\/\/www.freiburg-schwarzwald.de\/blog\/selbsthilfe\/familie\/\">Familie<\/a>. <!--more-->Damit ist die De-Fakto-Obergrenze von 220.000 Migranten\/Jahr Makulatur. Gut so f\u00fcr die AfD &#8211;\u00a0dank GroKo.<br \/>\n15,.1.2018<\/p>\n<p><strong>Familiennachzug wird zum Clannachzug<\/strong><br \/>\n\u201e<em>Wenn jeder der \u00fcber 1,4 Millionen Me<\/em><em>nschen, die seit 2015 in Deutschland Asyl beantragt haben, zur Ankerperson f\u00fcr neu in der EU ankommende Schutzsuchende wird, reden wir \u00fcber <a title=\"Muslime-Anzahl\" href=\"https:\/\/www.freiburg-schwarzwald.de\/blog\/global\/integration\/muslime\/muslime-anzahl\/\">ganz andere Gr\u00f6\u00dfenordnungen<\/a> als bei der Familienzusammenf\u00fchrung,\u201c<\/em> sagte Innenstaatssekret\u00e4r Ole Schr\u00f6der.<br \/>\nDem Spiegel zufolge haben Europapolitiker von Union und SPD im EU-Parlament Vorschl\u00e4gen zugestimmt, die Zuwanderung nach Deutschland massivst auszuweiten. Hintergrund sind \u00c4nderungen, die das Europ\u00e4ische Parlament an Gesetzesinitiativen der Kommission zur Reform der Dublin-Regeln vornehmen will.<br \/>\nFamilienangeh\u00f6rige \u2013 der Begriff geht hier noch \u00fcber Vater, Mutter, Kind hinaus, sollen dorthin einreisen k\u00f6nnen, wo ihre Angeh\u00f6rigen angekommen sind. Also vornehmlich nach Deutschland. Besondere Sorge bereitet den Innenexperten, dass nach den Parlamentsvorschl\u00e4gen <em>\u201efaktisch die blo\u00dfe Behauptung einer Familienverbindung ausreichen\u201c<\/em> soll: <em>\u201eIm Ergebnis w\u00e4re ein Mitgliedstaat, in dem sich bereits zahlreiche \u201aAnkerpersonen\u2018 befinden, f\u00fcr weitreichende Familienverb\u00e4nde zust\u00e4ndig\u201c<\/em>, hei\u00dft es in dem Papier, das dem Spiegel vorliegt. &#8230;<\/p>\n<p>Alles vom 14.1.2018 von Alexander Wallasch bitte lesen auf<br \/>\n<a href=\"https:\/\/www.tichyseinblick.de\/kolumnen\/der-sonntagsleser\/der-spiegel-nr-3-eu-parlament-will-zuwanderung-nach-deutschland-ausweiten\/\">https:\/\/www.tichyseinblick.de\/kolumnen\/der-sonntagsleser\/der-spiegel-nr-3-eu-parlament-will-zuwanderung-nach-deutschland-ausweiten\/<\/a><\/p>\n<p><strong>20 Mio neue Siedler<\/strong><br \/>\nDie Merkel-Regierung will 20 Millionen (Zitat: Kordula Kovac, CDU) neuer Siedler nach Deutschland holen, um die demographische Entwicklung auszugleichen und den Widerstand gegen den EU-Superstaat zu brechen. Dieser Agenda ist alles andere untergeordnet. Kollateralsch\u00e4den wie Morde, Vergewaltigungen, Kriminalit\u00e4t aller Arten, Verwahrlosung, Heimatverlust, Islamisierung etc. werden bewusst in Kauf genommen. Die AfD sollte dies im Bundestag offen ansprechen und die CDU zwingen, dazu Farbe zu bekennen. Die Bev\u00f6lkerung glaubt meiner Ansicht nach immer noch nicht, dass man ihr derartiges tats\u00e4chlich zumutet.<br \/>\n15.1.2018, Armin Reichert, TO<br \/>\n.<br \/>\n<strong>Remigration und Einreisestopp &#8211; wie in Schweden<\/strong><br \/>\nEins ist mittlerweile klar: Um dieses Land zu retten, braucht es vorrangig eines: Remigration! Eine Untergrenze von 250.000 abgeschobenen Moslems pro Jahr und ein absoluter Einreisestopp f\u00fcr m\u00e4nnliche Moslems w\u00e4ren das einzige, was den Untergang unserer Zivilisation noch retten k\u00f6nnte. Ja \u2013 das wird h\u00e4\u00dfliche Bilder geben, sehr, sehr h\u00e4\u00dfliche Bilder \u2013 aber das ist die letzte M\u00f6glichkeit Ansonsten: Finis Germania.<br \/>\n15.1.2018, Jens Frisch, TO<br \/>\n.<br \/>\n<strong>Clan statt Familie<\/strong><br \/>\nWenn die heute importierten Clandenken-strukturierten Migranten dann in der Mehrzahl sind, bezweifle ich, dass sie zulassen, dass weitere Wohlstandsinteressierte Millionen den Rest Wohlstand, durch wilde Einwanderung abgreifen. Da kann man wohl sicher sein, dass sie, im Gegensatz zu uns, ihre fundamentalen \u00dcberlebensinteressen wahrnehmen werden. Deutschland begeht Selbstmord.<br \/>\n15.1.2018, Ananda, TO<br \/>\n.<br \/>\n<strong>Gewaltenteilung in D funktioniert nicht mehr<\/strong><br \/>\nNormalerweise sollten sich die staatlichen Institutionen gegenseitig kontrollieren, sodass eine derartige Situationen der geschlossenen Staats-Sch\u00e4digung nicht auftreten kann; sei es Legislative, Judikative oder Exekutive. \u201eQuis custodiet ipsos custodes?\u201c, nicht wahr? Judikative und Legislative ziehen indes geschlossen an einem Strang und haben unsere Polizei in eine ideologische Zwangsjacke gepresst und, wie das Milit\u00e4r, komplett in Tr\u00fcmmer (beides Teile der Exekutive) gespart.<br \/>\nIch wei\u00df, dass das meine folgende Anmerkung bei einigen ein unangenehmes Magengrummeln anstimmen wird; aber in einem Fall wie wir ihn jetzt haben, w\u00e4re ein milit\u00e4rischer Putsch mit einer befristeten Macht\u00fcbernahme seitens der Milit\u00e4rf\u00fchrung durchaus eine angebrachte Alternative. (Weswegen ich pers\u00f6nlich glaube, dass die ganzen Etatk\u00fcrzungen in beiden Bereichen nicht nur etwas mit einer national oder international reduzierten Bedrohungslage zu tun haben.) In Thailand zum Beispiel, wo das Milit\u00e4r auch als eine regulierende Staatsmacht angesehen wird, funktioniert die momentane Milit\u00e4rdikatatur nach 2 Perioden absolut staatssch\u00e4digenden Machtmi\u00dfbrauches durch den Shinawatra-Clan momentan tats\u00e4chlich ganz gut.<br \/>\n15.1.2018, Gunnar Hagedorn, TO<\/p>\n","protected":false},"excerpt":{"rendered":"<p>Zwei Fakten: (1) Die Statistik der erstmaligen Asylbewerber je eine Million Einwohner in den EU-Mitgliedsstaaten zeigt D als einsamer Spitzenreiter. D 8789, GR 4625, AUS 4587, I 1998, F 1138, NL 1136, GBR 586, ES 335 (Quelle-Statista). (2) Die GroKoianer &hellip; <a href=\"https:\/\/www.freiburg-schwarzwald.de\/blog\/familiennachzug-fuer-den-clan\/\">Weiterlesen <span class=\"meta-nav\">&rarr;<\/span><\/a><\/p>\n","protected":false},"author":2,"featured_media":0,"comment_status":"open","ping_status":"closed","sticky":false,"template":"","format":"standard","meta":{"footnotes":""},"categories":[18,58,14,155,162,9,172],"tags":[633,489,521,485,525,405,665],"class_list":["post-66179","post","type-post","status-publish","format-standard","hentry","category-bildung","category-familie","category-global","category-integration","category-internet","category-soziales","category-zukunft","tag-demokratie","tag-european-union","tag-family","tag-refugee","tag-politik","tag-polizei","tag-sozi"],"_links":{"self":[{"href":"https:\/\/www.freiburg-schwarzwald.de\/blog\/wp-json\/wp\/v2\/posts\/66179","targetHints":{"allow":["GET"]}}],"collection":[{"href":"https:\/\/www.freiburg-schwarzwald.de\/blog\/wp-json\/wp\/v2\/posts"}],"about":[{"href":"https:\/\/www.freiburg-schwarzwald.de\/blog\/wp-json\/wp\/v2\/types\/post"}],"author":[{"embeddable":true,"href":"https:\/\/www.freiburg-schwarzwald.de\/blog\/wp-json\/wp\/v2\/users\/2"}],"replies":[{"embeddable":true,"href":"https:\/\/www.freiburg-schwarzwald.de\/blog\/wp-json\/wp\/v2\/comments?post=66179"}],"version-history":[{"count":0,"href":"https:\/\/www.freiburg-schwarzwald.de\/blog\/wp-json\/wp\/v2\/posts\/66179\/revisions"}],"wp:attachment":[{"href":"https:\/\/www.freiburg-schwarzwald.de\/blog\/wp-json\/wp\/v2\/media?parent=66179"}],"wp:term":[{"taxonomy":"category","embeddable":true,"href":"https:\/\/www.freiburg-schwarzwald.de\/blog\/wp-json\/wp\/v2\/categories?post=66179"},{"taxonomy":"post_tag","embeddable":true,"href":"https:\/\/www.freiburg-schwarzwald.de\/blog\/wp-json\/wp\/v2\/tags?post=66179"}],"curies":[{"name":"wp","href":"https:\/\/api.w.org\/{rel}","templated":true}]}}