{"id":66172,"date":"2018-01-15T12:00:45","date_gmt":"2018-01-15T11:00:45","guid":{"rendered":"https:\/\/www.freiburg-schwarzwald.de\/blog\/?p=66172"},"modified":"2018-01-15T12:07:17","modified_gmt":"2018-01-15T11:07:17","slug":"220000-sozialhilfeimport-stadt","status":"publish","type":"post","link":"https:\/\/www.freiburg-schwarzwald.de\/blog\/220000-sozialhilfeimport-stadt\/","title":{"rendered":"220000 &#8211; Sozialhilfeimport Stadt"},"content":{"rendered":"<p>Die <a title=\"GroKo\" href=\"https:\/\/www.freiburg-schwarzwald.de\/blog\/engagement\/zukunft\/demokratie\/groko\/\">GroKo-Sondierer<\/a> erkl\u00e4ren die <a title=\"Migration\" href=\"https:\/\/www.freiburg-schwarzwald.de\/blog\/global\/migration\/\">Migationskrise<\/a> als \u201egro\u00dfen Brocken\u201c f\u00fcr beendet, indem j\u00e4hrlich <a title=\"Obergrenze\" href=\"https:\/\/www.freiburg-schwarzwald.de\/blog\/global\/integration\/obergrenze\/\">220.000 Migranten<\/a> einreisen d\u00fcrfen, um sich f\u00fcr immer in den deutschen <a title=\"Sozialstaat\" href=\"https:\/\/www.freiburg-schwarzwald.de\/blog\/selbsthilfe\/soziales\/sozialstaat\/\">Sozialsystemen<\/a> niederzulassen. Diese De-fakto-Obergrenze von <a title=\"Migration-Zahlen\" href=\"https:\/\/www.freiburg-schwarzwald.de\/blog\/global\/migration\/migration-zahlen\/\">220.000<\/a> entspricht der Einwohnerzahl von <a title=\"Freiburg\" href=\"https:\/\/www.freiburg-schwarzwald.de\/blog\/regio\/freiburg\/\">Freiburg<\/a>. &#8222;Wir sind uns dar\u00fcber einig, dass die <a title=\"Integration-Islam\" href=\"https:\/\/www.freiburg-schwarzwald.de\/blog\/global\/integration\/integration-islam\/\">Integrationsf\u00e4higkeit<\/a> unserer Gesellschaft nicht \u00fcberfordert werden darf&#8220; &#8211; die <a title=\"Demokratie braucht Obergrenze\" href=\"https:\/\/www.freiburg-schwarzwald.de\/blog\/demokratie-braucht-obergrenze\/\">beruhigende Botschaft<\/a> von CDU, CSU und SPD ist, <!--more-->dass dem so ist. <a title=\"Wir-schaffen-das\" href=\"https:\/\/www.freiburg-schwarzwald.de\/blog\/global\/migration\/wir-schaffen-das\/\">Wir schaffen das<\/a>: und zwar sofort (f\u00fcr 220.000 sind <a title=\"Migration-Wohnen\" href=\"https:\/\/www.freiburg-schwarzwald.de\/blog\/global\/migration\/migration-wohnen\/\">Wohnungen<\/a>, Schulen, \u00c4rzte und ggf.\u00a0<a title=\"Job\" href=\"https:\/\/www.freiburg-schwarzwald.de\/blog\/selbsthilfe\/soziales\/arbeit\/job\/\">Jobs<\/a>\u00a0ja vorhanden) und jedes Jahr neu (auch in Zeiten der wirtschaftlichen Rezession). &#8218;Am <a title=\"Selbsthass\" href=\"https:\/\/www.freiburg-schwarzwald.de\/blog\/engagement\/zukunft\/selbsthass\/\">deutschen Wesen<\/a> soll die Welt genesen&#8216; und darauf k\u00f6nnen wir <a title=\"Groessenwahn\" href=\"https:\/\/www.freiburg-schwarzwald.de\/blog\/engagement\/zukunft\/groessenwahn\/\">stolz<\/a> sein: Diese 220.000\/Jahr sind einmalig in der EU, alle anderen EU-Staaten sollten sich sch\u00e4men. Und sogar die USA k\u00f6nnen da mit 50.000\/Jahr nicht mithalten.<br \/>\n15.1.2018<br \/>\n.<br \/>\n<strong>GroKo importiert Sozialhilfe-Gro\u00dfstadt jedes Jahr<\/strong><br \/>\nUm den jetzigen Status quo in Sachen <a title=\"Sicherheit\" href=\"https:\/\/www.freiburg-schwarzwald.de\/blog\/selbsthilfe\/soziales\/justiz\/sicherheit\/\">innere Sicherheit<\/a>, Verwaltung, \u00f6ffentlicher Verkehr, Wohnraum, Bildung, Gesundheitsversorgung, Stra\u00dfenverkehr usw. zu erhalten und problemlos 220.000 Migranten pro Jahr nicht nur zu integrieren, sondern sie zu behausen, zu beschulen, sie zu ern\u00e4hren und sie im Krankheitsfall zu versorgen, m\u00fcssen wir also lediglich Folgendes tun:<br \/>\nWir bauen jedes Jahr eine Stadt von der Gr\u00f6\u00dfe Freiburgs, statten sie mit Wohnraum, Krankenh\u00e4usern, Schulen, \u00f6ffentlichen Verkehrsmitteln, Polizeistationen, Kinderg\u00e4rten, Freizeitanlagen, Sportpl\u00e4tzen, Sozial\u00e4mtern und dem dazugeh\u00f6rigen Personal aus.<br \/>\nDas ist schaffbar. Unsere k\u00fcnftige Regierung wird sich das schon gewissenhaft \u00fcberlegt haben, die Zahl 220.000 kann schlie\u00dflich nicht aus der Luft gegriffen sein.<br \/>\nDem ein oder anderen <a title=\"Rechts\" href=\"https:\/\/www.freiburg-schwarzwald.de\/blog\/engagement\/zukunft\/demokratie\/rechts\/\">Miesmacher<\/a> und <a title=\"Nazi-Keule Islamophobie-Keule\" href=\"https:\/\/www.freiburg-schwarzwald.de\/blog\/nazi-keule-islamophobie-keule\/\">Fremdenfeind<\/a> m\u00f6gen an dieser Stelle nun Zweifel kommen.<br \/>\nEine Stadt von der <a title=\"Muslime-Anzahl\" href=\"https:\/\/www.freiburg-schwarzwald.de\/blog\/global\/integration\/muslime\/muslime-anzahl\/\">Gr\u00f6\u00dfe Freiburgs<\/a>?<br \/>\nBewohnt von Sozialhilfeempf\u00e4ngern?<br \/>\nJedes Jahr?<br \/>\nGeht das?<br \/>\nNat\u00fcrlich geht das. Merkel, Schulz und Seehofer haben das ausgerechnet. Wie sonst k\u00e4men sie darauf, dass die Grenze der Machbarkeit bei exakt 220.000 Neuank\u00f6mmlingen pro Jahr liegen w\u00fcrde, ohne dass irgendeine \u00dcberforderung daraus resultieren k\u00f6nnte. Zu behaupten, die Zahl 220.000 sei zustande gekommen, da dies in etwa der Personenzahl entspricht, die jetzt auch kommt, sogar mit ein bisschen Luft nach oben, h\u00e4tten Merkel, Schulz und Seehofer also weiter gar nichts tun m\u00fcssen, obwohl sie so tun, als t\u00e4ten sie was \u2013 dar\u00fcber hinaus kein Mensch auf den Gedanken gekommen ist, sich zu \u00fcberlegen, ob man denn<strong> jedes Jahr ein Sozialhilfe-Freiburg stemmen<\/strong> kann, ohne dass in ungef\u00e4hr 10 Jahren die H\u00fctte brennt, das alles zu sagen oder auch nur zu denken, w\u00e4re nichts weiter als eine b\u00f6swillige Unterstellung. &#8230;<br \/>\nAlles vom 15.1.2018 bitte lesen auf<br \/>\n<a href=\"https:\/\/www.achgut.com\/artikel\/groko_importiert_sozialhilfe_grossstadt_jedes_jahr\">https:\/\/www.achgut.com\/artikel\/groko_importiert_sozialhilfe_grossstadt_jedes_jahr<\/a><\/p>\n","protected":false},"excerpt":{"rendered":"<p>Die GroKo-Sondierer erkl\u00e4ren die Migationskrise als \u201egro\u00dfen Brocken\u201c f\u00fcr beendet, indem j\u00e4hrlich 220.000 Migranten einreisen d\u00fcrfen, um sich f\u00fcr immer in den deutschen Sozialsystemen niederzulassen. Diese De-fakto-Obergrenze von 220.000 entspricht der Einwohnerzahl von Freiburg. &#8222;Wir sind uns dar\u00fcber einig, dass &hellip; <a href=\"https:\/\/www.freiburg-schwarzwald.de\/blog\/220000-sozialhilfeimport-stadt\/\">Weiterlesen <span class=\"meta-nav\">&rarr;<\/span><\/a><\/p>\n","protected":false},"author":2,"featured_media":0,"comment_status":"open","ping_status":"closed","sticky":false,"template":"","format":"standard","meta":{"footnotes":""},"categories":[54,36,158,14,155,95,10],"tags":[485,725,426,525],"class_list":["post-66172","post","type-post","status-publish","format-standard","hentry","category-ehrenamt","category-engagement","category-gesund","category-global","category-integration","category-schulen","category-selbsthilfe","tag-refugee","tag-integration","tag-job","tag-politik"],"_links":{"self":[{"href":"https:\/\/www.freiburg-schwarzwald.de\/blog\/wp-json\/wp\/v2\/posts\/66172","targetHints":{"allow":["GET"]}}],"collection":[{"href":"https:\/\/www.freiburg-schwarzwald.de\/blog\/wp-json\/wp\/v2\/posts"}],"about":[{"href":"https:\/\/www.freiburg-schwarzwald.de\/blog\/wp-json\/wp\/v2\/types\/post"}],"author":[{"embeddable":true,"href":"https:\/\/www.freiburg-schwarzwald.de\/blog\/wp-json\/wp\/v2\/users\/2"}],"replies":[{"embeddable":true,"href":"https:\/\/www.freiburg-schwarzwald.de\/blog\/wp-json\/wp\/v2\/comments?post=66172"}],"version-history":[{"count":0,"href":"https:\/\/www.freiburg-schwarzwald.de\/blog\/wp-json\/wp\/v2\/posts\/66172\/revisions"}],"wp:attachment":[{"href":"https:\/\/www.freiburg-schwarzwald.de\/blog\/wp-json\/wp\/v2\/media?parent=66172"}],"wp:term":[{"taxonomy":"category","embeddable":true,"href":"https:\/\/www.freiburg-schwarzwald.de\/blog\/wp-json\/wp\/v2\/categories?post=66172"},{"taxonomy":"post_tag","embeddable":true,"href":"https:\/\/www.freiburg-schwarzwald.de\/blog\/wp-json\/wp\/v2\/tags?post=66172"}],"curies":[{"name":"wp","href":"https:\/\/api.w.org\/{rel}","templated":true}]}}