{"id":66003,"date":"2017-12-28T19:22:15","date_gmt":"2017-12-28T18:22:15","guid":{"rendered":"https:\/\/www.freiburg-schwarzwald.de\/blog\/?p=66003"},"modified":"2017-12-28T19:28:24","modified_gmt":"2017-12-28T18:28:24","slug":"fauler-friede-christen-muslime","status":"publish","type":"post","link":"https:\/\/www.freiburg-schwarzwald.de\/blog\/fauler-friede-christen-muslime\/","title":{"rendered":"Fauler Friede: Christen Muslime"},"content":{"rendered":"<p>Am 19.12.2016 <a title=\"Terror\" href=\"https:\/\/www.freiburg-schwarzwald.de\/blog\/religion\/islam\/terror\/\">ermorderte<\/a> der Islamist Anis Amri am <a title=\"Berlin Breidscheidplatz 19dez17\" href=\"https:\/\/www.freiburg-schwarzwald.de\/blog\/berlin-breidscheidplatz-19dez17\/\">Breidscheidplatz<\/a> zw\u00f6lf Menschen mittels Lkw. Zur <a title=\"Berlin19dez2016\" href=\"https:\/\/www.freiburg-schwarzwald.de\/blog\/engagement\/zukunft\/demokratie\/berlin19dez2016\/\">Gedenkfeier<\/a> in der Kaiser-Wilhelm-Ged\u00e4chtniskirche zu <a title=\"Berlin\" href=\"https:\/\/www.freiburg-schwarzwald.de\/blog\/global\/deutschland\/berlin\/\">Berlin<\/a> lud <a title=\"Evangelisch\" href=\"https:\/\/www.freiburg-schwarzwald.de\/blog\/religion\/evangelisch\/\">Pfarrer Martin Germer<\/a> keinen Vertreter der <a title=\"Islam-Reformen\" href=\"https:\/\/www.freiburg-schwarzwald.de\/blog\/religion\/islam\/islam-reformen\/\">liberalen Muslime<\/a> ein, sondern auf Vorschlag des <a title=\"EU-Migration\" href=\"https:\/\/www.freiburg-schwarzwald.de\/blog\/global\/eu\/eu-migration\/\">ZdM<\/a>-Vorsitzenden <a title=\"Kulturkampf Islam \u2013 Christen\" href=\"https:\/\/www.freiburg-schwarzwald.de\/blog\/kulturkampf-islam-christen\/\">Aiman Mazyek <\/a>den Imam Mohamed Matar ein, der der <a title=\"Islamisierung\" href=\"https:\/\/www.freiburg-schwarzwald.de\/blog\/religion\/islam\/islamisierung\/\">islamistischen<\/a> Dar-as-Salam-Moschee nahesteht.<br \/>\n<!--more-->Ein Skandal, der die Angeh\u00f6rigen der Terroropfer beleidigt und die <a title=\"Seyran Ates: Liberale Moschee\" href=\"https:\/\/www.freiburg-schwarzwald.de\/blog\/seyran-ates-liberale-moschee\/\">friedlichen Muslime<\/a> br\u00fcskiert. Ein Skandal, der sogar der ZEIT als dem <a title=\"Mainstream\" href=\"https:\/\/www.freiburg-schwarzwald.de\/blog\/kultur\/medien\/mainstream\/\">Zentralorgan<\/a> der links-gr\u00fcnen <a title=\"Gutmenschen\" href=\"https:\/\/www.freiburg-schwarzwald.de\/blog\/engagement\/gutmenschen\/\">Gutmenschen<\/a> mi\u00dff\u00e4llt, wenn sie unter dem Titel &#8222;Fauler Friede&#8220; den naiven Umgang der <a title=\"Christliche Kirchen und Macht\" href=\"https:\/\/www.freiburg-schwarzwald.de\/blog\/christliche-kirchen-und-macht\/\">evangelischen Kirche <\/a>mit dem fundamentalen und <a title=\"Gewalt\" href=\"https:\/\/www.freiburg-schwarzwald.de\/blog\/selbsthilfe\/krise\/gewalt\/\">gewalt-affinen<\/a> <a title=\"Islam-Politik\" href=\"https:\/\/www.freiburg-schwarzwald.de\/blog\/religion\/islam\/islam-politik\/\">Islam<\/a> anmahnt.<br \/>\n28.12.2017<\/p>\n<p><strong>Fauler Friede<\/strong><br \/>\n<em>Wenn die deutschen Kirchen schon mit Islamisten reden,<br \/>\ndann bitte Klartext. Konflikte mit Floskeln zu \u00fcbert\u00fcnchen ist kein Dialog<\/em>. &#8230;<br \/>\nDoch die Kirche weigert sich, den symbolpolitischen Fauxpas zu verstehen. Pfarrer Germer beharrt auf seinen guten, bew\u00e4hrten Kontakten zu dem Seelsorger Mohamed Matar. Und Andreas Goetze, Landespfarrer f\u00fcr interreligi\u00f6sen Dialog, unterst\u00fctzt ihn. Schade. Denn Dialog hei\u00dft mehr als nur miteinander zu reden. In Zeiten des militanten Fundamentalismus geh\u00f6rt dazu die klare Distanzierung von fundamentalistischer Theologie. Es gen\u00fcgen nicht Besuche und Freundschaftsfloskeln. Es geh\u00f6ren dazu kritische Fragen, es geh\u00f6rt dazu der Streit dar\u00fcber, wo die Grenzen der Religionsfreiheit verlaufen. In diesem Streit haben sich die deutschen Kirchen noch zu wenig hervorgetan. Sie sollten damit beginnen, sonst lassen sie jene mutigen liberalen Muslime allein, die um das Ansehen des Islams ringen. Sonst bleibt ihr Religionsfrieden ein fauler Frieden, der Konflikte nur verbirgt. &#8230;.<br \/>\nAlles vom 28.12.2017 von Evelyn Finger bitte lesen auf<br \/>\n<a href=\"https:\/\/www.zeit.de\/2018\/01\/kirchen-deutschland-islamismus-debatte-konflikte\">https:\/\/www.zeit.de\/2018\/01\/kirchen-deutschland-islamismus-debatte-konflikte<\/a><\/p>\n<p><strong>Islam ist Friede &#8211; aber die Fantasiew\u00fcnsche erf\u00fcllten sich nicht<\/strong><br \/>\nEs ist schon langsam erstaunlich, wie der Wind sich gedreht hat. Vom Islam hat nichts mit Islamismus zu tun, Islam ist Friede und Islam ist Liebe und weiteren Fantasiew\u00fcnschen von Politikern und Medien ist nicht mehr viel \u00fcbrig geblieben. Seit geraumer Zeit ist wieder klar geworden, unter welchen Gefahren die ca. 100.000 Juden in Deutschland ihr Leben gestalten m\u00fcssen. Der Feminismus bejubelt das Kopftuch jetzt als Emanzipation, weil er keine Antworten auf die Probleme hat. Die Kinderehe im Islam (Alte M\u00e4nner mit jungen M\u00e4dchen) wird schon teilweise versucht durchzudr\u00fccken und Ausnahmen zuzulassen (Heiko Mass). \u00d6ffentliche Hetze und Anstachelung gegen Israel (Juden) werden polizeilich ungest\u00f6rt in der aggressiven Menge auf Demos skandiert. 10.000 Salafisten gibt es mittlerweile in Deutschland. Ziel: Gottesstaat. Mindestens 90 Moscheegemeinden werden vom Verfassungsschutz \u00fcberwacht. Schon mal von einer Kirche oder Synagoge geh\u00f6rt, die vom Verfassungsschutz beobachtet wurde? Hinzukommt &#8211; Linker, Rechter und muslimischer Antisemitismus reichen sich in Deutschland 2017 die Hand. Die Dokumentation &#8222;Auserw\u00e4hlt und ausgegrenzt &#8211; Der Hass auf Juden in Europa&#8220; zeigt die ganze Problematik. Arte und das Erste haben versucht, diese Dokumentation zu verhindern. Die Verantwortlichen wissen, warum diese Dokumentation Sprengstoff ist. Die friedlichen Muslime (die Mehrheit hoffentlich) schweigen leider immer noch! Die Kirche sollte sich klar distanzieren und ihre Position deutlich machen.<br \/>\n28.12.2017, Will Game, ZO<br \/>\n.<br \/>\n<strong>Der ev. Pfarrer Germer wandte sich GEGEN Islam-Reformer<\/strong><br \/>\nNicht nur das: Pfarrer Germer schrieb im Oktober nach dem Thesenanschlag des <a title=\"40 Thesen zur Reform des Islam\" href=\"https:\/\/www.freiburg-schwarzwald.de\/blog\/40-thesen-zur-reform-des-islam\/\">Reformmuslims Abdel-Hakim Ourghi <\/a>an der Dar-as-Salam-Moschee an diesem einen &#8222;offenen Brief&#8220;, in dem er dessen Aktion &#8222;reine Publicity-Aktion&#8220; kritisierte und <a title=\"Ourghi fordert Islamkritik in D\" href=\"https:\/\/www.freiburg-schwarzwald.de\/blog\/ourghi-fordert-islamkritik-in-d\/\">Ourghi<\/a> vorwarf &#8222;nicht vorher Kontakt zu den Verantwortlichen der Moschee-Gemeinde aufgenommen&#8220; zu haben. Nachzulesen hier (den Originalpost kann ich leider auf Facebook nicht mehr finden):<br \/>\n<a href=\"https:\/\/www.facebook.com\/erdogansfakten\/posts\/1405896966175371\">https:\/\/www.facebook.com\/erdogansfakten\/posts\/1405896966175371<br \/>\n<\/a>28.12.2017, Ultrashall2. ZO<\/p>\n<p><strong>Die Feigheit der Kirchenvertreter<\/strong><br \/>\nWarum wurden nicht Vertreter der liberalen Moschee eingeladen, die <a title=\"Ates\" href=\"https:\/\/www.freiburg-schwarzwald.de\/blog\/religion\/islam\/ates\/\">Seyran Ates<\/a> und andere in Berlin gegr\u00fcndet haben? Das w\u00e4re ein gutes Zeichen gewesen.<br \/>\nIch denke, dass die Protestanten zu feige sind, um Vertreter vor allem aus Frau Ates&#8216; Moschee einzuladen. Stattdessen kriechen sie lieber vor den Hardlinern. War jetzt nicht anders zu erwarten. Finde ich trotzdem skandal\u00f6s. Zumal die evangelische Kirche mittlerweile \u00f6ffentliche ziemlich unangenehm auff\u00e4llt beim Einmischen in die Fl\u00fcchtlingspolitik. Schon die politisierten Reden auf dem Kirchentag fand ich mehr als fraglich. Nun denn, dann wenigstens Eier in der Hose und entweder unangenehme Fragen stellen oder mal die Liberalen Moscheen einladen. Hoch lebe die Feigheit der Kirchenvertreter.<br \/>\n28.12.2017, Hasib\u00e4r, ZO<\/p>\n<p>.<br \/>\n<strong>Ein Stockholmsyndrom deutscher Politik<\/strong><br \/>\nEs hat bekanntlich einige Emp\u00f6rung ausgel\u00f6st, dass auf der offiziellen Gedenkfeier von Bundesregierung und Berliner Senat f\u00fcr die Opfer des islamistischen Terroranschlags auf dem Weihnachtsmarkt am Breitscheidplatz ein \u00e4u\u00dferst zweifelhafter Imam auftreten durfte.<br \/>\nDass Mohamed Matar von der Neuk\u00f6llner Dar-as-Salam-Moschee in der Ged\u00e4chtniskirche, also einem christlichen Gotteshaus, friedliche Worte sprach, ist f\u00fcr den Berliner Senat offenbar Ausweis genug f\u00fcr gelungene Integration. Es war schlie\u00dflich nicht die erste Veranstaltung, auf der beispielsweise der Regierende B\u00fcrgermeister Michael M\u00fcller (SPD) gemeinsam mit diesem Imam auftrat. Dessen Gemeinde wird vom Verfassungsschutz wegen vermuteter N\u00e4he zur islamistischen Muslimbruderschaft beobachtet, doch das ficht den Berliner Senat nicht an.<br \/>\nOffenbar ist diese Auftritts- und Einladungspraxis aber auch ein Statement zum Umgang mit dem Islam. Lieber unterwirft man sich der Deutungshoheit der Radikalen, als die von diesen bek\u00e4mpften liberalen Muslimen wenigstens in gleichem Ma\u00dfe anzuerkennen.<br \/>\nSeyran Ates, die bekanntlich in Berlin eine liberale Moschee gegr\u00fcndet hat und wegen zahlreicher ernstzunehmender Todesdrohungen unter Polizeischutz leben muss, wurde nicht einmal eingeladen, wie sie selbst jetzt auf Facebook mitgeteilt hat:<br \/>\nAu\u00dferdem sollte die \u00d6ffentlichkeit erfahren, dass wir\/die Ibn Rushd &#8211; Goethe Moschee \u201ebewusst\u201c nicht eingeladen wurden. Zu keiner der Gedenkfeiern!! &#8230;. Alle vom 27.12.2017 bittte lesen auf<br \/>\n<a href=\"https:\/\/www.achgut.com\/artikel\/eine_art_stockholmsyndrom_deutscher_politik\">https:\/\/www.achgut.com\/artikel\/eine_art_stockholmsyndrom_deutscher_politik<\/a><br \/>\n<a href=\"https:\/\/sichtplatz.de\/\">https:\/\/sichtplatz.de\/<br \/>\n<\/a>\u00a0 .<br \/>\nDie radikalen Moslime inklusive der Terroristen k\u00f6nnen nur ihre Suppe kochen, wenn ein gro\u00dfer Anteil der Moslime in Deutschland und auf der Welt diese auf irgend eine Art und Weise unterst\u00fctzt oder zumindest toleriert. Und \u00fcber den Berliner Senat darf einen nichts aber auch gar nichts verwundern, man gucke sich nur manche Orte wie Teile von Neuk\u00f6lln, Kreuzberg, Moabit, den Alexanderplatz, den G\u00f6rlitzer Park usw. in der Stadt an. Am 1. Mai wird seit \u00fcber 20 Jahren deeskaliert und die Randale wiederholen sich jedes Jahr in steter Regelm\u00e4\u00dfigkeit.<br \/>\n&#8230;.<br \/>\nGenau der Islam einer <a title=\"Seyran Ates: Liberale Moschee\" href=\"https:\/\/www.freiburg-schwarzwald.de\/blog\/seyran-ates-liberale-moschee\/\">Seyran Ates<\/a>, der zu Deutschland geh\u00f6ren k\u00f6nnte, wird ausgegrenzt, unterdr\u00fcckt und marginalisiert, statt dass man ihn nach Kr\u00e4ften f\u00f6rdert.<br \/>\n27.12.2017, Christoph M\u00fcller, AO<br \/>\n.<br \/>\n<strong>Hass auf Juden &#8211; Schweigen der Muslime<\/strong><br \/>\nDrei Wochen ist es nun her, dass muslimische Migranten durch Berlin zogen, Fahnen mit Davidsternen anz\u00fcndeten und \u201eTod den Juden\u201c skandierten. Viele der mehrheitlich t\u00fcrkisch- und arabischst\u00e4mmigen Demonstranten riefen bei den israelfeindlichen Kundgebungen vor dem Brandenburger Tor, gerade einmal 300 Meter vom Reichstag entfernt: \u201eKhaybar, Khaybar, ya yahud, jaish Muhammad sayud!\u201c \u2013 \u201eJuden, erinnert euch an Chaibar, die Armee Mohammeds kommt wieder!\u201c Chaibar ist nach islamischer Erz\u00e4hlung eine von Juden besiedelte Oase auf dem Gebiet des heutigen Saudi-Arabien gewesen, die von Mohammeds Armee im Jahr 628 erobert wurde. Viele der Bewohner wurden massakriert, ihre Frauen und Kinder versklavt. Die \u00dcberlebenden mussten als Schutzgeld die H\u00e4lfte dessen, was sie produzierten, an die Muslime abgeben.<br \/>\n&#8230;.<br \/>\nEs ist ein altes Spiel, das stets denselben Regeln folgt: Aufgebrachte muslimische Demonstranten tragen ihren Hass auf Juden offen auf die Stra\u00dfe, und Vertreter muslimischer Verb\u00e4nde ergehen sich in ebenso offen zur Schau gestellter Gleichg\u00fcltigkeit. Statt sich ernsthaft mit der Frage zu besch\u00e4ftigen, warum sich Juden von Bochum bis Berlin wegen Angriffen von t\u00fcrkisch- und arabischst\u00e4mmigen Migranten nicht mehr mit Kippa auf die Stra\u00dfe trauen, zeigen die Verb\u00e4nde lieber mit dem Finger auf andere. Etwa Aiman Mazyek, Vorsitzender des Zentralrats der Muslime in Deutschland. \u201eDiese selbstgerechte Entlastungsdebatte nimmt langsam absurde Z\u00fcge an\u201c, teilte Mazyek kurz nach den Angriffen mit. Und weiter: \u201eWeder die Intensit\u00e4t noch die tats\u00e4chlichen Folgen der muslimischen Judenfeindlichkeit sind mit denen des deutschen Antisemitismus auch nur ann\u00e4hernd vergleichbar.\u201c &#8230;<br \/>\nAuf ihren Facebook-Seiten ver\u00f6ffentlichten DITIB-Gemeinden t\u00fcrkischsprachige Zitate wie: \u201eDer kannibalische Jude kotzt den Tod in Pal\u00e4stina.\u201c &#8230;<br \/>\n&#8230; Alles von Philipp Engel vom 27.12.2017 bitte lesen auf<br \/>\n<a href=\"https:\/\/www.welt.de\/debatte\/kommentare\/article171940243\/Hass-gegen-Juden-Das-Schweigen-unserer-Muslime-ist-kaum-zu-ueberhoeren.html\">https:\/\/www.welt.de\/debatte\/kommentare\/article171940243\/Hass-gegen-Juden-Das-Schweigen-unserer-Muslime-ist-kaum-zu-ueberhoeren.html<\/a><br \/>\n.<br \/>\n<strong>Liberale Muslime in Deutschland haben Angst?<\/strong><br \/>\nF\u00fcr Muslime, welche Israel liberal gegen\u00fcber stehen, kann es schnell gef\u00e4hrlich werden seine Meinung \u00f6ffentlich kund zu tun &#8211; auch in Deutschland. Man schaue sich die zuletzt in Deutschland beworbenen und durchgef\u00fchrten T\u00fcrkeiwahlen an. &#8230;<br \/>\nDas Problem ist doch, dass wir meinen, dass alle Kulturen dieser Welt so ticken wie wir. Also m\u00fcssen wir nur mit unseren Methoden rangehen und alle haben sich lieb. Irrtum. Es gibt eben aufgrund von sozialer Herkunft, Religion, kultureller Anschauung, usw. Inkompatibilit\u00e4ten.<br \/>\nIn der Tat betrachten wir Probleme immer und das im zunehmenden Ma\u00dfe sehr deutsch&#8230; wir sind kaum mehr in der Lage auch unlautere Motive oder gar feindseligkeiten uns gegen\u00fcber wahr zu nehmen. Wir umarmen beinah alles was uns begegnet!<br \/>\n27.12.2017, BAB, WO<br \/>\n.<br \/>\n&#8222;Nat\u00fcrlich sind die vielen Muslime in diesem Land nicht verantwortlich daf\u00fcr, wenn einige ihrer Glaubensgenossen Juden den Tod w\u00fcnschen. Aber es liegt sehr wohl in ihrer Verantwortung, energisch und glaubw\u00fcrdig ihre Stimme zu erheben, wenn solche Angriffe stattfinden.&#8220; Dem ist nichts mehr hinzuzuf\u00fcgen. Danke f\u00fcr diesen wirklich sehr, sehr guten Artikel, Herr Engel!<br \/>\n&#8230;.<br \/>\nDie Muslime m\u00fcssen endlich aufwachen. Wenn sie sagen, der Islam habe nichts mit Terror, Judenhass und Unterdr\u00fcckung der Frauen zu tun, dann ist das genauso als w\u00fcrde behauptet Deutschland h\u00e4tte nichts mit dem Nationalsozialismus zu tun.<br \/>\nEs ist eben schwer, sich einzugestehen, dass die Ideologie, der man anh\u00e4ngt, zuweilen das B\u00f6se hervorbringt. Das muss man erkennen und bek\u00e4mpfen, aber den Willen, sich zu \u00e4ndern sehe ich bei den meisten Muslimen (v.a. den Verb\u00e4nden) leider nicht. Meiner Meinung nach ist das keine gute Basis f\u00fcr ein Zusammenleben in unserem Land mit seiner NS-Geschichte. Da m\u00fcsste seitens der Regierung viel h\u00e4rter gegen die <a title=\"Islam-Organisationen\" href=\"https:\/\/www.freiburg-schwarzwald.de\/blog\/religion\/islam\/islam-organisationen\/\">Muslimverb\u00e4nd<\/a>e vorgegangen werden, um zu einer vern\u00fcnftigen Form des Islam zu kommen.<br \/>\n27.12.2017, Tim N., WO<\/p>\n","protected":false},"excerpt":{"rendered":"<p>Am 19.12.2016 ermorderte der Islamist Anis Amri am Breidscheidplatz zw\u00f6lf Menschen mittels Lkw. Zur Gedenkfeier in der Kaiser-Wilhelm-Ged\u00e4chtniskirche zu Berlin lud Pfarrer Martin Germer keinen Vertreter der liberalen Muslime ein, sondern auf Vorschlag des ZdM-Vorsitzenden Aiman Mazyek den Imam Mohamed &hellip; <a href=\"https:\/\/www.freiburg-schwarzwald.de\/blog\/fauler-friede-christen-muslime\/\">Weiterlesen <span class=\"meta-nav\">&rarr;<\/span><\/a><\/p>\n","protected":false},"author":2,"featured_media":0,"comment_status":"open","ping_status":"closed","sticky":false,"template":"","format":"standard","meta":{"footnotes":""},"categories":[198,155,80,19],"tags":[520,732,421,503,525],"class_list":["post-66003","post","type-post","status-publish","format-standard","hentry","category-diakonie","category-integration","category-medien","category-religion","tag-frieden","tag-gewalt","tag-islam","tag-church","tag-politik"],"_links":{"self":[{"href":"https:\/\/www.freiburg-schwarzwald.de\/blog\/wp-json\/wp\/v2\/posts\/66003","targetHints":{"allow":["GET"]}}],"collection":[{"href":"https:\/\/www.freiburg-schwarzwald.de\/blog\/wp-json\/wp\/v2\/posts"}],"about":[{"href":"https:\/\/www.freiburg-schwarzwald.de\/blog\/wp-json\/wp\/v2\/types\/post"}],"author":[{"embeddable":true,"href":"https:\/\/www.freiburg-schwarzwald.de\/blog\/wp-json\/wp\/v2\/users\/2"}],"replies":[{"embeddable":true,"href":"https:\/\/www.freiburg-schwarzwald.de\/blog\/wp-json\/wp\/v2\/comments?post=66003"}],"version-history":[{"count":0,"href":"https:\/\/www.freiburg-schwarzwald.de\/blog\/wp-json\/wp\/v2\/posts\/66003\/revisions"}],"wp:attachment":[{"href":"https:\/\/www.freiburg-schwarzwald.de\/blog\/wp-json\/wp\/v2\/media?parent=66003"}],"wp:term":[{"taxonomy":"category","embeddable":true,"href":"https:\/\/www.freiburg-schwarzwald.de\/blog\/wp-json\/wp\/v2\/categories?post=66003"},{"taxonomy":"post_tag","embeddable":true,"href":"https:\/\/www.freiburg-schwarzwald.de\/blog\/wp-json\/wp\/v2\/tags?post=66003"}],"curies":[{"name":"wp","href":"https:\/\/api.w.org\/{rel}","templated":true}]}}