{"id":65955,"date":"2017-12-18T20:21:32","date_gmt":"2017-12-18T19:21:32","guid":{"rendered":"https:\/\/www.freiburg-schwarzwald.de\/blog\/?p=65955"},"modified":"2017-12-19T18:20:10","modified_gmt":"2017-12-19T17:20:10","slug":"berlin-breidscheidplatz-19dez17","status":"publish","type":"post","link":"https:\/\/www.freiburg-schwarzwald.de\/blog\/berlin-breidscheidplatz-19dez17\/","title":{"rendered":"Berlin Breidscheidplatz 19dez17"},"content":{"rendered":"<p>\u201eDas <a title=\"Berlin19dez2016\" href=\"https:\/\/www.freiburg-schwarzwald.de\/blog\/engagement\/zukunft\/demokratie\/berlin19dez2016\/\">Gedenken<\/a>\u00a0(zu\u00a0<a title=\"Islam\" href=\"https:\/\/www.freiburg-schwarzwald.de\/blog\/religion\/islam\/\">Islam<\/a>-Terroranschlag am <a title=\"Berlin19dez2016\" href=\"https:\/\/www.freiburg-schwarzwald.de\/blog\/engagement\/zukunft\/demokratie\/berlin19dez2016\/\">19. Dezember 2016<\/a> von Anis Amri) kann und darf aber eine konsequente Sicherheitspolitik nicht ersetzen. Das beinhaltet notwendigerweise die kritische Auseinandersetzung mit der <a title=\"Islam-Politik\" href=\"https:\/\/www.freiburg-schwarzwald.de\/blog\/religion\/islam\/islam-politik\/\">islamistischen Ideologie<\/a>, ein unbedingtes Bekenntnis zur s\u00e4kularen <a title=\"Demokratie\" href=\"https:\/\/www.freiburg-schwarzwald.de\/blog\/engagement\/zukunft\/demokratie\/\">Demokratie<\/a> und ein sofortiges Ende der Kooperation mit dem <a title=\"Islamisierung\" href=\"https:\/\/www.freiburg-schwarzwald.de\/blog\/religion\/islam\/islamisierung\/\">politischen Islam<\/a>. Wir, ein unabh\u00e4ngiges B\u00fcndnis <a title=\"Berlin\" href=\"https:\/\/www.freiburg-schwarzwald.de\/blog\/global\/deutschland\/berlin\/\">Berliner<\/a> B\u00fcrger und B\u00fcrgerinnen, <!--more-->rufen auf zu einer <a title=\"Berlin \u2013 das Trauern ist verlernt\" href=\"https:\/\/www.freiburg-schwarzwald.de\/blog\/berlin-das-trauern-ist-verlernt\/\">Kundgebung<\/a> am 19. Dezember 2017 um 18.00 Uhr am Breitscheidplatz, um uns gegen die <a title=\"Richter Polizei Berlin Notstand\" href=\"https:\/\/www.freiburg-schwarzwald.de\/blog\/richter-polizei-berlin-notstand\/\">Apologeten<\/a> in den Medien, Universit\u00e4ten und Parteien zu wenden und klarzustellen, dass wir nicht dazu bereit sind, zum verlogenen und t\u00f6dlichen Business as usual \u00fcberzugehen.\u201c Weitere Informationen zur Kundgebung <a href=\"https:\/\/www.berlingegenislamismus.net\">https:\/\/www.berlingegenislamismus.net<\/a><\/p>\n<p>Redner:<br \/>\nJudith Sevin\u00e7 Basad, Journalistin, Hartmut Krauss, Erziehungswissenschaftler, Samuel Schirmbeck, Journalist, Amed S., Fl\u00fcchtling und Aktivist, Justus Wertm\u00fcller, Publizist<\/p>\n<p>Gru\u00dfworte<br \/>\nJeffrey Herf, Historiker, Waleed Al-Husseini, Schriftsteller, Wolfgang Kraushaar, Politikwissenschaftler, <a title=\"Islam-Frauen\" href=\"https:\/\/www.freiburg-schwarzwald.de\/blog\/religion\/islam\/islam-frauen\/\">Zana Ramadani<\/a>, Schriftstellerin, Boualem Sansal, Schriftsteller,<br \/>\nAlice Schwarzer, Journalistin<\/p>\n<p>Weitere Unterst\u00fctzung<br \/>\nPhyllis Chesler, Schriftstellerin, Serap \u00c7ileli, Schriftstellerin und Menschenrechtlerin,<br \/>\nMartin C\u00fcppers, Historiker, <a title=\"Kelek\" href=\"https:\/\/www.freiburg-schwarzwald.de\/blog\/religion\/islam\/kelek\/\">Necla Kelek<\/a>, Soziologin, Stephan Grigat, Politikwissenschaftler<br \/>\nMehr vom 18.12.2017 bitte lesen auf <a href=\"https:\/\/www.berlingegenislamismus.net\">https:\/\/www.berlingegenislamismus.net<\/a><br \/>\noder auch<br \/>\n<a href=\"https:\/\/www.achgut.com\/artikel\/berlin_gegen_islamismus_morgen_18_uhr_breitscheidplatz\">https:\/\/www.achgut.com\/artikel\/berlin_gegen_islamismus_morgen_18_uhr_breitscheidplatz<\/a><br \/>\n.<br \/>\n&#8212;<\/p>\n<p>Nachdem <a title=\"Mansour\" href=\"https:\/\/www.freiburg-schwarzwald.de\/blog\/religion\/islam\/mansour\/\">Ahmad Mansour<\/a> (Muslimisches Forum Deutschland &#8211; MFD) die Bundesregierung und Kirche scharf daf\u00fcr kritisierte, dass man zum Gedenkgottesdienst f\u00fcr die Opfer des Anschlags vom 19.12.2016 in Berlin, den <a title=\"Islam-Fatwa\" href=\"https:\/\/www.freiburg-schwarzwald.de\/blog\/religion\/islam\/islam-fatwa\/\">Imam Ferid Heider<\/a> eingeladen hat, packt Heider nun die &#8222;Nazi-Keule&#8220; aus.<br \/>\nFerid Heider ist daf\u00fcr bekannt, dass er regelm\u00e4\u00dfig in Kreisen der <a title=\"Islam-Organisationen\" href=\"https:\/\/www.freiburg-schwarzwald.de\/blog\/religion\/islam\/islam-organisationen\/\">IGD<\/a> auftritt, die der deutsche Ableger der islamistischen Muslimbruderschaft ist. Mansour kritisiert besonders, dass Heider das Buch \u201eDas Erlaubte und das Verbotene im Islam\u201c von Yusuf al-Qaradawi beworben hat. Yusuf al-Qaradawi gilt als Chefdenker der Muslimbruderschaft und glorifizierte in der Vergangenheit mehrfach den Holocaust und Selbstmordanschl\u00e4ge, besonders gegen Juden. Siehe: <a href=\"https:\/\/www.youtube.com\/watch?v=VcB_DZ4YQYQ\">https:\/\/www.youtube.com\/watch?v=VcB_DZ4YQYQ<\/a><br \/>\nDar\u00fcber hinaus weist er immer wieder daraufhin, dass es keine Gleichberechtigung zwischen Mann und Frau geben darf\/kann. Al-Qaradawi gilt als zentrale Figur des internationalen Islamismus, der Millionen von jungen Muslimen weltweit durch seine TV-Sendungen bei Al-Jazeera radikal beeinflusst. Und das einzige Gegen-Argument auf diese Kritik ist nun von Heider, dass Mansour sich angeblich Applaus von Rechten abholen will. Was soll man dazu noch sagen?<br \/>\n<a href=\"https:\/\/www.facebook.com\/SchmalleUndDieWelt\/photos\/a.1922707361285825.1073741828.1921006358122592\/1941755246047703\/?type=3&amp;theater\">https:\/\/www.facebook.com\/SchmalleUndDieWelt\/photos\/a.1922707361285825.1073741828.1921006358122592\/1941755246047703\/?type=3&amp;theater<\/a><\/p>\n<p>&nbsp;<\/p>\n<p><strong>Lage der Nation: Bunt, vielf\u00e4ltig und tolerant<\/strong><br \/>\nDrei Fragen zur Lage der Nation: Ich bin nur hergekommen, den ganzen langen Weg von Schmargendorf nach Berlin-Mitte, weil ich Sie etwas fragen wollte.<br \/>\nWer von Ihnen ist mit einem \u00f6ffentlichen Nahverkehrsmittel, also Bus, U-Bahn oder S-Bahn hergekommen?<br \/>\nWer von Ihnen ist in den letzten Tagen allein, unbewaffnet und zu Fu\u00df \u00fcber den Alexanderplatz gegangen?<br \/>\nUnd wer von Ihnen hat in den letzten Tagen oder Wochen seine Eink\u00e4ufe im G\u00f6rlitzer Park oder in unmittelbarer N\u00e4he des G\u00f6rlitzer Parks get\u00e4tigt?<br \/>\nKein Wunder, dass Sie keine Ahnung haben, wie bunt, vielf\u00e4ltig und tolerant dieses Land inzwischen geworden ist.<br \/>\nIch aber, der ich t\u00e4glich in den No-Go-Areas, den sozialen Brennpunkten und den alternativen Winkeln dieser Republik unterwegs bin, ich sage Ihnen: Dieses Land war noch nie bunter, vielf\u00e4ltiger und toleranter als es heute ist.<br \/>\nViele lange Jahre d\u00e4mmerte es vor sich hin, grau in grau, einf\u00e4ltig und im eigenen Saft schmorend, au\u00dferstande \u00fcber den eigenen braunen Schatten zu springen, um sich neu zu erfinden.<br \/>\nBis dann eines Tages das Unfassbare, Unerwartete, Unvorstellbare geschah. In Dunkeldeutschland ging das Licht an. Nein, es war nicht der 9. November, der deutsche Schicksalstag, es war ein ganz unspektakul\u00e4rer Tag mitten im <a title=\"Budapest-Dublin2015\" href=\"https:\/\/www.freiburg-schwarzwald.de\/blog\/global\/eu\/budapest-dublin2015\/\">September des Jahres 2015<\/a>, als ein \u201eStrategiepapier\u201c bekannt wurde, das die Fl\u00fcchtlings- und Integrationsbeauftragte der Bundesregierung, Staatsministerin Aydan \u00d6zoguz, eigenh\u00e4ndig geschrieben hatte, ein \u201eMasterplan f\u00fcr die gesellschaftliche Einbindung derjenigen, die in Deutschland bleiben werden\u201c. Diesen Masterplan sollten Sie nicht nur lesen, Sie sollten ihn auch auswendig lernen. Er ist das Manifest der Neuen Berliner Republik. Ich will die zentralen S\u00e4tze daraus zitieren. <em>\u201e<br \/>\nWir stehen vor einem fundamentalen Wandel.<br \/>\nUnsere Gesellschaft wird weiter vielf\u00e4ltiger werden.<br \/>\nDas wird auch anstrengend, mitunter schmerzhaft sein.<br \/>\nDas Zusammenleben wird t\u00e4glich neu ausgehandelt werden m\u00fcssen.<br \/>\nEine Einwanderungsgesellschaft zu sein heisst, dass sich nicht nur die Menschen,<br \/>\ndie zu uns kommen, integrieren m\u00fcssen.\u201c<\/em><br \/>\n&#8230;. Alles vom 19.12.2017 von Henryk A. Broder bitte lesen auf<br \/>\n<a href=\"https:\/\/www.achgut.com\/artikel\/dieses_land_war_nie_bunter_vielfaeltiger_und_toleranter_als_heute\">https:\/\/www.achgut.com\/artikel\/dieses_land_war_nie_bunter_vielfaeltiger_und_toleranter_als_heute<\/a><\/p>\n<p>&nbsp;<\/p>\n<p><strong>Steinmeier&#8217;s Verantwortungsheuchelei gegen\u00fcber Israel<\/strong><br \/>\nAm Freitag, dem 15. Dezember 2017, brachte die Tagesschau einen Beitrag \u00fcber unser aller Bundespr\u00e4sidenten, wie er mit dem Botschafter Israels eine weitere Chanukka-Kerze entz\u00fcndet und im Licht der brennenden Israel-Flaggen vor dem Brandenburger Tor an die \u201ehistorische Verantwortung\u201c Deutschlands gegen\u00fcber Israel erinnert. Nun mal im Ernst, Herr Bundespr\u00e4sident: &#8230;.<br \/>\nIch unterstelle Ihnen: was Sie \u201ehistorische Verantwortung der Deutschen\u201c nennen, ist in Wahrheit das Projekt der Aufl\u00f6sung alles Nationalen zugunsten eines weltumspannenden Internationalen. Das mag f\u00fcr linksdrehende Herzen das sch\u00f6nste Projekt auf Erden sein, und sicher haben Sie als guter SPDler auch schon inbr\u00fcnstig \u201eDie Internationale\u201c intoniert. Nur:<br \/>\nDann sind da wieder diese Juden, die partout nicht mitmachen wollen.<br \/>\nDie nicht daran denken, ihre Grenzen aufzumachen und zu behaupten, man k\u00f6nne das eigene Land nicht sch\u00fctzen.<br \/>\nDie auf ihrer Identit\u00e4t pochen, und diese auch zu verteidigen bereit sind.<br \/>\nDie einen gro\u00dfartigen Geheimdienst haben, milit\u00e4risch wehrhaft sind und sich jede Einmischung von au\u00dfen verbitten,<br \/>\n.<br \/>\nw\u00e4hrend Sie, Herr Bundespr\u00e4sident, und Ihr ganzer Apparat in Wehrhaftigkeit etwas Schmutziges sehen, sich den nah\u00f6stlichen Despoten f\u00f6rmlich andienen, sie ihre religi\u00f6sen Strukturen in Deutschland durchsetzen lassen und gar kein Problem damit haben, dass ein Staat wie der t\u00fcrkische den islamischen Religionsunterricht an den Schulen bestimmt. Und das alles, um das Projekt \u201eweg von der Nation, hin zur Internationale der Menschheit\u201c zu realisieren.<br \/>\n.<br \/>\nDer Stachel im Fleisch dieses \u201eMenschheitsprojekts\u201c ist wieder mal der Jude. Denn w\u00e4hrend den Linken in ganz Europa bei diesem Projekt der \u201eNationenaufl\u00f6sung\u201c gedanklich einer abgeht, steht Israel als Jude unter den Nationen am Spielfeldrand und sch\u00fcttelt mit dem Kopf. Das ist am Ende der Grund, warum Israel so verhasst ist bei Ihresgleichen und warum Jerusalem als Hauptstadt eine solche Provokation f\u00fcr Sie ist: Israel verschm\u00e4ht souver\u00e4n die Segnungen der Selbstverleugnung und des \u201eanything goes\u201c. &#8230;.<br \/>\nAlles vom 19.12.2017 von Markus Vahlefeld bitte lesen auf<br \/>\n<a href=\"https:\/\/www.achgut.com\/artikel\/steinmeiers_verantwortungs_heuchelei\">https:\/\/www.achgut.com\/artikel\/steinmeiers_verantwortungs_heuchelei<\/a><br \/>\n.<br \/>\n<strong>Der europ\u00e4ische Umgang mit muslimischer Gewalt &#8211; Einkincken<\/strong><br \/>\nDeutschland knickt einmal mehr in vorauseilendem Gehorsam vor den Gewaltt\u00e4tigkeiten radikaler Muslime ein. Anstatt unsere Werte von Toleranz, freier Meinungs\u00e4u\u00dferung und Demokratie zu verteidigen, wird in die falsche Richtung emp\u00f6rt. Dies zeigt die Schw\u00e4che und Handlungsunf\u00e4higkeit der westlichen Welt. Ohne entschlossenes Bekenntnis zu den eigenen Werten wird Europa in Zukunft nur noch den Kotau vor dem Islam vollf\u00fchren. Die Reaktionen deutscher Politiker auf die Aggressionen in der arabischen Welt sind bezeichnend f\u00fcr den europ\u00e4ischen Umgang mit muslimischer Gewalt. Christliche, hinduistische, buddhistische und sonstige Religionen d\u00fcrfen in allen erdenklichen Auspr\u00e4gungen kritisiert und karikiert werden \u2013 nur \u00fcber der islamischen Religion schwebt ein gro\u00dfes Tabu. Die Gem\u00fcter in der arabischen Welt explodieren, weil Trump es wagte israelische Realit\u00e4ten anzuerkennen. Dass antij\u00fcdische Propaganda inklusive Auschwitzl\u00fcge in arabischen Medien t\u00e4glich verbreitet wird, scheint dagegen niemanden zu \u00e4hnlichem Verhalten zu animieren. Womit einmal mehr demonstriert wurde, wie bizarr ungleich der Erregungshaushalt von Gesellschaften geartet ist.<br \/>\n19.12.2017, Judith Hirsch, AO<\/p>\n<p>&nbsp;<\/p>\n","protected":false},"excerpt":{"rendered":"<p>\u201eDas Gedenken\u00a0(zu\u00a0Islam-Terroranschlag am 19. Dezember 2016 von Anis Amri) kann und darf aber eine konsequente Sicherheitspolitik nicht ersetzen. Das beinhaltet notwendigerweise die kritische Auseinandersetzung mit der islamistischen Ideologie, ein unbedingtes Bekenntnis zur s\u00e4kularen Demokratie und ein sofortiges Ende der Kooperation &hellip; <a href=\"https:\/\/www.freiburg-schwarzwald.de\/blog\/berlin-breidscheidplatz-19dez17\/\">Weiterlesen <span class=\"meta-nav\">&rarr;<\/span><\/a><\/p>\n","protected":false},"author":2,"featured_media":0,"comment_status":"open","ping_status":"closed","sticky":false,"template":"","format":"standard","meta":{"footnotes":""},"categories":[181,210,155,80,157,19,172],"tags":[732,421,622,623,726],"class_list":["post-65955","post","type-post","status-publish","format-standard","hentry","category-buergerbeteiligung","category-gewalt","category-integration","category-medien","category-oeffentlicher-raum","category-religion","category-zukunft","tag-gewalt","tag-islam","tag-migration","tag-moschee","tag-oeffentlicher-raum"],"_links":{"self":[{"href":"https:\/\/www.freiburg-schwarzwald.de\/blog\/wp-json\/wp\/v2\/posts\/65955","targetHints":{"allow":["GET"]}}],"collection":[{"href":"https:\/\/www.freiburg-schwarzwald.de\/blog\/wp-json\/wp\/v2\/posts"}],"about":[{"href":"https:\/\/www.freiburg-schwarzwald.de\/blog\/wp-json\/wp\/v2\/types\/post"}],"author":[{"embeddable":true,"href":"https:\/\/www.freiburg-schwarzwald.de\/blog\/wp-json\/wp\/v2\/users\/2"}],"replies":[{"embeddable":true,"href":"https:\/\/www.freiburg-schwarzwald.de\/blog\/wp-json\/wp\/v2\/comments?post=65955"}],"version-history":[{"count":0,"href":"https:\/\/www.freiburg-schwarzwald.de\/blog\/wp-json\/wp\/v2\/posts\/65955\/revisions"}],"wp:attachment":[{"href":"https:\/\/www.freiburg-schwarzwald.de\/blog\/wp-json\/wp\/v2\/media?parent=65955"}],"wp:term":[{"taxonomy":"category","embeddable":true,"href":"https:\/\/www.freiburg-schwarzwald.de\/blog\/wp-json\/wp\/v2\/categories?post=65955"},{"taxonomy":"post_tag","embeddable":true,"href":"https:\/\/www.freiburg-schwarzwald.de\/blog\/wp-json\/wp\/v2\/tags?post=65955"}],"curies":[{"name":"wp","href":"https:\/\/api.w.org\/{rel}","templated":true}]}}