{"id":65942,"date":"2017-12-15T18:48:32","date_gmt":"2017-12-15T17:48:32","guid":{"rendered":"https:\/\/www.freiburg-schwarzwald.de\/blog\/?p=65942"},"modified":"2017-12-16T19:39:32","modified_gmt":"2017-12-16T18:39:32","slug":"jerusalem-brandenburger-tor","status":"publish","type":"post","link":"https:\/\/www.freiburg-schwarzwald.de\/blog\/jerusalem-brandenburger-tor\/","title":{"rendered":"Jerusalem &#8211; Brandenburger Tor"},"content":{"rendered":"<p>&#8222;Die <a title=\"Jerusalem\" href=\"https:\/\/www.freiburg-schwarzwald.de\/blog\/religion\/jerusalem\/\">Jerusalemfrage<\/a> ist nicht nur f\u00fcr meine Familie, sondern f\u00fcr viele Menschen eine <a title=\"Religionen Koexistenz Jerusalem\" href=\"https:\/\/www.freiburg-schwarzwald.de\/blog\/religionen-koexistenz-jerusalem\/\">hochemotionale<\/a>. Doch ich finde es besch\u00e4mend, wenn auf <a title=\"Berlin\" href=\"https:\/\/www.freiburg-schwarzwald.de\/blog\/global\/deutschland\/berlin\/\">Berliner Stra\u00dfen<\/a> <a title=\"Islam-Antisemitismus\" href=\"https:\/\/www.freiburg-schwarzwald.de\/blog\/religion\/islam\/islam-antisemitismus\/\">antisemitische Parolen<\/a> kandiert und Davidsterne verbrannt werden &#8230; Genauso wie <a title=\"Muslime\" href=\"https:\/\/www.freiburg-schwarzwald.de\/blog\/global\/integration\/muslime\/\">Muslime<\/a> als Minderheit erwarten, dass andere ich f\u00fcr sie einsetzen, wenn sie <a title=\"Integration\" href=\"https:\/\/www.freiburg-schwarzwald.de\/blog\/global\/integration\/\">diskriminiert<\/a> oder angegriffen werden, m\u00fcssen sie ihre Stimme viel lauter erheben, wenn <a title=\"Juden\" href=\"https:\/\/www.freiburg-schwarzwald.de\/blog\/religion\/juden\/\">Juden<\/a> in unserem Land bedroht werden. <!--more-->Der Kampf gegen <a title=\"Antisemitismus\" href=\"https:\/\/www.freiburg-schwarzwald.de\/blog\/religion\/juden\/antisemitismus\/\">Antisemitismus<\/a> mu\u00df auch ihr Kampf sein&#8220; &#8211; so deutlich \u00e4u\u00dfert sich Sawsan Chebli, Staatssekret\u00e4rin im <a title=\"Richter Polizei Berlin Notstand\" href=\"https:\/\/www.freiburg-schwarzwald.de\/blog\/richter-polizei-berlin-notstand\/\">Berliner<\/a> Senat, selbst Kind von pal\u00e4stinensischen Eltern, nach den antisemitischen Ausschreitungen auf der <a title=\"Jerusalem-Altstadt\" href=\"https:\/\/www.freiburg-schwarzwald.de\/blog\/global\/israel\/israel2013\/jerusalem-altstadt\/\">Jerusalem<\/a>-Demo in Berlin (&#8222;Tod den Juden&#8220; , &#8222;Kinderm\u00f6rder Israel&#8220;, &#8222;du Jude&#8220; als Schimpfwort, &#8222;Tod Israel&#8220;, &#8222;Juden ins Meer&#8220;) durch junge muslimische <a title=\"Jerusalem \u2013 Israel \u2013 Palaestina\" href=\"https:\/\/www.freiburg-schwarzwald.de\/blog\/jerusalem-israel-palaestina\/\">Pal\u00e4stinenser<\/a>, <a title=\"Frauenrechte Muslima Arabien\" href=\"https:\/\/www.freiburg-schwarzwald.de\/blog\/frauenrechte-muslima-arabien\/\">Araber<\/a> und <a title=\"Deutschtuerken\" href=\"https:\/\/www.freiburg-schwarzwald.de\/blog\/global\/integration\/deutschtuerken\/\">T\u00fcrken<\/a>.<br \/>\n.<\/p>\n<p>Wenn Anfang Dezember 2017 in Berlin junge Muslime &#8222;Juden ins Gas&#8220; br\u00fcllen, dann ist die Emp\u00f6rung gro\u00df. Aus drei Gr\u00fcnden:<br \/>\n(1) Deutsche Erinnerungskultur: Der Holocaust und die Erinnerung daran sowie die Anerkennung des Existenzrechts von Israel sind konstituierende Elemente der deutschen Politik seit 1949 und begr\u00fcnden den deutschen Verantwortungs-Patriotismus. Zu Merkels Satz &#8222;Die Sicherheit <a title=\"Israelis\" href=\"https:\/\/www.freiburg-schwarzwald.de\/blog\/global\/israel\/israel2013\/israelis\/\">Israels<\/a> ist Teil der deutschen Staatsraison&#8220; passt nicht, wenn Berlin bei einer Demo am Brandenburger Tor der Davidstern brennt und die Polizei unt\u00e4tig zuschaut.<br \/>\n(2) <a title=\"Islam-Antisemitismus nimmt zu\" href=\"https:\/\/www.freiburg-schwarzwald.de\/blog\/islam-antisemitismus-nimmt-zu\/\">Muslimischer Antisemitismus<\/a>: Nach der Grenz\u00f6ffnung <a title=\"Budapest-Dublin2015\" href=\"https:\/\/www.freiburg-schwarzwald.de\/blog\/global\/eu\/budapest-dublin2015\/\">Budapest 9\/2015<\/a> str\u00f6mten \u00fcber 2 Mio Migranten ins Land, denen von Klein ein im Islam bzw. Koran gr\u00fcndender Hass auf Juden wie Israel eingebleut wurde. Diese Sozialisierung im Antisemitismus in den ersten 18 Lebensjahren kann beim Grenz\u00fcbertritt nicht einfach abgelegt werden &#8211; so die wissenschaftliche Sozialisationsforschung. Vor diesem muslimischen Antisemitismus \u00e4ngstigen sich immer mehr deutsche Juden.<br \/>\n(3) Terror: Auf den beiden Jerusalem-Demos in Berlin wurden keinerlei Proteste gegen <a title=\"USA\" href=\"https:\/\/www.freiburg-schwarzwald.de\/blog\/global\/usa\/\">USA<\/a> bzw. Pr\u00e4sident Trump gezeigt &#8211; es ging den Demonstranten somit allein um Gewalt gegen das Judentum als Erzfeind.Trump&#8217;s einseitige und \u00fcberraschende Erkl\u00e4rung von <a title=\"Jerusalem-Neustadt\" href=\"https:\/\/www.freiburg-schwarzwald.de\/blog\/global\/israel\/israel2013\/jerusalem-neustadt\/\">Jerusalem<\/a> als Hauptstadt Israels diente somit nur als Anla\u00df, f\u00fcr Randale gegen Juden.<br \/>\n14.12.2017<br \/>\n.<br \/>\n<strong>Nur wer sich erinnert, ist integriert<\/strong><br \/>\nDie Sorge n\u00e4mlich, dass mit den B\u00fcrgerkriegsfl\u00fcchtlingen und Migranten aus muslimischen Staaten, die seit 2015 nach Deutschland gekommen sid, auch ein eggressiver, kulturell selbstverst\u00e4ndlicher Antisemitismus und Anti-Israelismus importiert worden ist, der \u00e4hnlichen Tendenzen in den t\u00fcrkischen und arabischen Communities in Deutschland weiter verst\u00e4rke. &#8230;.<br \/>\nInteressanterweise aber zeigen Umfragen unter den in Deutschland lebenden Juden, das sie als Urheber von beleidigungen, bel\u00e4stigungen und k\u00f6rprlichen angriffen mit weitem Abstand &#8222;eine muslimische Person\/Gruppe&#8220; identifizieren. &#8230;<br \/>\nWer das Existenzrecht Israels leugnet oder den Holocaust, der ist in Deutschland nicht integriert, egal wo er geboren ist, in Deutschland oder in <a title=\"Palaestina\" href=\"https:\/\/www.freiburg-schwarzwald.de\/blog\/global\/israel\/palaestina\/\">Pal\u00e4stina<\/a>. das gilt f\u00fcr Nazis ebenso wie f\u00fcr junge Muslime, die &#8222;Tod den Juden!&#8220; br\u00fcllen. &#8230;.<br \/>\nAlles vom 14.12.2017 zu &#8222;Nicht hier , nicht mit uns&#8220; in der ZEIT, Seite 2,<br \/>\nbitte auch lesen auf <a href=\"https:\/\/www.zeit.de\">www.zeit.de<\/a><\/p>\n<p><strong>Judenhass der Muslime &#8211; Schluss damit, es reicht!<\/strong><br \/>\nBitter ist der urw\u00fcchsige, naive Antisemitismus der Muslime, die mit dem Verbrennen von Israel-Fahnen am Brandenburger Tor, widerw\u00e4rtigen Entgleisungen auf Facebook und dem Sch\u00fcren von Angst auf Berliner Stra\u00dfen die Politik \u2013 sp\u00e4t \u2013 auf den Plan gerufen haben. &#8230;<br \/>\nMit der Migration Zigtausender Fl\u00fcchtlinge aus dem Mittleren und Nahen Osten erh\u00e4lt das antisemitische Ressentiment neue, wuchtige Resonanzr\u00e4ume. Keine Woche vergeht, in der nicht Kippa tragende Juden in Gro\u00dfst\u00e4dten beschimpft, bespuckt, getreten und gedem\u00fctigt werden. \u201eJude\u201c als Schimpfwort ist in Schulen g\u00e4riger Problemkieze \u201enormal\u201c geworden.<br \/>\nKinder mit j\u00fcdischen Wurzeln leugnen diese, oder sie m\u00fcssen nach qu\u00e4lenden Mobbing-Prozessen die Schule wechseln. Zum Teil makaber relativiert durch Lehrer und Elternsprecher, welche die Lage im Nahen Osten mitverantwortlich machen.<br \/>\nDie Paternalisierung der Migranten f\u00fchrt zu einer gef\u00e4hrlichen Toleranz gegen\u00fcber diesen Entwicklungen. Wer hierherkommt, darf keine Zukunft haben, wenn er Juden und Israel hasst und diesen Hass ausleben will. Der Rechtsstaat muss entschiedener vorgehen bei Demonstrationen, aber auch bei Hetze im Internet gegen die Verursacher dieser widerw\u00e4rtigen Propaganda.<br \/>\nUnd dass gro\u00dfm\u00fcndige B-Klasse-Musiker mit Integrationspreisen ausgezeichnet werden, die ein ausgel\u00f6schtes Israel in pal\u00e4stinensischen Farben als Profilbild auf Twitter haben, ist ebenso l\u00e4ppisch wie grotesk. Es reicht!<br \/>\nDer Judenhass zu vieler Muslime ist nur das Vorspiel einer stumpfen Ressentimentkultur, die sich am Ende gegen alle freien, pluralistischen Gesellschaften richtet. Das winzige, brillante Israel besch\u00e4mt immer wieder die kulturell hinterherholpernde arabische Welt. Im Hass und in der Wut wird davon abgelenkt, wie wenig in den muslimischen L\u00e4ndern gelingt. Leider. Dieser Neid nimmt auch in Deutschland w\u00fcste Formen an. Das ist nicht hinnehmbar.<br \/>\n&#8230; Alles von Ulf Poschardt vom 12.12.2017 bitte lesen auf<br \/>\n<a href=\"https:\/\/www.welt.de\/debatte\/kommentare\/article171494371\/Schluss-damit-es-reicht.html\">https:\/\/www.welt.de\/debatte\/kommentare\/article171494371\/Schluss-damit-es-reicht.html<br \/>\n<\/a>.<\/p>\n<p><strong>Das ich wirklich noch erleben muss<\/strong>,<br \/>\nda\u00df in Deutschland Israelische Flaggen verbrannt werden.\u00a0Wir haben einige Generationen gebraucht um ein halbwegs normales Verh\u00e4ltniss zu Israel aufzubauen. Verst\u00e4ndlicherweisse.<br \/>\nL\u00e4sst man mal Politik weg, klappt das ja auch seit Jahren ganz gut. Bei aller berechtigten Kritik an der Politik Israels, die man sicher auch \u00e4ussern d\u00fcrfen muss, kann es nicht sein, da\u00df gerade in Deutschland irgendwelche Stimmen laut werden, die die Existenz des Staates Israels auch nur im Entferntesten in Zweifel stellen.<br \/>\nGerade in Deutschland sollte soetwas absolut ausgeschlossen sein! Wenn ich dieses Bild oben sehe, mit dem brennenden Stern, kommt mir gelinde ausgedr\u00fcckt das Erbrechen und pure Wut gegen\u00fcber diesen &#8222;Demonstranten&#8220;, die offensichtlich so garnichts mit den Werten Deutschlands nach dem Krieg anfangen k\u00f6nnen.<br \/>\nMan sollte diese Personen identifizieren und mal \u00fcberlegen ob diese Menschen wirklich hier leben d\u00fcrfen sollen.<br \/>\nMatthias B., 12.12.2017, WO<\/p>\n<p><strong>Linke: Israel-Flagge verbrennen ist in D erlaubt<\/strong><br \/>\nAugstein hat auf Twitter verk\u00fcndet dass es nicht verboten ist die Flaggen zu verbrennen.<br \/>\nWie kann es sein dass diese Person noch in den Medien pr\u00e4sent ist und (von den Medien) nicht boykottiert wird?! Nur weil er in einer bestimmten Familie aufgewachsten ist oder wie?!<br \/>\n12.12.2017, Sladko S., WO<br \/>\n.<br \/>\nStellen Sie sich doch bitte einfach mal vor jemand von der AfD h\u00e4tte eine israelische Flagge verbrannt. Die Reaktionen der deutschen Medien, allen voran ARD und ZDF, und auch die der deutschen Politiker aller Couleur w\u00e4ren zu Recht dazu dramatisch verachtend. Aber! Zur Wahrheit geh\u00f6ren auch die akuellen Reaktionen aus den oben genannten Segmenten. Und die sind mehrheitlich seichte Watteb\u00e4uschchen.<br \/>\n(Zumal der AfD gerne Antisemitismus unterstellt wird, obwohl sich diese Partei (nicht meine) eindeutig an die Seite Israels gestellt hat).<br \/>\n12.12.2017, Tiefensch\u00e4rfe, WO<br \/>\nSo sind wir eben, tolerant bis zur Selbstaufgabe. Feiern wir eben etwas auf dem Lichtermarkt hinter den Betonbarrieren<br \/>\nDer Islam geh\u00f6rt nicht zu DE, auch wenn uns das immer wieder von einigen Politikern weis gemacht werden soll.<br \/>\nUnd als Antsemitismus schon mal gar nicht.<\/p>\n<p><strong>Querfront: Antisemitismus der Linken und Teilen der Gr\u00fcnen sowie der Muslime<\/strong><br \/>\nEndlich spricht mal jemand das l\u00e4ngst bekannte und gerne verschwiegene offen an und weist auf den Antisemitismus der Linken und Teilen der Gr\u00fcnen hin. \u00dcber den Antisemitismus der in Deutschland lebenden Muslime muss man nicht mehr viel sagen. Dieser ist mir im Umgang mit Muslimen im Alltag schon sehr lange bekannt (nicht alle Muslime aber viele). Immer nur gegen Rechts Aktion machen ist gut, aber es ist zwingend n\u00f6tig mit selber Energie gegen Antisemitisten von Linkes und des Islam in Deutschland hart vorzugehen. Der Autor hat mit seiner Meinung absolut Recht und ich unterst\u00fctze das zu 100%. Schon allein deshalb, ist die Linke f\u00fcr mich in weiten Teilen unw\u00e4hlbar!!!<br \/>\n12.12.2017, Peackeeper, WO<\/p>\n<p>In ARD Tagesthemen gestern Abend (11.12.17, auch in Mediathek zu sehen) wurde mit dem Anmelder der Kundgebung in Berlin, Ali Chteiwia, gesprochen. Einerseits sagte er etwa, wir verurteilen antisemitisches Verhalten in jegliche Form, anderseits sagte er, aufgrund dieser Leute [die antisemitische Verhalten zeigen] sehen wir uns nicht bereit, die Kundgebungen still zu legen, weil im Endeffekt ist die Sache mit Jerusalem viel gr\u00f6\u00dfer als dass wir einfach zu Hause sitzen und Tee trinken und abwarten das irgendwas sich tut.<br \/>\nF\u00fcr mich aber verliert er an Glaubw\u00fcrdigkeit wenn er nicht ein Null-Toleranz Haltung klar ausspricht und einh\u00e4lt.<br \/>\n12.12.2017, Simon B., WO<\/p>\n<p><strong>Positiv: Muslime, macht was hier<\/strong><br \/>\nInzwischen sind doch so viele Muslime hier und das seit Jahrzehnten, anstatt sich zu profilieren wird gejammert und sich beklagt. Sie sind immer die, die benachteiligt sind. Aber es gibt genug Beispiele, dass das nicht stimmt. Sieht man sich die Geschichten der italienischen Einwanderer an, sieht man, dass jeder bei uns Erfolg haben kann und das Integration erfolgreich sein kann. Italiener sind voll integriert und haben es zu etwas gebracht und sie wollen hier bleiben, weil sie deutsch denken, leben und f\u00fchlen, sie lieben aber trotzdem ihre alte Heimat.<br \/>\nMuslime, macht was. Um Erfolg zu haben muss sich diese Religion \u00f6ffnen und den Fortschritt wollen. N\u00fctzt die Chance euch zu bilden und bringt dieses Wissen in eure Heimatl\u00e4nder und baut was auf. Es gibt sie doch, die muslimischen L\u00e4nder, es ist genug Platz da um sich zu verwirklichen und etwas aufzubauen. Bewegen muss man sich aber, nicht nur den K\u00f6rper sondern auch im Kopf. Mit diesem Verhalten, das Muslime zeigen, das Dagegen-Sein, die Gewalt, &#8230;. erreichen sie nur, dass sie abgelehnt werden.<br \/>\n12.12.2017, Maria K., WO<\/p>\n<p><strong>Berlin-Demo &#8222;Tod Israel&#8220; von Pal\u00e4stinensern und Erdogan-T\u00fcrken<\/strong><br \/>\nMenschen, die sich als Pal\u00e4stinenser verstehen \u2013 viele von ihnen geb\u00fcrtige Berliner \u2013 standen gemeinsam mit ihren Unterst\u00fctzern aus dem Erdogan-Lager ganz allein auf den Stra\u00dfen und verbreiteten Judenhass. Trumps Entscheidung war ihnen nur wohlfeiler Anlass. Und auch gegen Amerika protestieren sie im eigentlichen Sinne nicht. Sie z\u00fcnden keine US-Flaggen an, sondern israelische.<br \/>\nEs gibt nur eine einzige Botschaft, die von dieser Handlung ausgeht, und die lautet: Der Staat der Juden soll verschwinden. Wer politisch Verantwortung tr\u00e4gt, wei\u00df das, muss es wissen. Es gibt gen\u00fcgend Wiederholungen des immerselben Ablaufs. Und eben wegen dieser Wiederholungen ist ein sp\u00e4ter artikuliertes Entsetzen keine Hilfe und kein Trost. Es ist, zunehmend, eine Ungeheuerlichkeit. &#8230;<br \/>\nAlles von Katja Bauer vom 13.12.2017 bitte lesen auf<br \/>\n<a href=\"https:\/\/www.badische-zeitung.de\/meinung\/kommentare\/kommentar-vereint-im-nichtstun\">https:\/\/www.badische-zeitung.de\/meinung\/kommentare\/kommentar-vereint-im-nichtstun<\/a><\/p>\n<p>&nbsp;<\/p>\n<p>.<\/p>\n<p>&nbsp;<\/p>\n<p><strong>Junge Araber und T\u00fcrken als demonstrerende Judenhasser &#8211; was tun?<\/strong><br \/>\nWas macht man nun mit diesen Menschen (jungen Arabern und T\u00fcrken)? Nicht nur mit den Gefl\u00fcchteten, sondern auch mit jenen, die hier geboren sind und ihren Antisemitismus in der Gegengesellschaft konserviert haben? Das sind die Fragen, denen wir uns stellen m\u00fcssen, und die Antwort kann gerade auch aufgrund der deutschen Geschichte nicht in noch mehr Zuwanderung aus dem islamischen Kulturkreis bestehen. Eine Zuwanderung, die wie auch zuvor vornehmlich in die islamische Gegengesellschaft erfolgen wird. Wir m\u00fcssen uns entscheiden: Wollen wir ein Land sein, indem wir und vor allem auch unsere j\u00fcdischen Mitb\u00fcrger in Frieden und in Sicherheit leben k\u00f6nnen, oder wollen wir weiter zu Lasten aller eine verzerrte Vorstellung eines \u201ebunten, offenen\u201c Deutschlands leben.<br \/>\nBerlin hat wieder einmal gezeigt, dass das mit dem Mut und dem Anspruch, der eigenen Vergangenheit Rechnung zu tragen, so eine Sache ist. Dass das \u201eantifaschistische Volk\u201c in immer k\u00fcrzeren Abst\u00e4nden und auf mehreren Ebenen zunehmend \u00fcber seine eigene Doppelmoral stolpert, die es ihm unm\u00f6glich macht, Dinge beim Namen zu nennen und wirkliche Konsequenzen daraus zu ziehen. Dies w\u00e4re jedoch angesichts der j\u00fcngsten antisemitischen Eskalationen mehr als angebracht.<br \/>\n.<br \/>\nWir m\u00fcssen endlich einsehen,<br \/>\ndass es keine Schande ist, Migranten, die unserer Gesellschaft, ihrem Frieden und der Sicherheit ihrer B\u00fcrger schaden, nicht aufzunehmen.<br \/>\nDass es keine Schande, sondern unser Recht ist, eine religi\u00f6se Minderheit zu kritisieren, der es ein Leichtes ist, andere mit dem Rassismusvorwurf zu \u00fcberziehen, w\u00e4hrend die eigenen Ausw\u00fcchse von Rassismus und Antisemitismus innerhalb der Community zum guten Ton geh\u00f6ren.<br \/>\nDass die einzige Schande darin besteht, dass wir keine Verantwortung gegen\u00fcber jener Minderheit im Land zeigen, f\u00fcr die wir tats\u00e4chlich historisch gesehen eine besitzen&#8230;..<br \/>\nAlles von Anabel Schunke vom 16.12.2017 bitte lesen auf<br \/>\n<a href=\"https:\/\/www.achgut.com\/artikel\/der_muslimische_antisemitismus\">https:\/\/www.achgut.com\/artikel\/der_muslimische_antisemitismus<\/a><br \/>\n.<br \/>\n<strong>Es gibt keinen guten Antisemitismus<\/strong><br \/>\nLeider wird hier\u00fcber viel zu wenig ernsthaft gesprochen und geforscht &#8211; es w\u00e4re wichtig, zu den politischen und sonstigen Einstellungen der zu uns gekommenen Migranten in gleicher Weise sozialwissenschaftlich belastbare Daten zu erheben wie zur sonstigen Wohnbev\u00f6lkerung. Auch unbequeme Fragen d\u00fcrfen hierbei kein Tabu sein.<br \/>\nWenn man bedenkt, dass in L\u00e4ndern wie Syrien der Antisemitismus in allen staatlich kontrollierten Medien vorherrscht, \u00e4hnlich wie die im Irak ebenfalls bis zu seinem Zerfall gewesen &#8211; und in vielen arabischen Staaten bis heute der Fall &#8211; ist, so sind antisemitische Einstellungen der von dieser Propaganda gepr\u00e4gten Menschen kein Wunder (so wie bei den Deutschen nach dem Krieg und unterschwellig bis heute). Beim Antisemitismus ist vollkommen gleichg\u00fcltig, wer ihn vertritt &#8211; es gibt schlechthin weder einen \u201cguten Antisemitismus\u201d noch einen \u201cguten Antisemiten\u201d.<br \/>\n16.12.2017, Jan-Robert von Renesse, AO<\/p>\n<p><strong>Die Scheuklappen der Gutmenschen neu justieren<\/strong><br \/>\nHinzu kommt,dass der toleranzbet\u00e4ubte Mainstream auf dem Weg zur moralisch unerreichten Spitze nicht bemerkt, dass mit der Verbrennung der Israel-Flagge letztlich auch unsere Werte,unsere Freiheit gemeint ist.<br \/>\n\u201cDass das \u201eantifaschistische Volk\u201c &#8230; zunehmend \u00fcber seine eigene Doppelmoral stolpert\u201d, ist wirklich gut ausgedr\u00fcckt. Der gemeine Gutmensch ist jetzt zun\u00e4chst \u00fcberfordert. Er\/sie\/es gr\u00fcbelt nun: wer sind denn nun die B\u00f6sen? Die Rechten sind b\u00f6se, aber die Rechten sind gegen Islam, also m\u00fcssen Muslime die Guten sein. Nazis haben Juden vergast, also sind Nazis b\u00f6se und Juden gut. Muslime sind gegen Juden, also sind Gute gegen Gute. Was nun? Jetzt raucht der Kopf. Aber scheinbare Widerspr\u00fcche oder widerstreitende Gef\u00fchle sind ja oft zumindest potentiell ein Anlass, etwas f\u00fcr viele ganz Ungewohntes zu tun, n\u00e4mlich den Grips einzuschalten. Nat\u00fcrlich h\u00e4tte man das schon vor Jahrzehnten tun k\u00f6nnen, denn der muslimische Judenhass ist ja nichts Neues. Repr\u00e4sentative statistische Untersuchungen zu der bei muslimischen Zuwanderern verbreiteten Judenfeindlichkeit und Gewaltbereitschaft und anderen antidemokratischen Einstellungen gibt es seit Jahrzehnten. Aber wenn ungewohnte Informationen nun schneller eintreffen als man die eigenen Scheuklappen neu justieren kann, oder wom\u00f6glich gar kein Scheuklappen-Modell mehr gro\u00df genug ist, um die Sicht auf das Unvermeidliche zu versperren, dann ist wirklich eigenes Denken gefragt. Insofern gibt es Grund zur Hoffnung. Die Entscheidung von Trump selbst m\u00f6chte ich hier nicht bewerten, aber zumindest hat sie ihr Gutes, wenn ihre Folgen pl\u00f6tzlich bestimmte Leute zum Denken anregen, die das bisher vermieden haben.<br \/>\n16.12.2017, Mike Loewe, AO<br \/>\n.<br \/>\n<strong>Zum importierten Neo-Antisemitismus schweigt Merkel<\/strong><br \/>\nSehr geehrte Frau Schunke ! Vielen Dank f\u00fcr diesen hervorragenden Artikel. Es ist ersch\u00fctternd zu sehen, wie Frau Merkel, die als deutsche Bundeskanzlerin die Sicherheit Israels zur deutschen Staatsr\u00e4son erkl\u00e4rt hat, die antisemitischen Umtriebe der islamischen \u201ccommunity\u201d beschweigt und sie auch noch von ihrem Regierungssprecher klein reden l\u00e4sst. Die deutschen Nachkriegsgenerationen der Normalb\u00fcrger haben ihre Lektion aus dem Holocaust gelernt. Der wie Gewitterwolken aufziehende Neo-Antisemitismus ist ganz klar importiert und er ach so friedlichen Religion des Islam zuzuschreiben. Hier m\u00fcssten unsere \u201cBeschwichtigungs-Politiker\u201d ansetzen. Darauf werden wir aber vergebens warten.<br \/>\n16.12.2017, Hans-Peter Kimmerle, AO<\/p>\n","protected":false},"excerpt":{"rendered":"<p>&#8222;Die Jerusalemfrage ist nicht nur f\u00fcr meine Familie, sondern f\u00fcr viele Menschen eine hochemotionale. Doch ich finde es besch\u00e4mend, wenn auf Berliner Stra\u00dfen antisemitische Parolen kandiert und Davidsterne verbrannt werden &#8230; Genauso wie Muslime als Minderheit erwarten, dass andere ich &hellip; <a href=\"https:\/\/www.freiburg-schwarzwald.de\/blog\/jerusalem-brandenburger-tor\/\">Weiterlesen <span class=\"meta-nav\">&rarr;<\/span><\/a><\/p>\n","protected":false},"author":2,"featured_media":0,"comment_status":"open","ping_status":"closed","sticky":false,"template":"","format":"standard","meta":{"footnotes":""},"categories":[18,36,210,14,155,60,80,157,19,172],"tags":[],"class_list":["post-65942","post","type-post","status-publish","format-standard","hentry","category-bildung","category-engagement","category-gewalt","category-global","category-integration","category-jugend","category-medien","category-oeffentlicher-raum","category-religion","category-zukunft"],"_links":{"self":[{"href":"https:\/\/www.freiburg-schwarzwald.de\/blog\/wp-json\/wp\/v2\/posts\/65942","targetHints":{"allow":["GET"]}}],"collection":[{"href":"https:\/\/www.freiburg-schwarzwald.de\/blog\/wp-json\/wp\/v2\/posts"}],"about":[{"href":"https:\/\/www.freiburg-schwarzwald.de\/blog\/wp-json\/wp\/v2\/types\/post"}],"author":[{"embeddable":true,"href":"https:\/\/www.freiburg-schwarzwald.de\/blog\/wp-json\/wp\/v2\/users\/2"}],"replies":[{"embeddable":true,"href":"https:\/\/www.freiburg-schwarzwald.de\/blog\/wp-json\/wp\/v2\/comments?post=65942"}],"version-history":[{"count":0,"href":"https:\/\/www.freiburg-schwarzwald.de\/blog\/wp-json\/wp\/v2\/posts\/65942\/revisions"}],"wp:attachment":[{"href":"https:\/\/www.freiburg-schwarzwald.de\/blog\/wp-json\/wp\/v2\/media?parent=65942"}],"wp:term":[{"taxonomy":"category","embeddable":true,"href":"https:\/\/www.freiburg-schwarzwald.de\/blog\/wp-json\/wp\/v2\/categories?post=65942"},{"taxonomy":"post_tag","embeddable":true,"href":"https:\/\/www.freiburg-schwarzwald.de\/blog\/wp-json\/wp\/v2\/tags?post=65942"}],"curies":[{"name":"wp","href":"https:\/\/api.w.org\/{rel}","templated":true}]}}