{"id":65839,"date":"2017-12-05T17:15:23","date_gmt":"2017-12-05T16:15:23","guid":{"rendered":"https:\/\/www.freiburg-schwarzwald.de\/blog\/?p=65839"},"modified":"2017-12-05T18:27:18","modified_gmt":"2017-12-05T17:27:18","slug":"touristische-asylsuchende","status":"publish","type":"post","link":"https:\/\/www.freiburg-schwarzwald.de\/blog\/touristische-asylsuchende\/","title":{"rendered":"Touristische Asylsuchende"},"content":{"rendered":"<p>Sie (die <a title=\"Willkommenskultur\" href=\"https:\/\/www.freiburg-schwarzwald.de\/blog\/global\/integration\/willkommenskultur\/\">Willkommenskultur<\/a>) hat sich <a title=\"Wir-schaffen-das\" href=\"https:\/\/www.freiburg-schwarzwald.de\/blog\/global\/migration\/wir-schaffen-das\/\">gewandelt<\/a> in eine <a title=\"Die Last der jungen Generation\" href=\"https:\/\/www.freiburg-schwarzwald.de\/blog\/die-last-der-jungen-generation\/\">Angstkultur<\/a>, auch durch bekannte <a title=\"Migration-Maenner\" href=\"https:\/\/www.freiburg-schwarzwald.de\/blog\/global\/migration\/migration-maenner\/\">Vorf\u00e4lle<\/a>. Ich sage auch <a title=\"Diskussionskultur\" href=\"https:\/\/www.freiburg-schwarzwald.de\/blog\/kultur\/medien\/diskussionskultur\/\">offen<\/a>: Es gibt &#8222;<a title=\"Armutszuwanderung\" href=\"https:\/\/www.freiburg-schwarzwald.de\/blog\/global\/integration\/armutszuwanderung\/\">touristische<\/a>&#8220; <a title=\"Asyl\" href=\"https:\/\/www.freiburg-schwarzwald.de\/blog\/global\/integration\/asyl\/\">Asylsuchende<\/a>, die haben hier nichts zu suchen. <a title=\"UMA\" href=\"https:\/\/www.freiburg-schwarzwald.de\/blog\/global\/integration\/uma\/\">Jugendliche<\/a>, die sich sagen, wir versuchen das <a title=\"Migration-Paradoxon\" href=\"https:\/\/www.freiburg-schwarzwald.de\/blog\/global\/migration\/migration-paradoxon\/\">einfach <\/a>mal und ziehen durch ganz <a title=\"EU-Migration\" href=\"https:\/\/www.freiburg-schwarzwald.de\/blog\/global\/eu\/eu-migration\/\">Europa<\/a>. Das hat nichts mit unserem Verst\u00e4ndnis von <a title=\"Migration \u2013 Fehlallokation Mrd\" href=\"https:\/\/www.freiburg-schwarzwald.de\/blog\/migration-fehlallokation-mrd\/\">Fluchtgr\u00fcnden<\/a> zu tun und schadet denjenigen, die das Recht haben hier zu bleiben, <!--more-->und um die wir uns wirklich k\u00fcmmern sollten. &#8230;<br \/>\nAlles zum &#8222;Interview mit dem <a title=\"Psyche\" href=\"https:\/\/www.freiburg-schwarzwald.de\/blog\/selbsthilfe\/psyche\/\">Psychologen<\/a> Jan Kizilhan \u00fcber den Unterschied zwischen Kriegsfl\u00fcchtlingen, die Therapie brauchen, und &#8222;touristischen&#8220; Fl\u00fcchtlingen&#8220; vom 5.12.2017 bitte lesen auf<br \/>\n<a href=\"https:\/\/www.badische-zeitung.de\/suedwest-1\/wir-sollten-uns-die-fluechtlinge-nicht-wegwuenschen--146139994.html\">https:\/\/www.badische-zeitung.de\/suedwest-1\/wir-sollten-uns-die-fluechtlinge-nicht-wegwuenschen&#8211;146139994.html<\/a><br \/>\n.<br \/>\n<em>Jan Kizilhan (51) lehrt an der Dualen Hochschule in Villingen-Schwenningen Psychiatrie. Der Kurde lebt seit der Kindheit in Deutschland und ist deutscher Staatsb\u00fcrger. Kizilhan betreut das Sonderkontingent der 1000 <a title=\"Integration-Islam\" href=\"https:\/\/www.freiburg-schwarzwald.de\/blog\/global\/integration\/integration-islam\/\">Jesidinnen<\/a> aus dem IS-Gebiet, die in Baden-W\u00fcrttemberg Zuflucht bekommen haben.<\/em><br \/>\n<em>Tipp: Wie k\u00f6nnen wir gefl\u00fcchteten Menschen besser helfen? Ein Abend mit Prof. Jan Kizilhan, Prof. Joachim Bauer, Hiltrud und Bernd Hainm\u00fcller. 6. Dezember 2017, 18 Uhr, E-Werk Freiburg.<br \/>\nInfos: <a href=\"https:\/\/www.ewerk-freiburg.de\">https:\/\/www.ewerk-freiburg.de<\/a><\/em><br \/>\n.<br \/>\n<strong>Badenweiler &#8211; Offener Brief<\/strong><br \/>\nOffener Brief von Badenweilers B\u00fcrgermeister Karl-Eugen Engler an Landesinnenminister Strobl &#8230;<br \/>\n&#8222;Es gibt Personen, die uns \u00fcberfordern&#8220;, stellte Engler fest. &#8222;Oftmals ist der kriminelle Hintergrund dieser Personen den Beh\u00f6rden bekannt.&#8220; Daher habe er kein Verst\u00e4ndnis daf\u00fcr, dass diese Personen in die Anschlussunterbringung der Gemeinde zugewiesen w\u00fcrden. Selbst bei einer Messerstecherei habe die Polizei keinen Grund zum Eingreifen gesehen&#8230; Bilddokumentation: Dort sah man ein Zimmer mit Blutspuren infolge eines K\u00f6rperverletzungsdelikts und Zeugnisse des Vandalismus \u2013 vom herausgerissenen L\u00fcftungsgitter und einer eingetretenen T\u00fcr bis zum mutwillig besch\u00e4digten neuen Herd und einem aus der Verankerung gerissenen Heizk\u00f6rper&#8230;.<br \/>\nAlles vom 3.12.2017 bitte lesen auf<br \/>\n<a href=\"https:\/\/www.badische-zeitung.de\/einzelne-fluechtlinge-sorgen-in-badenweiler-fuer-aerger\">https:\/\/www.badische-zeitung.de\/einzelne-fluechtlinge-sorgen-in-badenweiler-fuer-aerger<\/a><\/p>\n<p><strong>Die Politik muss sich hier bewegen<\/strong><br \/>\nEin B\u00fcrgermeister hatte den Mut, endlich mal die Probleme der Gemeinde(n) anzusprechen. Und es ging um einige Fl\u00fcchtlinge, und nicht um alle\u2026 Nun sind wir bei 25 Kommentaren angelangt, gr\u00f6\u00dftenteils weg vom eigentlichen Thema. Und was bleibt nun davon h\u00e4ngen?<br \/>\nWarum immer diese Ausschweifungen, warum nicht nur mal das eigentliche Problem sehen. Fakt ist und bleibt auch weiterhin, unter den vielen Fl\u00fcchtlingen sind der gr\u00f6\u00dfte Teil anst\u00e4ndige Menschen, die unsere Hilfe zu sch\u00e4tzen wissen. Aber genau so muss endlich bei denen gehandelt werden, die halt nicht bereit sind, sich hier anzupassen. Und da interessiert vordergr\u00fcndig auch nicht zuerst die Religion, sondern dass diese Menschen einfach nicht wollen. Wer Hilfe braucht und Hilfe bekommt, ist zuerst einmal dankbar\u2026<br \/>\nFazit, die Politik und nur die Politik muss sich hier bewegen. Beh\u00f6rden und die Polizei k\u00f6nnen nur erfolgreich wirken, wenn sie dazu auch die entsprechenden Vorgaben bekommen und vor allem R\u00fcckhalt erfahren\u2026<br \/>\n4.12.2017, Wolfgang Stockbauer, BZO<\/p>\n<p><strong>Offene Briefe<\/strong><br \/>\nOffene Briefe schreibt, wer nicht mehr weiter wei\u00df. Immer mehr B\u00fcrgermeister &#8211; j\u00fcngst auch <a title=\"Kontrollverlust\" href=\"https:\/\/www.freiburg-schwarzwald.de\/blog\/engagement\/zukunft\/demokratie\/kontrollverlust\/\">Mannheims OB Kurz<\/a> &#8211; und sogar der Pr\u00e4sident des Deutschen St\u00e4dtetags wenden sich in Offenen Briefen an Regierung und Beh\u00f6rden, da sie sich mit der Migration \u00fcberfordert sehen. da <a title=\"Kontrollverlust\" href=\"https:\/\/www.freiburg-schwarzwald.de\/blog\/engagement\/zukunft\/demokratie\/kontrollverlust\/\">Kontrollverlust<\/a> droht.<br \/>\nOffene Briefe mu\u00df man ernst nehmen.<br \/>\nWenn &#8211; wie im Fall von Badenweilers B\u00fcrgermeister &#8211; offene Briefe \u00fcber vier Wochen unbeantwortet bleiben, dann mu\u00df man auch dies ernst nehmen.<br \/>\n5.12.2017<\/p>\n","protected":false},"excerpt":{"rendered":"<p>Sie (die Willkommenskultur) hat sich gewandelt in eine Angstkultur, auch durch bekannte Vorf\u00e4lle. Ich sage auch offen: Es gibt &#8222;touristische&#8220; Asylsuchende, die haben hier nichts zu suchen. Jugendliche, die sich sagen, wir versuchen das einfach mal und ziehen durch ganz &hellip; <a href=\"https:\/\/www.freiburg-schwarzwald.de\/blog\/touristische-asylsuchende\/\">Weiterlesen <span class=\"meta-nav\">&rarr;<\/span><\/a><\/p>\n","protected":false},"author":2,"featured_media":0,"comment_status":"open","ping_status":"closed","sticky":false,"template":"","format":"standard","meta":{"footnotes":""},"categories":[155,60,63,80,157,7],"tags":[622,399,657],"class_list":["post-65839","post","type-post","status-publish","format-standard","hentry","category-integration","category-jugend","category-krise","category-medien","category-oeffentlicher-raum","category-tourismus","tag-migration","tag-psychology","tag-uma"],"_links":{"self":[{"href":"https:\/\/www.freiburg-schwarzwald.de\/blog\/wp-json\/wp\/v2\/posts\/65839","targetHints":{"allow":["GET"]}}],"collection":[{"href":"https:\/\/www.freiburg-schwarzwald.de\/blog\/wp-json\/wp\/v2\/posts"}],"about":[{"href":"https:\/\/www.freiburg-schwarzwald.de\/blog\/wp-json\/wp\/v2\/types\/post"}],"author":[{"embeddable":true,"href":"https:\/\/www.freiburg-schwarzwald.de\/blog\/wp-json\/wp\/v2\/users\/2"}],"replies":[{"embeddable":true,"href":"https:\/\/www.freiburg-schwarzwald.de\/blog\/wp-json\/wp\/v2\/comments?post=65839"}],"version-history":[{"count":0,"href":"https:\/\/www.freiburg-schwarzwald.de\/blog\/wp-json\/wp\/v2\/posts\/65839\/revisions"}],"wp:attachment":[{"href":"https:\/\/www.freiburg-schwarzwald.de\/blog\/wp-json\/wp\/v2\/media?parent=65839"}],"wp:term":[{"taxonomy":"category","embeddable":true,"href":"https:\/\/www.freiburg-schwarzwald.de\/blog\/wp-json\/wp\/v2\/categories?post=65839"},{"taxonomy":"post_tag","embeddable":true,"href":"https:\/\/www.freiburg-schwarzwald.de\/blog\/wp-json\/wp\/v2\/tags?post=65839"}],"curies":[{"name":"wp","href":"https:\/\/api.w.org\/{rel}","templated":true}]}}