{"id":65745,"date":"2017-11-26T12:44:05","date_gmt":"2017-11-26T11:44:05","guid":{"rendered":"https:\/\/www.freiburg-schwarzwald.de\/blog\/?p=65745"},"modified":"2017-11-26T12:44:05","modified_gmt":"2017-11-26T11:44:05","slug":"obergrenze-null-hilfe-fuer-alle","status":"publish","type":"post","link":"https:\/\/www.freiburg-schwarzwald.de\/blog\/obergrenze-null-hilfe-fuer-alle\/","title":{"rendered":"Obergrenze null &#8211; Hilfe fuer alle"},"content":{"rendered":"<p>Dass uns der gr\u00f6\u00dfte Teil der (zur <a title=\"Migration-Maenner\" href=\"https:\/\/www.freiburg-schwarzwald.de\/blog\/global\/migration\/migration-maenner\/\">Migration<\/a>) verf\u00fcgbaren Mittel in Zukunft fehlen wird, weil wir ihn in grotesker <a title=\"Versorgungsmigration\" href=\"https:\/\/www.freiburg-schwarzwald.de\/blog\/global\/migration\/versorgungsmigration\/\">Asymetrie<\/a> einer winzigen Minderheit zuwenden, um die Not der riesigen <a title=\"Migration-Zahlen\" href=\"https:\/\/www.freiburg-schwarzwald.de\/blog\/global\/migration\/migration-zahlen\/\">Mehrheit<\/a> weiterhin mit den <a title=\"Entwicklungshilfe\" href=\"https:\/\/www.freiburg-schwarzwald.de\/blog\/global\/entwicklungshilfe\/\">g\u00e4ngigen Almosen<\/a> abzuspeisen, dispensiert uns nicht. Im Gegenteil, es markiert den <a title=\"Familiennachzug\" href=\"https:\/\/www.freiburg-schwarzwald.de\/blog\/global\/migration\/familiennachzug\/\">Irrweg einer Politik<\/a>, die, anders als der Teufel im \u201cFaust\u201d, das <a title=\"Gutmenschen\" href=\"https:\/\/www.freiburg-schwarzwald.de\/blog\/engagement\/gutmenschen\/\">Gute<\/a> will und doch das <a title=\"Ueberfremdung\" href=\"https:\/\/www.freiburg-schwarzwald.de\/blog\/global\/integration\/ueberfremdung\/\">B\u00f6se<\/a> schafft. <!--more-->Wohl erscheint die Hilfe f\u00fcr jeden einzelnen <a title=\"Armutszuwanderung\" href=\"https:\/\/www.freiburg-schwarzwald.de\/blog\/global\/integration\/armutszuwanderung\/\">Armutsmigranten<\/a>, l\u00f6st man sie aus ihrem Zusammenhang, zun\u00e4chst moralisch verdienstlich. Aber diese Abstraktion ist falsch.<br \/>\n<em>Man stelle sich einen wohlhabenden Gutsbesitzer vor,<br \/>\num dessen Anwesen sich tausend Hilfsbed\u00fcrftige dr\u00e4ngen:<br \/>\nZehn von ihnen, die es \u00fcber die Mauer und bis an die Haust\u00fcre geschafft haben,<br \/>\ngew\u00e4hrt er Einlass, dauerhafte Wohnung und Unterhalt.<br \/>\nDas ersch\u00f6pft seine Mittel bis ans Limit. Verteilte er sie an alle tausend,<br \/>\nw\u00e4re allen geholfen. So aber verbleibt ihm f\u00fcr die 990 drau\u00dfen Gebliebenen<br \/>\nbeim besten Willen kaum noch etwas. Ihrer Not bietet es<br \/>\nnicht mehr als einen Tropfen auf den hei\u00dfen Stein.<\/em><br \/>\nSo ungef\u00e4hr das Sinnbild f\u00fcr die Moralit\u00e4t der deutschen Fl\u00fcchtlingspolitik.\u00a0Wirkliche &#8222;Bek\u00e4mpfung der Fl\u00fcchtlingsursachen&#8220;, \u00fcberall versprochen und nirgends mit fassbarem Sinn unterlegt, hie\u00dfe: <strong>die &#8222;<a title=\"Obergrenze\" href=\"https:\/\/www.freiburg-schwarzwald.de\/blog\/global\/integration\/obergrenze\/\">Obergrenze<\/a>&#8220; f\u00fcr Armutsmigranten auf null zu senken<\/strong> und die Hunderte von Milliarden, die dadurch eingespart w\u00fcrden, ohne Abstriche an die wirkliche Behebung des Elends der Welt zu wenden.<br \/>\n&#8230; Alles zu &#8222;Wir k\u00f6nnen allen helfen &#8211; Wie man das Gute will, aber das B\u00f6se schafft: Die deutsche Fl\u00fcchtlingspolitik ist ein moralisches Desaster&#8220; von Prof. Reinhard Merkel vom 22.11.2017 bitte lesen in der FAZ, Seite 9 oder auf<br \/>\n<a href=\"https:\/\/plus.faz.net\/feuilleton\/2017-11-22\/wir-koennen-allen-helfen\/82425.html\">https:\/\/plus.faz.net\/feuilleton\/2017-11-22\/wir-koennen-allen-helfen\/82425.html<\/a><\/p>\n<p><em>Prof. Reinhard Merkel ist emeritierter Professor f\u00fcr Strafrecht und Rechtsphilosophie<\/em><br \/>\n<em>an der Universit\u00e4t Hamburg. Olympiateilnehmer 1968 Mexico im Schwimmen. Mitglied im Deutschen Ethikrat.<br \/>\n.<\/em><\/p>\n<p><strong>Asymetrie der Fl\u00fcchtlingshilfe<\/strong><br \/>\nMerkel spricht von einer \u201egrotesken Asymmetrie\u201c und dem \u201eIrrweg einer Politik, die (&#8230;) das Gute will und doch das B\u00f6se schafft.\u201c Da hat Herr Merkel einfach nur recht. Skepsis ist bei der Integrationsf\u00e4higkeit muslimischer Fl\u00fcchtlinge durchaus angebracht. Da ist das Geld f\u00fcr die Entwicklung der Herkunftsl\u00e4nder weit besser angelegt. Sch\u00f6n, dass sich solche Kommentare h\u00e4ufen und allm\u00e4hlich ein Umdenkungsprozess einsetzt.<br \/>\nDer Prof Merkel hat so Recht! Gl\u00fccklicherweise ist er auch schon emeritiert. Ansonsten w\u00fcrde er sicher an der Uni von diesen hasserf\u00fcllten Antifa-Faschisten verfolgt werden.<br \/>\nEin wirklich bemerkenswertes Zeichen ist, dass die FAZ das ver\u00f6ffentlicht hat.<br \/>\n25.11.2017, Dr. Alexander R. WO<\/p>\n<p><strong>Fl\u00fcchtlingspolitik als Irrweg<\/strong><br \/>\nDies ist nicht wrklich \u00fcberraschend. man konnte die Folgen in Schweden und Frankreich sehen.<br \/>\n59 % der gesamten schwedischen Sozialleistungen gehen an Migranten der 1. und 2. Generation!<br \/>\n25.11.2017, Michel S. WO<br \/>\n.<\/p>\n<p><strong>Migrationskritik 2016 als Nazi abgetan, heute OK<\/strong><br \/>\nF\u00fcr diese realistische Einsch\u00e4tzung von Herrn Prof. Merkel wurden viele Menschen in den letzten 2 Jahren als ausl\u00e4nderfeindlich und rechtspopulistisch denunziert. Sind das nicht auch Forderungen, die die AfD formuliert hatte. Es wird Zeit, dass wieder konstruktive und ideologiefreie Politik in Deutschland gemacht wird. &#8230;<br \/>\nJetzt wo Frau Merkel die &#8222;Macht&#8220; zu verlieren droht, kommen die ersten Kritiker. Wo waren sie alle 2015 und 2016. W\u00e4re Jamaika zustande gekommen, w\u00fcrden alle in der schon gewohnten Manier buckeln. Man mag sich gar nicht vorstellen m\u00f6gen was passiert w\u00e4re ohne der AfD. Eine Horrorvision.<br \/>\n25.11.2017, Sven K, SO<\/p>\n<p><strong>Von 300 Milliarden kann man in Afrika<\/strong><br \/>\nmehrere hundert Millionen Menschen \u00fcber 10 Jahre komplett ern\u00e4hren, Schule und Ausbildung finanzieren, medizinische Versorgung sicherstellen, Wohnung sowieso. Wir brauchen ein Einwanderungsgesetz das Menschen zu uns bringt, die qualifiziert sind und vor allem die unsere freiheitlichen Werte teilen.<br \/>\n25.11.2017, Just Mr, WO<br \/>\n.<\/p>\n<p><strong>Warum ignorieren wir die Sozialisation der Migranten?<\/strong><br \/>\nRecht hat er (Prof Merkel)! Und wer allen Ernstes meint, mit der Aufnahme von Millionen \u00fcberwiegend perspektiveloser Menschen das Leid in der Welt zu lindern und den Menschen hier Gutes zu tun, macht es sich verdammt einfach. Die Ankommenden sind (\u00fcberwiegend) sozialisiert in einer Art und Weise, die zu einem regelrechten Schock f\u00fchren muss, wenn diese Menschen erleben, wie unsere Gesellschaft funktioniert.<br \/>\nWenn in ihrer Heimat noch vor wenigen Wochen Homosexuelle in ihrer Heimat gesteinigt wurden, sie nach ihrer Ankunft hier einen CSD-Umzug erleben, dann muss man nicht besonders sensibel sein, um sich vorzustellen, welcher Kulturschock daraus entstehen muss.<br \/>\n\u00c4hnliches g\u00e4lte im \u00fcbrigen auch im umgekehrten Fall! Warum sollen diese Menschen leichter \u00fcber ihren Schatten springen k\u00f6nnen als unsereiner? Die Milliarden nehmen, solide Hilfs- und Bildungsprogramme aufbauen, damit helfen wir den Menschen und den Herkunftsl\u00e4ndern am besten.<br \/>\n25.11.2017, Klara Fall, WO<\/p>\n","protected":false},"excerpt":{"rendered":"<p>Dass uns der gr\u00f6\u00dfte Teil der (zur Migration) verf\u00fcgbaren Mittel in Zukunft fehlen wird, weil wir ihn in grotesker Asymetrie einer winzigen Minderheit zuwenden, um die Not der riesigen Mehrheit weiterhin mit den g\u00e4ngigen Almosen abzuspeisen, dispensiert uns nicht. Im &hellip; <a href=\"https:\/\/www.freiburg-schwarzwald.de\/blog\/obergrenze-null-hilfe-fuer-alle\/\">Weiterlesen <span class=\"meta-nav\">&rarr;<\/span><\/a><\/p>\n","protected":false},"author":2,"featured_media":0,"comment_status":"open","ping_status":"closed","sticky":false,"template":"","format":"standard","meta":{"footnotes":""},"categories":[18,36,14,60,13,356,172],"tags":[602,27,485,525,388],"class_list":["post-65745","post","type-post","status-publish","format-standard","hentry","category-bildung","category-engagement","category-global","category-jugend","category-kultur","category-partnerschaft","category-zukunft","tag-afrika","tag-ausland","tag-refugee","tag-politik","tag-social"],"_links":{"self":[{"href":"https:\/\/www.freiburg-schwarzwald.de\/blog\/wp-json\/wp\/v2\/posts\/65745","targetHints":{"allow":["GET"]}}],"collection":[{"href":"https:\/\/www.freiburg-schwarzwald.de\/blog\/wp-json\/wp\/v2\/posts"}],"about":[{"href":"https:\/\/www.freiburg-schwarzwald.de\/blog\/wp-json\/wp\/v2\/types\/post"}],"author":[{"embeddable":true,"href":"https:\/\/www.freiburg-schwarzwald.de\/blog\/wp-json\/wp\/v2\/users\/2"}],"replies":[{"embeddable":true,"href":"https:\/\/www.freiburg-schwarzwald.de\/blog\/wp-json\/wp\/v2\/comments?post=65745"}],"version-history":[{"count":0,"href":"https:\/\/www.freiburg-schwarzwald.de\/blog\/wp-json\/wp\/v2\/posts\/65745\/revisions"}],"wp:attachment":[{"href":"https:\/\/www.freiburg-schwarzwald.de\/blog\/wp-json\/wp\/v2\/media?parent=65745"}],"wp:term":[{"taxonomy":"category","embeddable":true,"href":"https:\/\/www.freiburg-schwarzwald.de\/blog\/wp-json\/wp\/v2\/categories?post=65745"},{"taxonomy":"post_tag","embeddable":true,"href":"https:\/\/www.freiburg-schwarzwald.de\/blog\/wp-json\/wp\/v2\/tags?post=65745"}],"curies":[{"name":"wp","href":"https:\/\/api.w.org\/{rel}","templated":true}]}}