{"id":65676,"date":"2017-11-11T11:23:32","date_gmt":"2017-11-11T10:23:32","guid":{"rendered":"https:\/\/www.freiburg-schwarzwald.de\/blog\/?p=65676"},"modified":"2017-11-13T09:22:48","modified_gmt":"2017-11-13T08:22:48","slug":"migration-versagen-der-medien","status":"publish","type":"post","link":"https:\/\/www.freiburg-schwarzwald.de\/blog\/migration-versagen-der-medien\/","title":{"rendered":"Migration: Versagen der Medien"},"content":{"rendered":"<p>Eine\u00a0Studie zur <a title=\"Willkommenskultur\" href=\"https:\/\/www.freiburg-schwarzwald.de\/blog\/global\/integration\/willkommenskultur\/\">Massen\u00edmmigration<\/a> nach <a title=\"Budapest-Dublin2015\" href=\"https:\/\/www.freiburg-schwarzwald.de\/blog\/global\/eu\/budapest-dublin2015\/\">Budapest 9\/2017<\/a>\u00a0von Prof Haller zeigt auf, dass die meinungsf\u00fchrenden <a title=\"Zeitung\" href=\"https:\/\/www.freiburg-schwarzwald.de\/blog\/kultur\/medien\/zeitung\/\">Tageszeitungen<\/a> <a title=\"Links\" href=\"https:\/\/www.freiburg-schwarzwald.de\/blog\/engagement\/zukunft\/demokratie\/links\/\">S\u00fcddeutsche<\/a>, FAZ, <a title=\"Rechts\" href=\"https:\/\/www.freiburg-schwarzwald.de\/blog\/engagement\/zukunft\/demokratie\/rechts\/\">Welt<\/a> und Bild a) einseitig <a title=\"Merkelismus\" href=\"https:\/\/www.freiburg-schwarzwald.de\/blog\/engagement\/zukunft\/demokratie\/merkelismus\/\">f\u00fcr Merkel<\/a> berichtet haben mit einer &#8222;Diktion, die <a title=\"Korruption\" href=\"https:\/\/www.freiburg-schwarzwald.de\/blog\/engagement\/zukunft\/korruption\/\">pers\u00f6nliche N\u00e4he<\/a>, auch <a title=\"Gesinnungsethik\" href=\"https:\/\/www.freiburg-schwarzwald.de\/blog\/engagement\/zukunft\/demokratie\/gesinnungsethik\/\">Vertrautheit<\/a> zur politischen Elite suggeriert&#8220; und b) die H\u00e4lfte der Beitr\u00e4ge gegen die Regel der <a title=\"Meinungsfreiheit\" href=\"https:\/\/www.freiburg-schwarzwald.de\/blog\/kultur\/medien\/meinungsfreiheit\/\">Trennung von Fakten und Kommentar<\/a> versto\u00dfen hat.<br \/>\n<!--more-->Ein <a title=\"Luegenpresse\" href=\"https:\/\/www.freiburg-schwarzwald.de\/blog\/kultur\/medien\/luegenpresse\/\">beklemmendes Urteil<\/a> f\u00fcr die deutschen <a title=\"Medien\" href=\"https:\/\/www.freiburg-schwarzwald.de\/blog\/kultur\/medien\/\">Medien<\/a>: a) Regierungs-Gef\u00e4lligkeitsschreibe statt &#8218;Kontrolle durch Vierte Gewalt&#8216; sowie b) Mi\u00dfachtung des Qualit\u00e4tskriteriums des Informationsjournalismus zwecks <a title=\"Nudging\" href=\"https:\/\/www.freiburg-schwarzwald.de\/blog\/engagement\/zukunft\/demokratie\/nudging\/\">Nudging<\/a>.<br \/>\nDa kamen mindestens 1,7 Millionen Menschen illegal ins Land und die <a title=\"Mainstream\" href=\"https:\/\/www.freiburg-schwarzwald.de\/blog\/kultur\/medien\/mainstream\/\">Mainstream-Presse<\/a>\u00a0verk\u00fcndete\u00a0unisono <a title=\"Wir-schaffen-das\" href=\"https:\/\/www.freiburg-schwarzwald.de\/blog\/global\/migration\/wir-schaffen-das\/\">&#8222;Wir schaffen das&#8220;<\/a>, <a title=\"Integrieren\" href=\"https:\/\/www.freiburg-schwarzwald.de\/blog\/global\/integration\/integrieren\/\">Integration<\/a> easy, <a title=\"Facharbeiter\" href=\"https:\/\/www.freiburg-schwarzwald.de\/blog\/bildung\/duale-bildung\/facharbeiter\/\">Facharbeitermangel<\/a> gerettet und <a title=\"Asyl\" href=\"https:\/\/www.freiburg-schwarzwald.de\/blog\/global\/integration\/asyl\/\">Asyl f\u00fcr Alle<\/a>\u00a0m\u00f6glich. <a title=\"Nudging\" href=\"https:\/\/www.freiburg-schwarzwald.de\/blog\/engagement\/zukunft\/demokratie\/nudging\/\">Alternativlosigkeit<\/a> wird medial verordnet &#8211;\u00a0<a title=\"Diskussionskultur\" href=\"https:\/\/www.freiburg-schwarzwald.de\/blog\/kultur\/medien\/diskussionskultur\/\">Diskussionskultur<\/a>\u00a0wird medial begraben.<\/p>\n<p>Haller fordert eine <a title=\"Diskussionskultur\" href=\"https:\/\/www.freiburg-schwarzwald.de\/blog\/kultur\/medien\/diskussionskultur\/\">Diskussionskultur<\/a> in den Medien, die gegen die Lagerbildung Rechts-Links angeht: &#8222;Der Informationsjournalismus m\u00fc\u00dfte seine Aufgaben in der digitalen Informationsgesellschaft neu fassen. Wir sehen doch die Tendenz zur Abschottung: Linke und Rechte, Europ\u00e4er und Nationalisten grenzen sich ab. Jeder pflegt nur den Austausch mit Gleichgesinnten, jeder lebt in seiner Echokammer \u2013 auch die Macher der Leitmedien. Das ist ein fataler Trend, weil er den \u00f6ffentlichen Diskurs abblockt und die Frontenbildung st\u00e4rkt.<br \/>\n<strong>Der Journalismus sollte gegen diese Lagerbildung angehen. Er k\u00f6nnte dies, wenn er \u00fcber die verschiedenen Positionen zutreffend berichtet. Wenn er auch unliebsame Ansichten aufgreift und \u00f6ffentlich diskutiert.<\/strong><br \/>\nDas Wichtigste aber ist, da\u00df er aus dem Zirkel der Machteliten aussteigt und \u201eden Kopf frei bekommt\u201c f\u00fcr die wirklich wichtigen Themen der Menschen. Er sollte einen radikalen Perspektivenwechsel vornehmen und aus der Sicht jener recherchieren, f\u00fcr die er da ist. Das sind die B\u00fcrgerinnen und B\u00fcrger, die Betroffenen und oft auch die Ohnm\u00e4chtigen.&#8220;<br \/>\n11.11.2017<\/p>\n<p><em>Prof Dr. Michael Haller: &#8222;Die Fl\u00fcchtlingskrise in den Medien &#8211; <\/em><br \/>\n<em>Tagesaktueller Journalismus zwischen Meinung und Information&#8220;<\/em><br \/>\n<a href=\"https:\/\/www.otto-brenner-stiftung.de\/otto-brenner-stiftung\/aktuelles\/die-fluchtlingskrise-in-den-medien.html\">https:\/\/www.otto-brenner-stiftung.de\/otto-brenner-stiftung\/aktuelles\/die-fluchtlingskrise-in-den-medien.html<\/a><\/p>\n<p>.<br \/>\n<strong>Fl\u00fcchtlingskrise: Die Medien als Abnicker der Regierungspolitik<\/strong><br \/>\n\u201eKaum ein Kommentar w\u00e4hrend der Hochphase (der Masseneinwanderung August und September 2015) versuchte eine Differenzierung zwischen Rechtsradikalen, politisch Verunsicherten und besorgten, sich ausgegrenzt f\u00fchlenden B\u00fcrgern. So dienten sie grosso modo nicht dem Ziel, verschiedene Grundhaltungen zu er\u00f6rtern, sondern dem, der eigenen \u00dcberzeugung oder der regierungspolitischen Sicht Nachdruck zu verleihen.\u201c<br \/>\nProf. M. Haller<\/p>\n","protected":false},"excerpt":{"rendered":"<p>Eine\u00a0Studie zur Massen\u00edmmigration nach Budapest 9\/2017\u00a0von Prof Haller zeigt auf, dass die meinungsf\u00fchrenden Tageszeitungen S\u00fcddeutsche, FAZ, Welt und Bild a) einseitig f\u00fcr Merkel berichtet haben mit einer &#8222;Diktion, die pers\u00f6nliche N\u00e4he, auch Vertrautheit zur politischen Elite suggeriert&#8220; und b) die &hellip; <a href=\"https:\/\/www.freiburg-schwarzwald.de\/blog\/migration-versagen-der-medien\/\">Weiterlesen <span class=\"meta-nav\">&rarr;<\/span><\/a><\/p>\n","protected":false},"author":2,"featured_media":0,"comment_status":"open","ping_status":"closed","sticky":false,"template":"","format":"standard","meta":{"footnotes":""},"categories":[99,155,80,171,172],"tags":[633,431,626,525,438],"class_list":["post-65676","post","type-post","status-publish","format-standard","hentry","category-buchhandel","category-integration","category-medien","category-verbraucher","category-zukunft","tag-demokratie","tag-gerecht","tag-partei","tag-politik","tag-zeitung"],"_links":{"self":[{"href":"https:\/\/www.freiburg-schwarzwald.de\/blog\/wp-json\/wp\/v2\/posts\/65676","targetHints":{"allow":["GET"]}}],"collection":[{"href":"https:\/\/www.freiburg-schwarzwald.de\/blog\/wp-json\/wp\/v2\/posts"}],"about":[{"href":"https:\/\/www.freiburg-schwarzwald.de\/blog\/wp-json\/wp\/v2\/types\/post"}],"author":[{"embeddable":true,"href":"https:\/\/www.freiburg-schwarzwald.de\/blog\/wp-json\/wp\/v2\/users\/2"}],"replies":[{"embeddable":true,"href":"https:\/\/www.freiburg-schwarzwald.de\/blog\/wp-json\/wp\/v2\/comments?post=65676"}],"version-history":[{"count":0,"href":"https:\/\/www.freiburg-schwarzwald.de\/blog\/wp-json\/wp\/v2\/posts\/65676\/revisions"}],"wp:attachment":[{"href":"https:\/\/www.freiburg-schwarzwald.de\/blog\/wp-json\/wp\/v2\/media?parent=65676"}],"wp:term":[{"taxonomy":"category","embeddable":true,"href":"https:\/\/www.freiburg-schwarzwald.de\/blog\/wp-json\/wp\/v2\/categories?post=65676"},{"taxonomy":"post_tag","embeddable":true,"href":"https:\/\/www.freiburg-schwarzwald.de\/blog\/wp-json\/wp\/v2\/tags?post=65676"}],"curies":[{"name":"wp","href":"https:\/\/api.w.org\/{rel}","templated":true}]}}