{"id":65548,"date":"2017-10-03T15:36:51","date_gmt":"2017-10-03T13:36:51","guid":{"rendered":"https:\/\/www.freiburg-schwarzwald.de\/blog\/?p=65548"},"modified":"2017-10-23T16:02:14","modified_gmt":"2017-10-23T14:02:14","slug":"buergerasyl-recht-ametovic","status":"publish","type":"post","link":"https:\/\/www.freiburg-schwarzwald.de\/blog\/buergerasyl-recht-ametovic\/","title":{"rendered":"Buergerasyl &#8211; Recht &#8211; Ametovic"},"content":{"rendered":"<p>Das Gew\u00e4hren von <a title=\"Kirchenasyl contra Rechtsstaat\" href=\"https:\/\/www.freiburg-schwarzwald.de\/blog\/kirchenasyl-contra-rechtsstaat\/\">Kirchenasyl<\/a> bzw. <a title=\"Gleiches Recht fuer Alle \u2013 nicht\" href=\"https:\/\/www.freiburg-schwarzwald.de\/blog\/gleiches-recht-fuer-alle-nicht\/\">B\u00fcrgerasyl<\/a> zur Verhinderung von gerichtlich angeordneten <a title=\"Abschiebung\" href=\"https:\/\/www.freiburg-schwarzwald.de\/blog\/global\/integration\/abschiebung\/\">Abschiebungen<\/a>\u00a0von <a title=\"Fluechtlinge \u2013 Recht Demokratie\" href=\"https:\/\/www.freiburg-schwarzwald.de\/blog\/fluechtlinge-recht-demokratie\/\">Migranten<\/a> <a title=\"Ethik Migration Altruismus\" href=\"https:\/\/www.freiburg-schwarzwald.de\/blog\/ethik-migration-altruismus\/\">widerspricht<\/a> dem <a title=\"Rechtsstaat\" href=\"https:\/\/www.freiburg-schwarzwald.de\/blog\/selbsthilfe\/soziales\/justiz\/rechtsstaat\/\">Rechtsstaat<\/a>-Prinzip. Dies gilt auch f\u00fcr die <a title=\"Roma\" href=\"https:\/\/www.freiburg-schwarzwald.de\/blog\/global\/roma\/\">Roma<\/a>-Familie Ametovic, die zweimal\u00a0von Serbien nach\u00a0Freiburg\u00a0<a title=\"Roma-Familie \u2013 Abschiebung\" href=\"https:\/\/www.freiburg-schwarzwald.de\/blog\/roma-familie-abschiebung\/\">zugewandert<\/a> ist. <a title=\"Gesinnungsethik\" href=\"https:\/\/www.freiburg-schwarzwald.de\/blog\/engagement\/zukunft\/demokratie\/gesinnungsethik\/\">Gesinnungsethik<\/a>, christliche <a title=\"Ethik selbstloser Zudringlichkeit\" href=\"https:\/\/www.freiburg-schwarzwald.de\/blog\/ethik-selbstloser-zudringlichkeit\/\">Hilfsbereitschaft<\/a>, <a title=\"Humanismus\" href=\"https:\/\/www.freiburg-schwarzwald.de\/blog\/kultur\/aufklaerung\/humanismus\/\">Humanismus<\/a>, bzw.<a title=\"Schuldkomplex\" href=\"https:\/\/www.freiburg-schwarzwald.de\/blog\/global\/deutschland\/schuldkomplex\/\">Kriegsschuld-Komplex<\/a>, k\u00f6nnen keinen Grund zum Aushebeln des <a title=\"Asyl\" href=\"https:\/\/www.freiburg-schwarzwald.de\/blog\/global\/integration\/asyl\/\">Asylrechts<\/a> liefern.<!--more--><\/p>\n<p>&nbsp;<\/p>\n<p><strong>Roma-Familie Ametovic ohne Bleiberecht<\/strong><br \/>\nDie derzeit im &#8222;B\u00fcrgerasyl&#8220; in Freiburg lebende Roma-Familie Ametovic muss bis Ende November zur\u00fcck nach Serbien. Das entschied der Petitionsausschuss des Landtages am Donnerstag einstimmig. &#8230;. Alles vom 30.9.2017 bitte lesen auf<br \/>\n<a href=\"https:\/\/www.badische-zeitung.de\/suedwest-1\/roma-familie-ohne-bleiberecht--142660362.html\">https:\/\/www.badische-zeitung.de\/suedwest-1\/roma-familie-ohne-bleiberecht&#8211;142660362.html<\/a><\/p>\n<p><strong>Das sind unmenschliche Beschl\u00fcsse<\/strong><br \/>\nWas verstehen die Abgeordneten unter &#8222;humanit\u00e4ren Gr\u00fcnden&#8220;? Die alleinerziehende Mutter von sechs Kindern, die alle gesundheitlich angegriffen sind, k\u00f6rperlich geschw\u00e4cht und \u2013 man sieht es ihnen an \u2013 schwer traumatisiert sind, haben kein Bleiberecht in Deutschland. Begr\u00fcndet wird dies damit, es w\u00e4ren keine humanit\u00e4ren Gr\u00fcnde vorhanden? Das entscheiden Menschen, die im Wohlstand leben, sich keine Sorgen machen m\u00fcssen, ihr regelm\u00e4\u00dfiges Einkommen haben? Was ist das denn? Hier geht es um Menschen, die Hilfe brauchen, egal, aus welchem Land sie sind. Man sollte eine caritative Kommission einrichten, die die Beschl\u00fcsse der Abgeordneten \u00fcberpr\u00fcft und das Recht hat, solche unmenschlichen Beschl\u00fcsse zu verbieten. Meine Hochachtung f\u00fcr die hilfsbereiten Menschen, die der Familie Ametovic <a title=\"Kirchenasyl contra Rechtsstaat\" href=\"https:\/\/www.freiburg-schwarzwald.de\/blog\/kirchenasyl-contra-rechtsstaat\/\">B\u00fcrgerasyl<\/a> geben.<br \/>\n7.10.2017, Ursula Pforte, Kirchzarten<\/p>\n<p><strong>B\u00fcrgerasyl &#8211; ein Erpressungsversuch?<\/strong><br \/>\n<em>Zum Leserbrief &#8222;Das sind unmenschliche Beschl\u00fcsse &#8220; von Ursula Pforte, Kirchzarten, in der BZ vom 7.10.2017<\/em><\/p>\n<p>Wenn uns dies gelingen k\u00f6nnte: Die Transformation Deutschlands in die moralische Supermacht des Planeten, die alle Armutsfl\u00fcchtlinge und die M\u00fchseligen und Beladenen dieser Welt mit offenen Armen und gez\u00fcckten Brieftaschen empf\u00e4ngt.<br \/>\nEin Land, das die Renten erh\u00f6ht, die Lebensarbeitszeit verk\u00fcrzt und jedermann, sowohl den schon l\u00e4nger hier Lebenden als auch den unl\u00e4ngst Hinzugewanderten ein bedingungsloses Grundeinkommen gew\u00e4hrt.<br \/>\nEin Land, das dabei niemals vergi\u00dft, die Fluchtursachen zu bek\u00e4mpfen, indem es alle bildungs- und industriefernen Staaten flugs in bl\u00fchende Landschaften verwandelt.<br \/>\nSich aber auch nicht scheut, zuvor ebendort die Geburtenkontrolle nach chinesischem Vorbild durchzusetzen, um nicht alle Bem\u00fchungen erfolglos werden zulassen.<br \/>\nWenn uns dies alles gelingen k\u00f6nnte, w\u00e4re das die gr\u00f6\u00dfte deutsche Erfolgsgeschichte aller Zeiten. Wenn nur nicht Resteuropa einen Zaun um Deutschland zieht, um sich (wieder einmal mehr) vor dem <a title=\"Groessenwahn\" href=\"https:\/\/www.freiburg-schwarzwald.de\/blog\/engagement\/zukunft\/groessenwahn\/\">deutschen Gr\u00f6\u00dfenwahn<\/a> zu sch\u00fctzen und um uns per UNO-Resolution zur geschlossenen Anstalt zu erkl\u00e4ren.<br \/>\n.<br \/>\nJa, Frau Pforte, Hilfsbereitschaft geb\u00fchrt Hochachtung. Sofern sie nicht auf Kosten anderer Leute daherkommt. Die Frage ist doch, wie lange sich die Gastfamilie dieses &#8222;B\u00fcrgerasyl&#8220; (fpr Familie Ametovic) leisten kann und will. Oder hat diese Aktion nur den einen Zweck, die Kosten doch m\u00f6glichst schnell dem Staat, d.h. der Allgemeinheit aufzuzwingen? Ein Erpressungsversuch?<br \/>\n23.10.2017, Anita Kaier, Freiburg, BZO<\/p>\n","protected":false},"excerpt":{"rendered":"<p>Das Gew\u00e4hren von Kirchenasyl bzw. B\u00fcrgerasyl zur Verhinderung von gerichtlich angeordneten Abschiebungen\u00a0von Migranten widerspricht dem Rechtsstaat-Prinzip. Dies gilt auch f\u00fcr die Roma-Familie Ametovic, die zweimal\u00a0von Serbien nach\u00a0Freiburg\u00a0zugewandert ist. Gesinnungsethik, christliche Hilfsbereitschaft, Humanismus, bzw.Kriegsschuld-Komplex, k\u00f6nnen keinen Grund zum Aushebeln des Asylrechts &hellip; <a href=\"https:\/\/www.freiburg-schwarzwald.de\/blog\/buergerasyl-recht-ametovic\/\">Weiterlesen <span class=\"meta-nav\">&rarr;<\/span><\/a><\/p>\n","protected":false},"author":2,"featured_media":0,"comment_status":"open","ping_status":"closed","sticky":false,"template":"","format":"standard","meta":{"footnotes":""},"categories":[36,58,14,155,371,89,10],"tags":[481,633,485,431],"class_list":["post-65548","post","type-post","status-publish","format-standard","hentry","category-engagement","category-familie","category-global","category-integration","category-justiz","category-kirchen","category-selbsthilfe","tag-asyl","tag-demokratie","tag-refugee","tag-gerecht"],"_links":{"self":[{"href":"https:\/\/www.freiburg-schwarzwald.de\/blog\/wp-json\/wp\/v2\/posts\/65548","targetHints":{"allow":["GET"]}}],"collection":[{"href":"https:\/\/www.freiburg-schwarzwald.de\/blog\/wp-json\/wp\/v2\/posts"}],"about":[{"href":"https:\/\/www.freiburg-schwarzwald.de\/blog\/wp-json\/wp\/v2\/types\/post"}],"author":[{"embeddable":true,"href":"https:\/\/www.freiburg-schwarzwald.de\/blog\/wp-json\/wp\/v2\/users\/2"}],"replies":[{"embeddable":true,"href":"https:\/\/www.freiburg-schwarzwald.de\/blog\/wp-json\/wp\/v2\/comments?post=65548"}],"version-history":[{"count":0,"href":"https:\/\/www.freiburg-schwarzwald.de\/blog\/wp-json\/wp\/v2\/posts\/65548\/revisions"}],"wp:attachment":[{"href":"https:\/\/www.freiburg-schwarzwald.de\/blog\/wp-json\/wp\/v2\/media?parent=65548"}],"wp:term":[{"taxonomy":"category","embeddable":true,"href":"https:\/\/www.freiburg-schwarzwald.de\/blog\/wp-json\/wp\/v2\/categories?post=65548"},{"taxonomy":"post_tag","embeddable":true,"href":"https:\/\/www.freiburg-schwarzwald.de\/blog\/wp-json\/wp\/v2\/tags?post=65548"}],"curies":[{"name":"wp","href":"https:\/\/api.w.org\/{rel}","templated":true}]}}