{"id":65506,"date":"2017-10-08T12:27:00","date_gmt":"2017-10-08T10:27:00","guid":{"rendered":"https:\/\/www.freiburg-schwarzwald.de\/blog\/?p=65506"},"modified":"2017-10-08T12:32:47","modified_gmt":"2017-10-08T10:32:47","slug":"strassenschule-fr-20-jahre","status":"publish","type":"post","link":"https:\/\/www.freiburg-schwarzwald.de\/blog\/strassenschule-fr-20-jahre\/","title":{"rendered":"Strassenschule FR 20 Jahre"},"content":{"rendered":"<p>20 Jahre <a title=\"Strassenschule FR 15 Jahre\" href=\"https:\/\/www.freiburg-schwarzwald.de\/blog\/strassenschule-fr-15-jahre\/\">Freiburger Strassenschule<\/a>: &#8222;20 Jahre stabile, verl\u00e4\u00dfliche Hilfe f\u00fcr junge <a title=\"Wohnungsnot \u2013 Neubau in FR\" href=\"https:\/\/www.freiburg-schwarzwald.de\/blog\/wohnungsnot-neubau-in-fr\/\">wohnungslose Menschen<\/a>. &#8230; Helfen Sie mit zu sagen: Es ist <a title=\"Toleranz mit Obdachlosen\" href=\"https:\/\/www.freiburg-schwarzwald.de\/blog\/toleranz-mit-obdachlosen\/\">auszuhalten<\/a>, wenn sich <a title=\"Obdachlos\" href=\"https:\/\/www.freiburg-schwarzwald.de\/blog\/selbsthilfe\/soziales\/obdachlos\/\">wohnungslose<\/a> Menschen in unserem Blickfeld in der Stadt Freiburg aufhalten. Nicht der <a title=\"Zweiklassengesellschaft Obdach\" href=\"https:\/\/www.freiburg-schwarzwald.de\/blog\/zweiklassengesellschaft-obdach\/\">Anblick<\/a> ist es, der <a title=\"Armut\" href=\"https:\/\/www.freiburg-schwarzwald.de\/blog\/selbsthilfe\/soziales\/armut\/\">st\u00f6rt<\/a>, sondern die Erinnerung an <a title=\"Obdachlos Leo-Wohleb-Br\u00fccke\" href=\"https:\/\/www.freiburg-schwarzwald.de\/blog\/obdachlos-leo-wohleb-bruecke\/\">Probleme<\/a> und <a title=\"Essensbon an Bettler schenken\" href=\"https:\/\/www.freiburg-schwarzwald.de\/blog\/essensbon-an-bettler-schenken\/\">Not<\/a>. Und dieser <a title=\"Wohnungsnot \u2013 nur bauen hilft\" href=\"https:\/\/www.freiburg-schwarzwald.de\/blog\/wohnungsnot-nur-bauen-hilft\/\">Not<\/a> wollen wir (als <a title=\"SOS-Kinderdorf\" href=\"https:\/\/www.freiburg-schwarzwald.de\/blog\/selbsthilfe\/kinder\/sos-kinderdorf\/\">Strassenschule<\/a>) mit ihrer Hilfe begegnen. <!--more-->Nochmals ganz herzlichen Dank allen Spenderinnen und Spendern f\u00fcr die gro\u00dfz\u00fcgige Unterst\u00fctzung unserer Arbeit. Einen Ausblick will ich noch anf\u00fcgen:<br \/>\nAm 10. November 2017 um 17 Uhr findet im Museum f\u00fcr <a title=\"Kultur\" href=\"https:\/\/www.freiburg-schwarzwald.de\/blog\/kultur\/\">Neue Kunst<\/a> eine Vernissage mit Arbeiten (Bildern, Zeichnungen, Collagen, Skulpturen) junger wohnungsloser Menschen statt. Die Kunstwerke sind im Rahmen der Kulturarbeit in der Anlaufstelle geschaffen worden. Seien Sie gespannt auf eine besondere Veranstaltung.&#8220; &#8211;<br \/>\nso Bernd Klippstein, der Vorsitzende der Freiburger StrassenSchule e.V., in seinem Schreiben an die F\u00f6rderer vom 4.10.2017<br \/>\n<a href=\"https:\/\/www.sos-kinderdorf.de\/freiburger-strassenschule\/angebote-unser-angebot\/freiburger-strasse-kreativraum\">https:\/\/www.sos-kinderdorf.de\/freiburger-strassenschule\/angebote-unser-angebot\/freiburger-strasse-kreativraum<br \/>\n<\/a>\u00a0 .<br \/>\n<a href=\"https:\/\/www.freiburg-schwarzwald.de\/littenweiler\/bildung.htm#Freiburger%20Strassenschule\">https:\/\/www.freiburg-schwarzwald.de\/littenweiler\/bildung.htm#Freiburger Strassenschule<\/a><\/p>\n<p>.<\/p>\n<p><strong>Unterst\u00fctzen auch Sie die Freiburger Stra\u00dfenSchule<\/strong><br \/>\nFreiburger Stra\u00dfenSchule e.V.<br \/>\nMoltkestrasse 34, 79098 Freiburg, <a href=\"mailto:freiburger.strassenschule@sos-kinderdorf.de\">freiburger.strassenschule@sos-kinderdorf.de<\/a><br \/>\n<a href=\"https:\/\/www.freiburgerstrassenschule.de\">www.freiburgerstrassenschule.de<\/a><br \/>\nStreetwork, StreetMobil, Anlaufstelle, Galeri UpArt, Flexible Begleitung, Wohnprojekt, WerkstattSchule<br \/>\nBIC: FRSPDE66XXX<br \/>\nIBAN: DE20 6805 0101 0010 0878 79<\/p>\n<p><strong>Wohnraum gesucht<\/strong><br \/>\nEine der gr\u00f6\u00dften H\u00fcrden f\u00fcr die R\u00fcckkehr der jungen Menschen in eine feste Lebenssituation ist das Finden von bezahlbarem Wohnraum. Wohnraum darf den Satz der Hartz-IV-Leistungen f\u00fcr Unterkunft nicht \u00fcberschreiten und ist derzeit auf 364,95 Euro pro Monat festgelegt.<br \/>\n.<br \/>\n<strong>Die Freiburger Stra\u00dfenschule feiert ihr 20-j\u00e4hriges Bestehen<\/strong><br \/>\nMit der \u201eWerkstatt-Schule\u201c hat 1997 alles angefangen \u2013 inzwischen bietet der Verein \u201eFreiburger Stra\u00dfenschule\u201c vielf\u00e4ltige Unterst\u00fctzungsangebote f\u00fcr wohnungslose junge Menschen zwischen 17 und 27 Jahren. Zum 20-j\u00e4hrigen Bestehen gibt\u2019s am 14. Juli ein gro\u00dfes Fest im Theater \u2013 nur f\u00fcr eingeladene G\u00e4ste.<\/p>\n<p><strong>20 Jahre Stra\u00dfenschule<\/strong><br \/>\nSie erreichen viel: Neun hauptamtlichen Mitarbeiterinnen und Mitarbeiter, die sich 5,5 Stellen teilen, und sechs Ehrenamtliche haben 2016 mit rund 450 jungen Menschen zusammengearbeitet. Allein in der Anlaufstelle in der Schwarzwaldstra\u00dfe schauen t\u00e4glich 30 Leute vorbei, sagt die Sozialarbeiterin Sabine Risch \u2013 zum Reden, Kochen, Duschen oder mit konkreten Fragen. Au\u00dferdem zieht das Stra\u00dfensozialarbeitsteam los, um Jugendliche auf der Stra\u00dfe anzusprechen. Dienstags steht der &#8222;Streetmobil&#8220;-Bus vor dem Theater, wo sich niederschwellig Gespr\u00e4che ergeben. Auch \u00fcber Facebook ist das &#8222;Stra\u00dfenschule&#8220; -Team im Kontakt mit vielen. Und die &#8222;Werkstatt-Schule&#8220; existiert nach wie vor: Vor 20 Jahren war die Kooperation mit der Albert-Schweitzer-F\u00f6rderschule entstanden, es geht um Sch\u00fclerinnen und Sch\u00fcler zwischen 10 und 14 Jahren, die der Schule zu entgleiten drohen. Durch handwerkliche Projekte werden sie aufgefangen. Im Lauf der zwei Jahrzehnte entstanden etliche Zusatzangebote: Im Kreativraum der Anlaufstelle k\u00f6nnen Jugendliche unter anderem fotografieren, malen oder Skulpturen anfertigen. In der Band &#8222;Tunnelblick&#8220; treten vier ehemalige &#8222;Stra\u00dfenschule&#8220;-Nutzer mit zwei Sozialarbeitern zusammen auf. F\u00fcr zw\u00f6lf junge Menschen bieten drei WGs \u00dcbergangsm\u00f6glichkeiten vom Leben auf der Stra\u00dfe zur\u00fcck zum Wohnen.<br \/>\n&#8230; Alles vom 6.7.2017 bitte lesen auf<br \/>\n<a href=\"https:\/\/www.badische-zeitung.de\/freiburg\/die-freiburger-strassenschule-feiert-ihr-20-jaehriges-bestehen--138949335.html\">https:\/\/www.badische-zeitung.de\/freiburg\/die-freiburger-strassenschule-feiert-ihr-20-jaehriges-bestehen&#8211;138949335.html<br \/>\n<\/a>\u00a0 .<br \/>\n<strong>Neust\u00e4dterin Michaela Maas untert\u00fctzt die Stra\u00dfenschule<\/strong><br \/>\nDie Neust\u00e4dterin Michaela Maas unterst\u00fctzt Jugendliche und junge Erwachsene, die auf der Stra\u00dfe leben: Ehrenamtlich engagiert sie sich seit sechs Jahren im Dreik\u00f6nigshaus und f\u00fcr die Stra\u00dfenschule Freiburg. Im Hochschwarzwald sammelt sie Sachspenden, die sie direkt vor Ort weitergibt. \u00dcber ihre Arbeit hat sich BZ-Mitarbeiterin Eva Korinth mit Michaela Maas unterhalten.<br \/>\nBZ: Frau Maas, wie kamen Sie zu diesem Engagement?<br \/>\nMaas: W\u00e4hrend meines Zusatzstudiums zur Suchtberaterin habe ich ein Praktikum in der Bahnhofsmission Freiburg absolviert. Danach wollte ich weiter helfen und habe mich umgeschaut. So bin ich zu Anna Faller zur Essensausgabe im Dreik\u00f6nigshaus in der Freiburger Schwarzwaldstra\u00dfe und zu der dort in der N\u00e4he gelegenen Anlaufstelle der Freiburger Stra\u00dfenschule gesto\u00dfen.<br \/>\nBZ: Wof\u00fcr steht die Stra\u00dfenschule?<br \/>\nMaas: Die ist Anlaufstelle f\u00fcr Jugendliche und junge Erwachsene, die wohnungslos sind oder ihren Lebensmittelpunkt auf der Stra\u00dfe haben. Ihnen werden ganz individuell von den drei hauptamtlichen und 17 ehrenamtlichen Mitarbeitern M\u00f6glichkeiten aufgezeigt \u2013 ausgehend von den Ressourcen der Betroffenen \u2013, um ihre Lebensperspektive zu verbessern. Die Stra\u00dfenschule ist angegliedert an das SOS Kinderdorf Schwarzwald in Sulzburg. Viele der Aktivit\u00e4ten sind nur aufgrund von Spenden m\u00f6glich.<br \/>\nBZ: Wie viele Leuten kommen?<br \/>\nMaas: Es sind 72, die unterschiedlich regelm\u00e4\u00dfig in die Schwarzwaldstra\u00dfe kommen. Die Dunkelziffer, der Jugendlichen und jungen Erwachsenen, die auf der Stra\u00dfe leben, ist wesentlich h\u00f6her. Nicht alle trauen sich, vorbei zu schauen.<br \/>\n&#8230;. Alles vom 7.9.2017 bitte lesen auf<br \/>\n<a href=\"https:\/\/www.badische-zeitung.de\/titisee-neustadt\/es-sind-oft-schlimme-schicksale--141519829.html\">https:\/\/www.badische-zeitung.de\/titisee-neustadt\/es-sind-oft-schlimme-schicksale&#8211;141519829.html<\/a><\/p>\n","protected":false},"excerpt":{"rendered":"<p>20 Jahre Freiburger Strassenschule: &#8222;20 Jahre stabile, verl\u00e4\u00dfliche Hilfe f\u00fcr junge wohnungslose Menschen. &#8230; Helfen Sie mit zu sagen: Es ist auszuhalten, wenn sich wohnungslose Menschen in unserem Blickfeld in der Stadt Freiburg aufhalten. Nicht der Anblick ist es, der &hellip; <a href=\"https:\/\/www.freiburg-schwarzwald.de\/blog\/strassenschule-fr-20-jahre\/\">Weiterlesen <span class=\"meta-nav\">&rarr;<\/span><\/a><\/p>\n","protected":false},"author":2,"featured_media":0,"comment_status":"open","ping_status":"closed","sticky":false,"template":"","format":"standard","meta":{"footnotes":""},"categories":[189,49,104,60,157,95,10,9,91],"tags":[598,568,585,388,504,278],"class_list":["post-65506","post","type-post","status-publish","format-standard","hentry","category-alkohol","category-freiburg","category-hilfe","category-jugend","category-oeffentlicher-raum","category-schulen","category-selbsthilfe","category-soziales","category-wohnen","tag-immo","tag-jugend-2","tag-schule","tag-social","tag-weiterbildung","tag-wohnungslos"],"_links":{"self":[{"href":"https:\/\/www.freiburg-schwarzwald.de\/blog\/wp-json\/wp\/v2\/posts\/65506","targetHints":{"allow":["GET"]}}],"collection":[{"href":"https:\/\/www.freiburg-schwarzwald.de\/blog\/wp-json\/wp\/v2\/posts"}],"about":[{"href":"https:\/\/www.freiburg-schwarzwald.de\/blog\/wp-json\/wp\/v2\/types\/post"}],"author":[{"embeddable":true,"href":"https:\/\/www.freiburg-schwarzwald.de\/blog\/wp-json\/wp\/v2\/users\/2"}],"replies":[{"embeddable":true,"href":"https:\/\/www.freiburg-schwarzwald.de\/blog\/wp-json\/wp\/v2\/comments?post=65506"}],"version-history":[{"count":0,"href":"https:\/\/www.freiburg-schwarzwald.de\/blog\/wp-json\/wp\/v2\/posts\/65506\/revisions"}],"wp:attachment":[{"href":"https:\/\/www.freiburg-schwarzwald.de\/blog\/wp-json\/wp\/v2\/media?parent=65506"}],"wp:term":[{"taxonomy":"category","embeddable":true,"href":"https:\/\/www.freiburg-schwarzwald.de\/blog\/wp-json\/wp\/v2\/categories?post=65506"},{"taxonomy":"post_tag","embeddable":true,"href":"https:\/\/www.freiburg-schwarzwald.de\/blog\/wp-json\/wp\/v2\/tags?post=65506"}],"curies":[{"name":"wp","href":"https:\/\/api.w.org\/{rel}","templated":true}]}}