{"id":65360,"date":"2017-09-10T14:46:54","date_gmt":"2017-09-10T12:46:54","guid":{"rendered":"https:\/\/www.freiburg-schwarzwald.de\/blog\/?p=65360"},"modified":"2017-09-10T14:47:58","modified_gmt":"2017-09-10T12:47:58","slug":"deutschlands-friedfertigkeit","status":"publish","type":"post","link":"https:\/\/www.freiburg-schwarzwald.de\/blog\/deutschlands-friedfertigkeit\/","title":{"rendered":"Deutschlands Friedfertigkeit"},"content":{"rendered":"<p><a title=\"Deutschland\" href=\"https:\/\/www.freiburg-schwarzwald.de\/blog\/global\/deutschland\/\">Deutschland<\/a> ist ein Land, dessen <a title=\"Menschenrechte\" href=\"https:\/\/www.freiburg-schwarzwald.de\/blog\/kultur\/aufklaerung\/menschenrechte\/\">Friedfertigkeit<\/a> allzugern begr\u00fcndet wird mit hohem <a title=\"Ethik \u2013 Ohne Gott keine Moral\" href=\"https:\/\/www.freiburg-schwarzwald.de\/blog\/ethik-ohne-gott-keine-moral\/\">moralischen Anspruch<\/a>, <a title=\"Christen\" href=\"https:\/\/www.freiburg-schwarzwald.de\/blog\/religion\/christen\/\">christlichen Werten<\/a>, Lernen aus der Geschichte <a title=\"Nazi\" href=\"https:\/\/www.freiburg-schwarzwald.de\/blog\/religion\/juden\/nazi\/\">vor 1945<\/a> und <a title=\"Gesinnungsethik\" href=\"https:\/\/www.freiburg-schwarzwald.de\/blog\/engagement\/zukunft\/demokratie\/gesinnungsethik\/\">gesinnungsethischem<\/a> Anspruch a la <a title=\"Merkelismus\" href=\"https:\/\/www.freiburg-schwarzwald.de\/blog\/engagement\/zukunft\/demokratie\/merkelismus\/\">Merkel<\/a>. Doch wie w\u00e4re es um den Frieden bestellt, wenn die deutsche Geburtenrate nicht bei 1,5 (dank <a title=\"Youth-Bulges\" href=\"https:\/\/www.freiburg-schwarzwald.de\/blog\/engagement\/zukunft\/krieg\/youth-bulges\/\">Anti-Baby-Pille<\/a>) l\u00e4ge, sondern bei 6-8 wie in <a title=\"Muslime\" href=\"https:\/\/www.freiburg-schwarzwald.de\/blog\/global\/integration\/muslime\/\">muslimischen L\u00e4ndern<\/a> (<a title=\"Islam-Frauen\" href=\"https:\/\/www.freiburg-schwarzwald.de\/blog\/religion\/islam\/islam-frauen\/\">ohne<\/a> Anti-Baby-Pille)?<!--more--><br \/>\nBei 2,1 Geburten pro Frau bliebe unsere\u00a0<a title=\"Deutschland-verrecke\" href=\"https:\/\/www.freiburg-schwarzwald.de\/blog\/global\/deutschland\/deutschland-verrecke\/\">Bev\u00f6lkerungszahl<\/a>\u00a0gleich. Mit seiner Rate von 1,5 <a title=\"Demografie\" href=\"https:\/\/www.freiburg-schwarzwald.de\/blog\/engagement\/zukunft\/demografie\/\">vergreist<\/a> Deutschland. Eine Geburtenrate zwischen 6 und 8 beinhaltet <a title=\"Voelkerwanderung\" href=\"https:\/\/www.freiburg-schwarzwald.de\/blog\/global\/voelkerwanderung\/\">Bev\u00f6lkerungsexplosion<\/a>. Der Kriegsforscher <a title=\"Youth bulges \u2013 Migration UMFs\" href=\"https:\/\/www.freiburg-schwarzwald.de\/blog\/youth-bulges-migration-umfs\/\">Gunnar Heinsohn<\/a> setzt die 15-19j\u00e4hrigen Jungen und 55-59j\u00e4hrigen Alten eines Landes ins Verh\u00e4ltnis und nennt es Kriegsindex:\u00a0Mit dem Kriegsindex von 0,8 folgen in Deutschland und \u00d6sterreich auf 100 Alte h\u00f6chstens 80 pazifistische Junge nach (es gibt ja zu wenig einzige S\u00f6hne).<br \/>\nMit einem <a title=\"Youth bulges \u2013 Jugend und Krieg\" href=\"https:\/\/www.freiburg-schwarzwald.de\/blog\/youth-bulges-jugend-und-krieg\/\">Kriegsindex 3-7<\/a> folgen in islamischen L\u00e4ndern von Subsahara und Arabien auf 100 Alte 300 bis 700 <a title=\"Afrika retten \u2013 Groessenwahn D\" href=\"https:\/\/www.freiburg-schwarzwald.de\/blog\/afrika-retten-groessenwahn-d\/\">w\u00fctende J\u00fcnglinge<\/a> (die vielen Nachgeborenen k\u00e4mpfen mit Gewalt um die raren, freiwerdenden gesellschaftlichen Posten).<br \/>\n.<br \/>\nJungm\u00e4nner\u00fcberschuss (sog. <a title=\"Youth-Bulges\" href=\"https:\/\/www.freiburg-schwarzwald.de\/blog\/engagement\/zukunft\/krieg\/youth-bulges\/\">Youth Bulges<\/a>) f\u00fchrt stets zu kriegerischen Auseinandersetzungen, da den zweit-, dritt-, viertgeborgenen S\u00f6hnen nichts bleibt als der Kampf. So die Theorie von\u00a0Gunnar Heinsohn, wenn er Europa vor dem 1. Weltkrieg mit den Islam-Staaten in Maghreb, Arabien und Afrika von heute vergleicht (Schweizer Monat, Nr. 1019, 1.9.2014,) :<em> &#8222;Bis 1915 keucht Europa (mit Ausnahme Frankreichs) unter Geburtenraten wie heute in Gaza, Irak oder Nigeria, wo f\u00fcr Hamas, das Kalifat oder Boko Haram die Jugend sich vom Leben trennt. Erst 1916 fallen die Geburtenraten von 5 bis 6 unter 3. Deshalb k\u00f6nnen sich die Gener\u00e4le im n\u00e4chsten Weltkrieg &#8211; gerne als &#8222;Menschenmaterial&#8220; oder &#8222;cannon fodder&#8220; verbucht &#8211; nicht mehr sorglos aus der demografischen Portokasse nehmen. An allen Fronten werden auch einzige S\u00f6hne in den Tod geschickt, so dass Europa nach 1945 friedlich wird und auf dem Weg zur aktuellen Geburtenrate von 1,5 die Menschheit sogar als pazifistischer Mustersch\u00fcler in Erstaunen setzen kann&#8220;<\/em>.<br \/>\nDemnach verdankt Deutschland seine aktuell friedliche Gesinnung der niedrigen Geburtenrate. Dazu Markus Vahlefeld (Mal eben kurz die Welt retten, ISBN 978-3-7450-8376-7, 2017, S. 68): <em>&#8222;Geschichte ist nicht der Kampf der Weltanschauungen und Ideologien, sondern die Ausbr\u00fcche der rohen Kraft des Testosteron. Religionen, Weltanschauungen und Ideologien mutieren zu Werkzeugen in den H\u00e4ndern der Jungm\u00e4nner, um die Gewalt, zu der sie neigen, zu verrechtfertigen. Dabei ist es den Toten und Ermordeten gleich, ob es das Christentum oder der Islam, der Faschismus oder der Kommunismus ist, mit dem Kohorten von aggresiven J\u00fcnglingen in ihre hasserf\u00fcllten Kriege ziehen. &#8230; Die Geschichte de ausgehenden 20. Jahrhunderts m\u00fcsste nicht als Geschichte des postmodernen Niedergangs der Ideologien geschrieben werden, sondern als Geschichte der Anti-Baby-Pille. &#8230; Die Anti-Baby-Pille ist die friedlichste der bekannten Revolutionen, und alle Beteiligten haben noch ihren Spa\u00df dabei.&#8220;<\/em><br \/>\n.<br \/>\nAlso: Unser ach so friedfertiges Deutschland verdanken wir eher zunehmender Vergreisung, niedriger Geburtenrate bzw. Anti-Baby-Pille als den vermeintlich hohen sittlichen Werten unseres edlen <a title=\"Gutmenschen\" href=\"https:\/\/www.freiburg-schwarzwald.de\/blog\/engagement\/gutmenschen\/\">Gutmenschentums<\/a>. Unser linksliberal \u00fcberdehnter Moralbegriff hat mit Hochmut, \u00dcberheblichkeit und Gr\u00f6\u00dfenwahn zu tun: Was w\u00e4re, wenn all die Claudia Roth&#8217;s, KGE&#8217;s (&#8222;uns werden Menschen geschenkt&#8220;) und Renate K\u00fcnast&#8217;s 8 &#8211; 10 Kinder gro\u00dfziehen w\u00fcrden, f\u00fcr die es weder Jobs noch Zukunft gibt?10.9.2017<\/p>\n","protected":false},"excerpt":{"rendered":"<p>Deutschland ist ein Land, dessen Friedfertigkeit allzugern begr\u00fcndet wird mit hohem moralischen Anspruch, christlichen Werten, Lernen aus der Geschichte vor 1945 und gesinnungsethischem Anspruch a la Merkel. Doch wie w\u00e4re es um den Frieden bestellt, wenn die deutsche Geburtenrate nicht &hellip; <a href=\"https:\/\/www.freiburg-schwarzwald.de\/blog\/deutschlands-friedfertigkeit\/\">Weiterlesen <span class=\"meta-nav\">&rarr;<\/span><\/a><\/p>\n","protected":false},"author":2,"featured_media":0,"comment_status":"open","ping_status":"closed","sticky":false,"template":"","format":"standard","meta":{"footnotes":""},"categories":[18,52,155,13,172],"tags":[327,633,520,488,348,622,662],"class_list":["post-65360","post","type-post","status-publish","format-standard","hentry","category-bildung","category-einewelt","category-integration","category-kultur","category-zukunft","tag-demografie","tag-demokratie","tag-frieden","tag-child","tag-medizin","tag-migration","tag-werte"],"_links":{"self":[{"href":"https:\/\/www.freiburg-schwarzwald.de\/blog\/wp-json\/wp\/v2\/posts\/65360","targetHints":{"allow":["GET"]}}],"collection":[{"href":"https:\/\/www.freiburg-schwarzwald.de\/blog\/wp-json\/wp\/v2\/posts"}],"about":[{"href":"https:\/\/www.freiburg-schwarzwald.de\/blog\/wp-json\/wp\/v2\/types\/post"}],"author":[{"embeddable":true,"href":"https:\/\/www.freiburg-schwarzwald.de\/blog\/wp-json\/wp\/v2\/users\/2"}],"replies":[{"embeddable":true,"href":"https:\/\/www.freiburg-schwarzwald.de\/blog\/wp-json\/wp\/v2\/comments?post=65360"}],"version-history":[{"count":0,"href":"https:\/\/www.freiburg-schwarzwald.de\/blog\/wp-json\/wp\/v2\/posts\/65360\/revisions"}],"wp:attachment":[{"href":"https:\/\/www.freiburg-schwarzwald.de\/blog\/wp-json\/wp\/v2\/media?parent=65360"}],"wp:term":[{"taxonomy":"category","embeddable":true,"href":"https:\/\/www.freiburg-schwarzwald.de\/blog\/wp-json\/wp\/v2\/categories?post=65360"},{"taxonomy":"post_tag","embeddable":true,"href":"https:\/\/www.freiburg-schwarzwald.de\/blog\/wp-json\/wp\/v2\/tags?post=65360"}],"curies":[{"name":"wp","href":"https:\/\/api.w.org\/{rel}","templated":true}]}}