{"id":65335,"date":"2017-09-09T14:22:55","date_gmt":"2017-09-09T12:22:55","guid":{"rendered":"https:\/\/www.freiburg-schwarzwald.de\/blog\/?p=65335"},"modified":"2017-09-09T15:16:54","modified_gmt":"2017-09-09T13:16:54","slug":"migrantengewalt-in-fr-sorge","status":"publish","type":"post","link":"https:\/\/www.freiburg-schwarzwald.de\/blog\/migrantengewalt-in-fr-sorge\/","title":{"rendered":"Migrantengewalt in FR &#8211; Sorge?"},"content":{"rendered":"<p>Am Montag 4.9.2017 in der Fr\u00fche um 4.45 Uhr <a title=\"Gewalt\" href=\"https:\/\/www.freiburg-schwarzwald.de\/blog\/selbsthilfe\/krise\/gewalt\/\">schlagen<\/a> zwei <a title=\"Afrika\" href=\"https:\/\/www.freiburg-schwarzwald.de\/blog\/global\/afrika\/\">Dunkelh\u00e4utige<\/a> einen <a title=\"70 Jahre Badische Zeitung \u2013 BZ\" href=\"https:\/\/www.freiburg-schwarzwald.de\/blog\/70-jahre-badische-zeitung-bz\/\">Zeitungszusteller<\/a> in der Hansjakobstrasse in <a title=\"Oberwiehre\" href=\"https:\/\/www.freiburg-schwarzwald.de\/blog\/regio\/freiburg\/oberwiehre\/\">FR-Waldsee<\/a> nieder. Am Samstag 2.9. \u00fcberf\u00e4llt ein<a title=\"Maghreb\" href=\"https:\/\/www.freiburg-schwarzwald.de\/blog\/global\/maghreb\/\"> Nordafrikaner<\/a> eine 22-J\u00e4hrige in der Nu\u00dfmannstrasse. Am Mittwoch zuvor <a title=\"Ueberfall\" href=\"https:\/\/www.freiburg-schwarzwald.de\/blog\/selbsthilfe\/krise\/gewalt\/ueberfall\/\">raubt<\/a> ein \u00c4gypter am <a title=\"Platz-der-Alten-Synagoge\" href=\"https:\/\/www.freiburg-schwarzwald.de\/blog\/regio\/freiburg\/platz-der-alten-synagoge\/\">Platz der Alten Synagoge<\/a> das Handy einer jungen Frau. Allesamt <a title=\"Fluechtlinge-Kriminalitaet\" href=\"https:\/\/www.freiburg-schwarzwald.de\/blog\/global\/integration\/fluechtlinge-kriminalitaet\/\">Einzelf\u00e4lle<\/a>.<br \/>\n<!--more-->Im Landgericht wird Vergewaltigung und <a title=\"Dreisam-Mord\" href=\"https:\/\/www.freiburg-schwarzwald.de\/blog\/global\/integration\/dreisam-mord\/\">Mord an Maria L<\/a>. am <a title=\"Dreisamuferweg\" href=\"https:\/\/www.freiburg-schwarzwald.de\/blog\/regio\/verkehr\/fahrradwege\/dreisamuferweg\/\">Dreisamradweg<\/a> durch den Afghanen Hussein K. verhandelt. Auch ein Einzelfall. Gleichzeitig ver\u00f6ffentlichen die <a title=\"Zeitung\" href=\"https:\/\/www.freiburg-schwarzwald.de\/blog\/kultur\/medien\/zeitung\/\">Medien<\/a> gerade vor der Bundestagswahl immer neue Zahlen, Studien und wiss. Untersuchungen, nach denen die <a title=\"Kriminalitaet\" href=\"https:\/\/www.freiburg-schwarzwald.de\/blog\/selbsthilfe\/krise\/gewalt\/kriminalitaet\/\">Kriminalit\u00e4t<\/a> weder allgemein noch durch <a title=\"Fluechtlinge-Kriminalitaet\" href=\"https:\/\/www.freiburg-schwarzwald.de\/blog\/global\/integration\/fluechtlinge-kriminalitaet\/\">Migranten<\/a> zugenommen habe. Das Gef\u00fchl von Unbehagen, Besorgnis, Unsicherheit und Angst so vieler Freiburger gegen\u00fcber <a title=\"Versorgungsmigration\" href=\"https:\/\/www.freiburg-schwarzwald.de\/blog\/global\/migration\/versorgungsmigration\/\">Massenzuwanderung<\/a> und <a title=\"Ueberfremdung\" href=\"https:\/\/www.freiburg-schwarzwald.de\/blog\/global\/integration\/ueberfremdung\/\">\u00dcberfremdung<\/a> ist also unbegr\u00fcndet, das Gef\u00fchl von Mi\u00dftrauen gegen\u00fcber den Mainstream-Medien ebenfalls. Schlie\u00dflich sind alles Einzel- und Zuf\u00e4lle, ohne direkte Ursachen, kein Grund zu irgendwelchem <a title=\"Vorverurteilung\" href=\"https:\/\/www.freiburg-schwarzwald.de\/blog\/kultur\/medien\/vorverurteilung\/\">Generalverdacht<\/a>.<\/p>\n<p>Man stelle sich vor, <a title=\"Nazi\" href=\"https:\/\/www.freiburg-schwarzwald.de\/blog\/religion\/juden\/nazi\/\">Nazi-Dumpfbacken<\/a> h\u00e4tten den Zeitungszusteller im Stadtteil Waldsee zusammengeschlagen. Die BZ h\u00e4tte auf Seite 1 statt auf Seite 21 berichtet. Auch die Wortwahl w\u00e4re eine andere &#8211; aber so wurde der Zeitungszusteller &#8222;von hinten gesto\u00dfen&#8220; (klingt eher nach &#8222;geschubst&#8220;). Und die vergewaltigte Studentin wurde &#8222;in die Dreisam &#8222;abgelegt&#8220; (klingt fast nach Behutsamkeit). Gibt es etwa doch unbequeme Antworten auch auf die Gewalt in Freiburg? Dies mag wohl auch Bundesinnenminister De Maiziere geahnt haben, also er <a title=\"Budapest-Dublin2015\" href=\"https:\/\/www.freiburg-schwarzwald.de\/blog\/global\/eu\/budapest-dublin2015\/\">11\/2015<\/a> sagte: &#8222;Ein Teil dieser Antworten w\u00fcrde die Bev\u00f6lkerung verunsichern.&#8220; Sicher?<br \/>\n9.9.2017<\/p>\n<p><strong>Angriff auf Zeitungsaustr\u00e4ger durch Dunkelh\u00e4utige<\/strong><br \/>\nAm Montagmorgen (4.9.2017) gegen 4.45 Uhr wurde ein 56- j\u00e4hriger Zeitungszusteller in der Hansjakobstra\u00dfe (Freiburg-Waldsee) von hinten angegriffen, zu Boden gesto\u00dfen und dabei verletzt. M\u00f6glicherweise war das Opfer kurzzeitig bewusstlos. Der Mann kann sich derzeit nicht daran erinnern, ob er m\u00f6glicherweise nach Wertsachen durchsucht worden ist. Der 56-J\u00e4hrige erschien nach der Tat mit einer stark blutenden Kopfverletzung beim Polizeiposten Littenweiler, um Anzeige zu erstatten. Aufgrund seines Zustandes, auch wegen der Dunkelheit zur Tatzeit und des \u00fcberraschenden Angriffs von hinten, konnte er nur sagen,\u00a0dass die beiden Angreifer etwa 25 Jahre alt und dunkelh\u00e4utig (m\u00f6glicherweise afrikanische Herkunft) sowie ungef\u00e4hr 1,75 Meter gro\u00df und dunkel gekleidet waren. Gesprochen hatten sie kein Wort. Der Polizeiposten Littenweiler bittet um Zeugenhinweise unter Telefon 0761 \/ 61116-0 oder beim Polizeirevier Freiburg-S\u00fcd unter Telefon 0761 \/ 882-4421. &#8230;.<\/p>\n<p><strong>Handyraub durch \u00c4gypter<\/strong><br \/>\nIn der Nacht auf Mittwoch (30.8.2017) wurde gegen 0.20 Uhr auf dem Platz der Alten Synagoge eine l\u00e4rmende Personengruppe durch die Polizei kontrolliert. W\u00e4hrend der<br \/>\nKontrolle eines 19-j\u00e4hrigen \u00c4gypters kam eine j\u00fcngere Frau hinzu, der der 19-J\u00e4hrige wohl zuvor das Mobiltelefon entwendet hatte. &#8230;<\/p>\n<p><strong>Raub\u00fcberfall durch Nordafrikaner<\/strong><br \/>\nAm Samstag 2.9.2017 gegen 4.20 Uhr wurde eine 22-j\u00e4hrige Frau in Freiburg, Nu\u00dfmannstra\u00dfe, nach dem Verlassen einer Diskothek von einem unbekannten Mann angesprochen. Hierbei entwickelte sich ein Streitgespr\u00e4ch. Daraufhin wurde sie von dem Mann niedergeschlagen und ihr Handy geraubt. Der T\u00e4ter fl\u00fcchtete zu Fu\u00df in Richtung M\u00fcnsterplatz. Er hatte ein nordafrikanisches Aussehen, war circa 1,75 Meter gro\u00df, sprach gebrochen Deutsch und war bekleidet mit hellem T-Shirt und dunkler Hose. Zeugen werden gebeten, sich bei der Kriminalpolizei, Telefon 0761\/882-5777, zu melden. &#8230;.<br \/>\n<a href=\"https:\/\/www.stadtkurier.de\">www.stadtkurier.de<\/a> vom 7.9.2017 (drei o.a. Beitr\u00e4ge)<br \/>\n.<br \/>\n<strong>Wichtige Opfer (Mahnwachen) und unwichtige Opfer (Einzelf\u00e4lle) von Gewalt<\/strong><br \/>\n&#8222;Werden deutsche B\u00fcrger von B\u00fcrgern mit Migrationshintergrund vergewaltigt, ins Koma getreten oder vom Leben zum Tode bef\u00f6rdert, ist zwar das Entsetzen in der Bev\u00f6lkerung gro\u00df, die politische Elite jedoch stuft solcherart F\u00e4lle recht grunds\u00e4tzlich als &#8222;Einzelf\u00e4lle&#8220; ein.<br \/>\nWird ein B\u00fcrger mit Migrationshintergrund von einem oder mehreren Bio-Deutschen attackiert &#8211; Tote gab es seit dem Ausbruch des &#8222;<a title=\"Budapest-Dublin2015\" href=\"https:\/\/www.freiburg-schwarzwald.de\/blog\/global\/eu\/budapest-dublin2015\/\">Fl\u00fcchtlingsm\u00e4rchens<\/a>&#8220; keine (Stand April 2017) &#8211; sind Mahnwachen, Lichterketten und Friedensappelle das Mindeste, was organisiert werden mu\u00df.<br \/>\nDie einzige Erkl\u00e4rung: F\u00fcr die meinungsgebende Linke (bzw. Linksliberalen) gibt es wichtige Opfer (Minderheit, Fremde) und unwichtige Opfer (Mehrheit, Einheimische)&#8220;<br \/>\nso\u00a0Markus Vahlefeld in:\u00a0<em>&#8222;Mal eben kurz die Welt retten &#8211; Die Deutschen zwischen Gr\u00f6\u00dfenwahn und Selbstverleugnung&#8220;, K\u00f6ln 2017, ISBN 978-3-7450-8376-7, Seite 120\/121<\/em>.<br \/>\n<a href=\"https:\/\/www.markus-vahlefeld.de\">www.markus-vahlefeld.de<\/a><\/p>\n","protected":false},"excerpt":{"rendered":"<p>Am Montag 4.9.2017 in der Fr\u00fche um 4.45 Uhr schlagen zwei Dunkelh\u00e4utige einen Zeitungszusteller in der Hansjakobstrasse in FR-Waldsee nieder. Am Samstag 2.9. \u00fcberf\u00e4llt ein Nordafrikaner eine 22-J\u00e4hrige in der Nu\u00dfmannstrasse. Am Mittwoch zuvor raubt ein \u00c4gypter am Platz der &hellip; <a href=\"https:\/\/www.freiburg-schwarzwald.de\/blog\/migrantengewalt-in-fr-sorge\/\">Weiterlesen <span class=\"meta-nav\">&rarr;<\/span><\/a><\/p>\n","protected":false},"author":2,"featured_media":0,"comment_status":"open","ping_status":"closed","sticky":false,"template":"","format":"standard","meta":{"footnotes":""},"categories":[49,210,155,60],"tags":[602,732,622,438],"class_list":["post-65335","post","type-post","status-publish","format-standard","hentry","category-freiburg","category-gewalt","category-integration","category-jugend","tag-afrika","tag-gewalt","tag-migration","tag-zeitung"],"_links":{"self":[{"href":"https:\/\/www.freiburg-schwarzwald.de\/blog\/wp-json\/wp\/v2\/posts\/65335","targetHints":{"allow":["GET"]}}],"collection":[{"href":"https:\/\/www.freiburg-schwarzwald.de\/blog\/wp-json\/wp\/v2\/posts"}],"about":[{"href":"https:\/\/www.freiburg-schwarzwald.de\/blog\/wp-json\/wp\/v2\/types\/post"}],"author":[{"embeddable":true,"href":"https:\/\/www.freiburg-schwarzwald.de\/blog\/wp-json\/wp\/v2\/users\/2"}],"replies":[{"embeddable":true,"href":"https:\/\/www.freiburg-schwarzwald.de\/blog\/wp-json\/wp\/v2\/comments?post=65335"}],"version-history":[{"count":0,"href":"https:\/\/www.freiburg-schwarzwald.de\/blog\/wp-json\/wp\/v2\/posts\/65335\/revisions"}],"wp:attachment":[{"href":"https:\/\/www.freiburg-schwarzwald.de\/blog\/wp-json\/wp\/v2\/media?parent=65335"}],"wp:term":[{"taxonomy":"category","embeddable":true,"href":"https:\/\/www.freiburg-schwarzwald.de\/blog\/wp-json\/wp\/v2\/categories?post=65335"},{"taxonomy":"post_tag","embeddable":true,"href":"https:\/\/www.freiburg-schwarzwald.de\/blog\/wp-json\/wp\/v2\/tags?post=65335"}],"curies":[{"name":"wp","href":"https:\/\/api.w.org\/{rel}","templated":true}]}}