{"id":65247,"date":"2017-08-07T18:09:45","date_gmt":"2017-08-07T16:09:45","guid":{"rendered":"https:\/\/www.freiburg-schwarzwald.de\/blog\/?p=65247"},"modified":"2017-08-07T18:11:02","modified_gmt":"2017-08-07T16:11:02","slug":"heimat-tour-fidelius-waldvogel","status":"publish","type":"post","link":"https:\/\/www.freiburg-schwarzwald.de\/blog\/heimat-tour-fidelius-waldvogel\/","title":{"rendered":"Heimat-Tour Fidelius Waldvogel"},"content":{"rendered":"<p>Heute werde ich auf dem <a title=\"Viertes Kleinkunstfestival Breitnau mit Martin Wangler\" href=\"https:\/\/www.freiburg-schwarzwald.de\/blog\/viertes-kleinkunstfestival-breitnau-mit-martin-wangler\/\">K\u00f6nigstiger<\/a> durch den <a title=\"Bund Heimat Volksleben \u2013 BHV\" href=\"https:\/\/www.freiburg-schwarzwald.de\/blog\/bund-heimat-volksleben-bhv\/\">Schwarzwald<\/a> reiten. Von Kirchzarten nach St. M\u00e4rgen und bis zum Thurner. Der <a title=\"Landwirt\" href=\"https:\/\/www.freiburg-schwarzwald.de\/blog\/natur\/landwirt\/\">K\u00f6nigstiger<\/a>, das ist ein alter <a title=\"Hobby\" href=\"https:\/\/www.freiburg-schwarzwald.de\/blog\/kultur\/hobby\/\">Eicher-Traktor<\/a> in Blaugrau, Baujahr 1968, mit unter Last zuschaltbarem Allrad und luftgek\u00fchlt. \u201eEin typischer <a title=\"Rettet die Stille \u2013 Schwarzwald\" href=\"https:\/\/www.freiburg-schwarzwald.de\/blog\/rettet-die-stille-schwarzwald\/\">Schwarzw\u00e4lder<\/a> vom Charakter her. Und das, obwohl er eigentlich aus Bayern stammt\u201c, sagt mein Chauffeur <a title=\"Martin Wangler Forstanhaenger\" href=\"https:\/\/www.freiburg-schwarzwald.de\/blog\/martin-wangler-forstanhaenger\/\">Fidelius Waldvogel<\/a>. Der ist selber ein <a title=\"Martin Wangler in Klosterschiire\" href=\"https:\/\/www.freiburg-schwarzwald.de\/blog\/martin-wangler-in-klosterschiire\/\">Schwarzw\u00e4lder<\/a>, wie er uriger nicht sein k\u00f6nnte. <!--more-->Angetan mit Zimmermannshut, Karohemd und Kniebundhose startet er an diesem Tag seine <a title=\"Bergbauern\" href=\"https:\/\/www.freiburg-schwarzwald.de\/blog\/natur\/landwirt\/bergbauern\/\">Heimattour<\/a>, eine 14-t\u00e4gige Reise vom Dreisamtal \u00fcber die Westh\u00e4nge des Schwarzwalds bis nach Karlsruhe. Wo er abends Station macht, pr\u00e4sentiert er sein Kabarettprogramm \u201eN\u00e4chste Ausfahrt Heimat!\u201c. \u00dcber den schw\u00e4bischen Teil des Schwarzwaldes geht es dann zur\u00fcck in den Hochschwarzwald nach <a title=\"Breitnau\" href=\"https:\/\/www.freiburg-schwarzwald.de\/blog\/regio\/orte\/breitnau\/\">Breitnau<\/a>.<br \/>\nVon dort kommt er n\u00e4mlich: Hier wohnt der Schauspieler Martin Wangler, der die Kunstfigur Fidelius Waldvogel verk\u00f6rpert, mit seiner Familie. Fidelius\u2019 Heimat w\u00e4hrend der Tour ist ein zur B\u00fchne umgebauter Waldarbeiterwagen, innen bestens ausgestattet mit Tisch, Bett, K\u00fcche und Hygienezone, wie er stolz erkl\u00e4rt. An der Decke baumeln Schwarzw\u00e4lder Schinken, W\u00fcrste, ein Bund Karotten und Kr\u00e4uter, Proviant f\u00fcr unterwegs. \u201eDe erschde Breitnauer Zigiiner bin y\u201c, sagt Waldvogel, er habe sogar extra einen Reisegewerbeschein beantragen m\u00fcssen, damit auch alles seine Richtigkeit habe.<br \/>\nBevor die Fahrt beginnt, befestigt Fidelius Waldvogel einen kleinen Bildschirm am Lenker, der ihm das Bild der Kamera von der R\u00fcckseite des Bauwagens liefert. Den Strom daf\u00fcr produzieren ein kleines Windrad und ein Solarpaneel auf dem Dach. Ich sitze auf, Fidelius startet denMotor, der bollert ziemlich laut und los geht es durchs Dreisamtal, vorbei an freundlich winkenden Leuten \u00fcber Buchenbach und das Wagensteigtal hinauf nach St. M\u00e4rgen. Schon blitzen die Doppelt\u00fcrme des barocken Klosters hervor, als Fidelius den Schlepper anh\u00e4lt. Er will K\u00fche fotografieren f\u00fcr seine \u201eRindvieh-Wahl\u201c. Die Fotos stellt er auf seine Website <a href=\"https:\/\/www.heimat-tour-2017.de\">www.heimat-tour-2017.de<\/a> \u2013 jeder darf hier \u00fcber das sch\u00f6nste Rindvieh abstimmen.<br \/>\nDie Hengststation der Schwarzw\u00e4lder Kaltblutpferde bei der Wei\u00dftannenhalle ist das n\u00e4chste Ziel. Hier hat sich Fideliusmit Karl-Heinz Behler verabredet, dem Pferdezuchtwart der Au\u00dfenstelle des Landesgest\u00fcts Marbach. Solche Stopps geh\u00f6ren zum Konzept der Heimattour dazu. Was Fidelius unterwegs erlebt, wird mit der Kamera festgehalten und als Video-Clip im Internet gezeigt. Wie schon bei seiner ersten Heimattour 2016 filmt ihn der Fotograf Sebastian Wehrle \u201eussem Simmiswald\u201c, also aus Simonswald, der sich mit Fotos von neu inszenierten Schwarzwaldtrachten einen Namen gemacht hat. Wehrle st\u00f6\u00dft bei der Hengststation dazu und Pferdezuchtwart Behler zeigt die vier Deckhengste Dony, Markus, Rosenkavalier und Wildbach, allesamt pr\u00e4chtige Exemplare der Schwarzw\u00e4lder Pferderasse, die vor etwa 50 Jahren vom Aussterben bedroht war. Heute ist das Schwarzw\u00e4lder Kaltblut ein beliebtes Reit- und Kutschenpferd, Z\u00fcchter aus ganz Deutschland bringen ihre Stuten nach St. M\u00e4rgen,um sie decken zulassen. \u201eMein Onkel Albert hatte Schwarzw\u00e4lder F\u00fcchse, ich kenne sie seit meiner Kindheit. Sie spiegeln den Charakter des W\u00e4lders wider: Sie sind willig, kr\u00e4ftig, untersetzt, und wenn man ihnen dumm kommt, kann man sich an ihnen die Z\u00e4hne ausbei\u00dfen\u201c, sagt Fidelius. Heute passiert das allerdings nicht, wir sind sogar auf eine Kutschfahrt im Zweisp\u00e4nner rund um St. M\u00e4rgen eingeladen. Dann geht es weiter, Fidelius hat an diesem Tag noch die Strecke bis Sch\u00f6nwald vor sich, wo er am Abend auf dem <a title=\"Kapellen\" href=\"https:\/\/www.freiburg-schwarzwald.de\/blog\/religion\/kirchen\/kapellen\/\">Farnbauernhof<\/a> gastiert. Dieser Familienferien-Bauernhof liegt im Au\u00dfenbereich von Sch\u00f6nwald beim Rohrhardsberg. Die Mutterkuhherde weidet im Sommer drau\u00dfen, deshalb kann der gro\u00dfe Laufstall als Veranstaltungshalle genutzt werden. Rappelvoll ist sie, die G\u00e4ste sitzen an Bierb\u00e4nken, Traktor und B\u00fchnenwagen sind aufgebaut.<br \/>\n\u201eSin Hochd\u00fctsche da?\u201c, fragt Fidelius Waldvogel zu Beginn des Programms und r\u00e4t den wenigen, gleich heimzufahren. \u201eWas isch eigentlich Heimat?\u201c, sinniert er und gibt selbst die Antwort: \u201eHeimat isch do, wo mer verstande wird, au wenn mer nix sait\u201c und spielt damit auf die Wortkargheit der W\u00e4lder an. Er selbst z\u00e4hlt allerdings nicht zu denen, denen man die W\u00f6rter einzeln aus der Nase ziehen muss. Wortgewaltig schl\u00e4gt er den Bogen von der gro\u00dfen Politik bis zur Anleitung, wie man richtig Speck isst, und f\u00fchrt das sogleich vor. Bei aller Komik und allem Humor hat er auch eine Botschaft: Fidelius Waldvogel fordert den echten Schwarzwald. Er kritisiert Geiz und Gier, beklagt, dass das Schweinefleisch f\u00fcr den Schwarzw\u00e4lder Schinken aus Norddeutschland, Polen und D\u00e4nemark kommt,und singt das Lied vom Schwarzwaldbauern, der wegen der billigen Milch erst den Hof und dann sich selbst an den Nagel h\u00e4ngt. \u201eIn D\u00fctschland hei\u00dft\u2019s uffpasst bim Thema Heimet un Tradition, des isch die erschte Chrischdepflicht\u201c, sagt er, \u201ejeder Mensch, egal welcher Hutfarb, Herkunft un Religion, bruucht en Ort, der Heimet f\u00fcr ihn isch.\u201c<br \/>\n6.8.2017, Gabriele Hennicke, <a href=\"https:\/\/www.der-sonntag.de\">www.der-sonntag.de<\/a><\/p>\n<p><a href=\"https:\/\/www.freiburg-schwarzwald.de\/blog\/heimat-tour-fidelius-waldvogel\/waldvogel-fidelius082017\/\" rel=\"attachment wp-att-65248\"><img loading=\"lazy\" decoding=\"async\" class=\"alignnone size-thumbnail wp-image-65248\" src=\"https:\/\/www.freiburg-schwarzwald.de\/blog\/wp-content\/uploads\/2017\/08\/waldvogel-fidelius082017-180x108.jpg\" alt=\"waldvogel-fidelius082017\" width=\"180\" height=\"108\" srcset=\"https:\/\/www.freiburg-schwarzwald.de\/blog\/wp-content\/uploads\/2017\/08\/waldvogel-fidelius082017-180x108.jpg 180w, https:\/\/www.freiburg-schwarzwald.de\/blog\/wp-content\/uploads\/2017\/08\/waldvogel-fidelius082017-640x384.jpg 640w, https:\/\/www.freiburg-schwarzwald.de\/blog\/wp-content\/uploads\/2017\/08\/waldvogel-fidelius082017.jpg 667w\" sizes=\"auto, (max-width: 180px) 100vw, 180px\" \/><br \/>\n<\/a>Gabriele Hennicke war einen Tag mit Fidelius Waldvogel auf dem Schlepper unterwegs<br \/>\n.<\/p>\n<p>SEINE HEIMATTOUR f\u00fchrt Fidelius Waldvogel derzeit von Dobel nach Rothaus. &#8230; die n\u00e4chsten Stationen sind WeilerK\u00f6nigsfeld (10. August), Unterkirnach (11. August), Br\u00e4unlingen (12. August) und Rothaus(13. August). Termine und Karten sowie Videos, Bilder und weitere Informationen finden sich auf der Webseite <a href=\"https:\/\/www.heimat-tour-2017.de\">www.heimat-tour-2017.de<\/a><\/p>\n","protected":false},"excerpt":{"rendered":"<p>Heute werde ich auf dem K\u00f6nigstiger durch den Schwarzwald reiten. Von Kirchzarten nach St. M\u00e4rgen und bis zum Thurner. Der K\u00f6nigstiger, das ist ein alter Eicher-Traktor in Blaugrau, Baujahr 1968, mit unter Last zuschaltbarem Allrad und luftgek\u00fchlt. \u201eEin typischer Schwarzw\u00e4lder &hellip; <a href=\"https:\/\/www.freiburg-schwarzwald.de\/blog\/heimat-tour-fidelius-waldvogel\/\">Weiterlesen <span class=\"meta-nav\">&rarr;<\/span><\/a><\/p>\n","protected":false},"author":2,"featured_media":0,"comment_status":"open","ping_status":"closed","sticky":false,"template":"","format":"standard","meta":{"footnotes":""},"categories":[212,50,139,180,249,201,97],"tags":[277,716,447,572,724,301,432,470],"class_list":["post-65247","post","type-post","status-publish","format-standard","hentry","category-alemannisch","category-dreisamtal","category-heimat","category-hochschwarzwald","category-hock","category-landwirt","category-liedermacher","tag-bauer","tag-bauernhof","tag-berg","tag-dichter-2","tag-heimat","tag-culture","tag-regional","tag-schauinsland"],"_links":{"self":[{"href":"https:\/\/www.freiburg-schwarzwald.de\/blog\/wp-json\/wp\/v2\/posts\/65247","targetHints":{"allow":["GET"]}}],"collection":[{"href":"https:\/\/www.freiburg-schwarzwald.de\/blog\/wp-json\/wp\/v2\/posts"}],"about":[{"href":"https:\/\/www.freiburg-schwarzwald.de\/blog\/wp-json\/wp\/v2\/types\/post"}],"author":[{"embeddable":true,"href":"https:\/\/www.freiburg-schwarzwald.de\/blog\/wp-json\/wp\/v2\/users\/2"}],"replies":[{"embeddable":true,"href":"https:\/\/www.freiburg-schwarzwald.de\/blog\/wp-json\/wp\/v2\/comments?post=65247"}],"version-history":[{"count":0,"href":"https:\/\/www.freiburg-schwarzwald.de\/blog\/wp-json\/wp\/v2\/posts\/65247\/revisions"}],"wp:attachment":[{"href":"https:\/\/www.freiburg-schwarzwald.de\/blog\/wp-json\/wp\/v2\/media?parent=65247"}],"wp:term":[{"taxonomy":"category","embeddable":true,"href":"https:\/\/www.freiburg-schwarzwald.de\/blog\/wp-json\/wp\/v2\/categories?post=65247"},{"taxonomy":"post_tag","embeddable":true,"href":"https:\/\/www.freiburg-schwarzwald.de\/blog\/wp-json\/wp\/v2\/tags?post=65247"}],"curies":[{"name":"wp","href":"https:\/\/api.w.org\/{rel}","templated":true}]}}