{"id":65228,"date":"2017-07-26T10:58:19","date_gmt":"2017-07-26T08:58:19","guid":{"rendered":"https:\/\/www.freiburg-schwarzwald.de\/blog\/?p=65228"},"modified":"2017-07-26T10:58:19","modified_gmt":"2017-07-26T08:58:19","slug":"reichtum-leistungsbereitschaft","status":"publish","type":"post","link":"https:\/\/www.freiburg-schwarzwald.de\/blog\/reichtum-leistungsbereitschaft\/","title":{"rendered":"Reichtum Leistungsbereitschaft"},"content":{"rendered":"<p>Wir sind <a title=\"Reichtum\" href=\"https:\/\/www.freiburg-schwarzwald.de\/blog\/selbsthilfe\/soziales\/reichtum\/\">reich<\/a> (weil andere <a title=\"Armut\" href=\"https:\/\/www.freiburg-schwarzwald.de\/blog\/selbsthilfe\/soziales\/armut\/\">arm<\/a> sind) und <a title=\"Schuldkomplex\" href=\"https:\/\/www.freiburg-schwarzwald.de\/blog\/global\/deutschland\/schuldkomplex\/\">schuldig<\/a> (<a title=\"Gesinnungsethik\" href=\"https:\/\/www.freiburg-schwarzwald.de\/blog\/engagement\/zukunft\/demokratie\/gesinnungsethik\/\">Gesinnungsethik<\/a>), deshalb <a title=\"Kontrollierte-Grenzen\" href=\"https:\/\/www.freiburg-schwarzwald.de\/blog\/global\/migration\/kontrollierte-grenzen\/\">offene Grenzen<\/a> mit \u00a0\u00fcber <a title=\"Armutszuwanderung\" href=\"https:\/\/www.freiburg-schwarzwald.de\/blog\/global\/integration\/armutszuwanderung\/\">700 Migranten<\/a> <a title=\"Italienroute\" href=\"https:\/\/www.freiburg-schwarzwald.de\/blog\/global\/migration\/italienroute\/\">t\u00e4glich<\/a>. Doch der <a title=\"Groessenwahn\" href=\"https:\/\/www.freiburg-schwarzwald.de\/blog\/engagement\/zukunft\/groessenwahn\/\">deutsche Gr\u00f6\u00dfenwahn<\/a> ist unbegr\u00fcndet, da das <a title=\"Vermoegen\" href=\"https:\/\/www.freiburg-schwarzwald.de\/blog\/engagement\/zukunft\/vermoegen\/\">Verm\u00f6gen<\/a> der BRD nur das Dreifache des Bruttoinlandsprodukts (BIP) betr\u00e4gt. <a title=\"Deutschland\" href=\"https:\/\/www.freiburg-schwarzwald.de\/blog\/global\/deutschland\/\">Deutschland<\/a> ist nicht reich, sondern leistungsf\u00e4hig. Reich sind L\u00e4nder wie Ru\u00dfland, <a title=\"Schweden\" href=\"https:\/\/www.freiburg-schwarzwald.de\/blog\/global\/schweden\/\">Schweden<\/a>, Australien, Kanada, Venezuela &#8211; selbst <a title=\"Italien\" href=\"https:\/\/www.freiburg-schwarzwald.de\/blog\/global\/italien\/\">Italien<\/a> ist dreimal so reich <!--more-->(im Sinne von verm\u00f6gend) wie die BRD.<br \/>\nDie Gr\u00fcnde f\u00fcr unsere \u00f6konomische Leistungsf\u00e4higkeit sind vielf\u00e4ltig: Bildung (<a title=\"Sozialkapital\" href=\"https:\/\/www.freiburg-schwarzwald.de\/blog\/engagement\/sozialkapital\/\">Humankapital<\/a>), Vertrauen (kulturelles Kapital), tradierte Kompetenz, Leistungsbereitschaft, Rechtssicherheit, Investitionsbereitschaft, &#8230; Diese Vielfalt ist schwer zu erkl\u00e4ren, aber leicht zu besch\u00e4digen.<br \/>\nWichtig im Hinblick auf die Masseneinwanderung von \u00fcber 2 Mio funktionalen Analphabeten seit <a title=\"Budapest-Dublin2015\" href=\"https:\/\/www.freiburg-schwarzwald.de\/blog\/global\/eu\/budapest-dublin2015\/\">Budapest 9\/2015<\/a>: Reichtum l\u00e4\u00dft sich konfiszieren (Reichensteuer) und umverteilen (lebenslang Hartz IV f\u00fcr Fl\u00fcchtlinge), Leistungsf\u00e4higkeit dagegen nicht. Unser Sozialstaat wird also am der Migration aus Afrika und der muslimischen Welt zerbrechen. Prof Sieferle formuliert dies auf Seite 124 treffend:<\/p>\n<p><em>&#8222;Der Rechtsstaat beruht als (demokratischer) Nationalstaat auf der Unterscheidung von B\u00fcrgern und Nicht-B\u00fcrgern. Gibt es diese Unterscheidung auf, verwandelt er sich vom Rechtsstaat nicht unbedingt (wie manche Phantasten hoffen) in ein individualistisches Freiheitsparadies, sondern in eine von multitribalen Warlords beherrschte Kampfzone.<\/em><br \/>\n<em>Der Sozialstaat beruht auf dem (demokratischen) Nationalstaat und ist als Genossenschaft zu begreifen, innerhalb deren Lebensrisiken umverteilt weden. \u00d6ffnet man ihn f\u00fcr alle Menschen, so verschwindet er nach kurzer Zeit durch \u00dcberforderung, was zu Lasten der eigenen B\u00fcrger geht, die auf ihn angewiesen sind. Der Sozialstaatberuht auf der impliziten Annahme, dass seine Leistungen nur einer bed\u00fcrftigen Minderheit zugute kommen, w\u00e4hrend die Mehrheit aus Leistungstr\u00e4gern besteht, die dies durch Umverteilung finanziert. Wenn also ein Trend in Gang kommt, wodurch die Zahl und das Anspruchsniveau der Leistungsempf\u00e4nger steigt und gleichzeitig die der Leistungstr\u00e4ger abnimmt, ger\u00e4gt das System in eine fundamentale Krise und bricht schlie\u00dflich zusammen.&#8220;<br \/>\n<\/em>\u00a0 .<br \/>\nDie von Sieferle angesprochene fundamentale Krise ist seit Budapest 9\/2015 da, sie wird sich zeigen, sobald die derzeitige Hochkonjunktur der deutschen Wirtschaft abklingt &#8211; dann werden junge Migranten zu Hundertausenden auf die Stra\u00dfe gegen, um trotz leerer Sozialkassen auf Zahlung ihrer gewohnten Transfereinkommen zu pochen.<br \/>\n26.7.2017<\/p>\n<p>Rolf Peter Sieferle:<br \/>\nDas Migrationsproblem<br \/>\n\u00dcber die Unvereinbarkeit von Sozialstaat und Masseneinwandrung<br \/>\nISBN 978-3-944872-41-4, Herbst 2016, 136 Seiten, 16,50 Euro<\/p>\n<p><strong>Sieferle: Retribalisierung Deutschlands als Ziel der Massenimmigration<\/strong><br \/>\nFast zwei Jahre nach der Ausrufung der \u201eWillkommenskultur\u201c m\u00fcsste man nun beginnen, sich vom Bild des edlen Menschen zu verabschieden. Dass unz\u00e4hlige Kr\u00e4fte, handfeste Interessen, eine riesige Asylindustrie, Gleichg\u00fcltigkeit und Indifferenz, Realit\u00e4tsverdr\u00e4ngung und Feigheit, Angst davor, in die rechte Ecke gestellt zu werden, Druck von Seiten der Medien etc. dem entgegenstehen, wird niemanden \u00fcberraschen, der einen n\u00fcchternen Blick auf die Verh\u00e4ltnisse in Deutschland hat. Der Hass auf das Eigene, die Unf\u00e4higkeit, die eigenen Interessen zu vertreten, das moralische Narrativ des Ausbeuters, der als Antirassismus getarnte Paternalismus, der im anderen nur ein Objekt der F\u00fcrsorge sieht, das alles kann bis zur Selbstzerst\u00f6rung f\u00fchren. Rolf Peter Sieferle, der in seinem k\u00fcrzlich posthum erschienenen Buch \u201eDas Migrationsproblem\u201c als wahrscheinlichstes Zukunftsszenario eine \u201eRetribalisierung Europas\u201c sah, merkte dazu an: \u201eWie konnte ein ganzes Land (nicht zum ersten Mal in seiner Geschichte) jede politische Vernunft, jeden Pragmatismus und jeden Common Sense \u00fcber Bord werfen? Wie konnte dieses Volk von Geisterfahrern zugleich meinen, es vertrete die einzig legitime Position, w\u00e4hrend der Rest der westlichen Staaten im Irrtum oder in der Unmoral befangen bleibt?\u201c &#8230;<br \/>\nAlles von Alexander Meschnig vom 11.4.2017 bitte lesen auf<br \/>\n<a href=\"https:\/\/www.achgut.com\/artikel\/willkommenskultur_die_eitelkeit_des_guten\">https:\/\/www.achgut.com\/artikel\/willkommenskultur_die_eitelkeit_des_guten<\/a><\/p>\n","protected":false},"excerpt":{"rendered":"<p>Wir sind reich (weil andere arm sind) und schuldig (Gesinnungsethik), deshalb offene Grenzen mit \u00a0\u00fcber 700 Migranten t\u00e4glich. Doch der deutsche Gr\u00f6\u00dfenwahn ist unbegr\u00fcndet, da das Verm\u00f6gen der BRD nur das Dreifache des Bruttoinlandsprodukts (BIP) betr\u00e4gt. Deutschland ist nicht reich, &hellip; <a href=\"https:\/\/www.freiburg-schwarzwald.de\/blog\/reichtum-leistungsbereitschaft\/\">Weiterlesen <span class=\"meta-nav\">&rarr;<\/span><\/a><\/p>\n","protected":false},"author":2,"featured_media":0,"comment_status":"open","ping_status":"closed","sticky":false,"template":"","format":"standard","meta":{"footnotes":""},"categories":[18,52,139,155,162],"tags":[409,633,208,485,622,388,631],"class_list":["post-65228","post","type-post","status-publish","format-standard","hentry","category-bildung","category-einewelt","category-heimat","category-integration","category-internet","tag-armut","tag-demokratie","tag-ehrlichkeit","tag-refugee","tag-migration","tag-social","tag-staat"],"_links":{"self":[{"href":"https:\/\/www.freiburg-schwarzwald.de\/blog\/wp-json\/wp\/v2\/posts\/65228","targetHints":{"allow":["GET"]}}],"collection":[{"href":"https:\/\/www.freiburg-schwarzwald.de\/blog\/wp-json\/wp\/v2\/posts"}],"about":[{"href":"https:\/\/www.freiburg-schwarzwald.de\/blog\/wp-json\/wp\/v2\/types\/post"}],"author":[{"embeddable":true,"href":"https:\/\/www.freiburg-schwarzwald.de\/blog\/wp-json\/wp\/v2\/users\/2"}],"replies":[{"embeddable":true,"href":"https:\/\/www.freiburg-schwarzwald.de\/blog\/wp-json\/wp\/v2\/comments?post=65228"}],"version-history":[{"count":0,"href":"https:\/\/www.freiburg-schwarzwald.de\/blog\/wp-json\/wp\/v2\/posts\/65228\/revisions"}],"wp:attachment":[{"href":"https:\/\/www.freiburg-schwarzwald.de\/blog\/wp-json\/wp\/v2\/media?parent=65228"}],"wp:term":[{"taxonomy":"category","embeddable":true,"href":"https:\/\/www.freiburg-schwarzwald.de\/blog\/wp-json\/wp\/v2\/categories?post=65228"},{"taxonomy":"post_tag","embeddable":true,"href":"https:\/\/www.freiburg-schwarzwald.de\/blog\/wp-json\/wp\/v2\/tags?post=65228"}],"curies":[{"name":"wp","href":"https:\/\/api.w.org\/{rel}","templated":true}]}}