{"id":65221,"date":"2017-07-24T17:10:06","date_gmt":"2017-07-24T15:10:06","guid":{"rendered":"https:\/\/www.freiburg-schwarzwald.de\/blog\/?p=65221"},"modified":"2017-07-24T17:10:06","modified_gmt":"2017-07-24T15:10:06","slug":"buergerpost-in-burg-birkenhof","status":"publish","type":"post","link":"https:\/\/www.freiburg-schwarzwald.de\/blog\/buergerpost-in-burg-birkenhof\/","title":{"rendered":"Buergerpost in Burg-Birkenhof"},"content":{"rendered":"<p>Als sich die <a title=\"Post\" href=\"https:\/\/www.freiburg-schwarzwald.de\/blog\/business\/dienste\/post\/\">Postagentur<\/a> im November 2015 aus unserem Ortsteil (<a title=\"Kirchzarten\" href=\"https:\/\/www.freiburg-schwarzwald.de\/blog\/regio\/orte\/kirchzarten\/\">Kirchzarten<\/a> &#8211; <a title=\"Burg-Birkenhof\" href=\"https:\/\/www.freiburg-schwarzwald.de\/blog\/regio\/orte\/kirchzarten\/burg-birkenhof\/\">Burg Birkenhof<\/a>) zur\u00fcckgezogen hat, hatten wir vom <a title=\"Buergervereine\" href=\"https:\/\/www.freiburg-schwarzwald.de\/blog\/engagement\/buergervereine\/\">B\u00fcrgerverein<\/a> die Bef\u00fcrchtung, dass auch die anderen <a title=\"Dorfladen\" href=\"https:\/\/www.freiburg-schwarzwald.de\/blog\/business\/handel\/dorfladen\/\">Gesch\u00e4fte<\/a> am zentralen Burger Platz \u2013 Sparkasse, Friseur, <a title=\"Baecker\" href=\"https:\/\/www.freiburg-schwarzwald.de\/blog\/business\/handwerk\/baecker\/\">B\u00e4cker<\/a> und <a title=\"Hofladen\" href=\"https:\/\/www.freiburg-schwarzwald.de\/blog\/business\/handel\/hofladen\/\">Naturkostladen<\/a> \u2013 darunter leiden k\u00f6nnten und m\u00f6glicherweise weitere <a title=\"Laden\" href=\"https:\/\/www.freiburg-schwarzwald.de\/blog\/business\/handel\/laden\/\">Schlie\u00dfungen<\/a> folgen. Wir wollten den Burger Platz als <a title=\"Oeffentlicher-Raum\" href=\"https:\/\/www.freiburg-schwarzwald.de\/blog\/kultur\/oeffentlicher-raum\/\">kommunikativen Treffpunkt<\/a> erhalten. <!--more-->Deshalb haben wir nach einem Weg gesucht, die Post <a title=\"Buergerbeteiligung\" href=\"https:\/\/www.freiburg-schwarzwald.de\/blog\/engagement\/buergerbeteiligung\/\">b\u00fcrgerschaftlich<\/a> zu organisieren. Daraus wurde die ,Burger B\u00fcrger Post und Mehr\u2018, denn neben Postangeboten gibt es auch Schreibwaren und Zeitschriften sowie eine Tauschb\u00f6rse, einen \u00f6ffentlichen B\u00fccherschrank und Regalf\u00e4cher, in denen Einheimische ihre eigenen Produkte anbieten k\u00f6nnen.<br \/>\nBei der ganzen Sache kooperieren <a title=\"Kirchzarten-Burg Buergerverein\" href=\"https:\/\/www.freiburg-schwarzwald.de\/blog\/kirchzarten-burg-buergerverein\/\">B\u00fcrgerverein<\/a> und das <a title=\"Himmelreich\" href=\"https:\/\/www.freiburg-schwarzwald.de\/blog\/selbsthilfe\/behinderung\/himmelreich\/\">Hofgut Himmelreich<\/a>, das die Gesch\u00e4ftsf\u00fchrung innehat. Die Post hat uns mit der vorherigen Betreiberin eine Fachfrau zur Seite gestellt, die unsere ehrenamtlichen Mitarbeiterinnen eingearbeitet hat. Auf lange Sicht ist es unser Wunsch, einen integrativen Arbeitsplatz f\u00fcr eine Person mit Behinderung einzurichten. Das Engagement ist \u00fcberw\u00e4ltigend.&#8220;<br \/>\n<a title=\"Engagement\" href=\"https:\/\/www.freiburg-schwarzwald.de\/blog\/engagement\/\">20 Helfer<\/a>, vor allem Frauen, teilen sich die Arbeit am Schalter. Dadurch ist es m\u00f6glich, dass unsere B\u00fcrgerpost von Montag bis Samstag t\u00e4glich ge\u00f6ffnet hat \u2013 und das, obwohl sie komplett ehrenamtlich organisiert ist.<br \/>\nDas <a title=\"Ehrenamt\" href=\"https:\/\/www.freiburg-schwarzwald.de\/blog\/engagement\/ehrenamt\/\">Engagement<\/a> ist \u00fcberw\u00e4ltigend. Ohne die vielen Mitarbeiterinnen, die hier t\u00e4glich ihre Arbeit verrichten, w\u00e4re dieses Projekt nicht m\u00f6glich. In unserem Laden steht auch ein Sofa, und manchmal kommen die Leute, setzen sich dorthin und sagen: ,Es ist einfach sch\u00f6n, hier zu sein.\u2018 Was uns jetzt, nach dem ersten Betriebsjahr riesig freut: Wir schreiben keine roten Zahlen, der Laden tr\u00e4gt sich finanziell.<br \/>\n23.7.2017, Ulrich Albicker<\/p>\n<p><em>Ulrich Albicker (45), hauptberuflich Pastoralreferent, hat im Kirchzartener Ortsteil Burg-Birkenhof die &#8222;B\u00fcrgerpost&#8220; mit aufgebaut:<\/em><br \/>\nMehr auch auf <a href=\"https:\/\/www.badische-zeitung.de\/wie-unterschiedlich-buerger-sich-in-ihrer-gemeinde-engagieren\">https:\/\/www.badische-zeitung.de\/wie-unterschiedlich-buerger-sich-in-ihrer-gemeinde-engagieren<\/a><\/p>\n","protected":false},"excerpt":{"rendered":"<p>Als sich die Postagentur im November 2015 aus unserem Ortsteil (Kirchzarten &#8211; Burg Birkenhof) zur\u00fcckgezogen hat, hatten wir vom B\u00fcrgerverein die Bef\u00fcrchtung, dass auch die anderen Gesch\u00e4fte am zentralen Burger Platz \u2013 Sparkasse, Friseur, B\u00e4cker und Naturkostladen \u2013 darunter leiden &hellip; <a href=\"https:\/\/www.freiburg-schwarzwald.de\/blog\/buergerpost-in-burg-birkenhof\/\">Weiterlesen <span class=\"meta-nav\">&rarr;<\/span><\/a><\/p>\n","protected":false},"author":2,"featured_media":0,"comment_status":"open","ping_status":"closed","sticky":false,"template":"","format":"standard","meta":{"footnotes":""},"categories":[36,400,354,104,180,427,157,9],"tags":[716,281,559,301,383,621,175],"class_list":["post-65221","post","type-post","status-publish","format-standard","hentry","category-engagement","category-freiwillig","category-genossenschaften","category-hilfe","category-hochschwarzwald","category-markt","category-oeffentlicher-raum","category-soziales","tag-bauernhof","tag-burgerinitiativen","tag-business","tag-culture","tag-laden","tag-land","tag-ortsgeschichte"],"_links":{"self":[{"href":"https:\/\/www.freiburg-schwarzwald.de\/blog\/wp-json\/wp\/v2\/posts\/65221","targetHints":{"allow":["GET"]}}],"collection":[{"href":"https:\/\/www.freiburg-schwarzwald.de\/blog\/wp-json\/wp\/v2\/posts"}],"about":[{"href":"https:\/\/www.freiburg-schwarzwald.de\/blog\/wp-json\/wp\/v2\/types\/post"}],"author":[{"embeddable":true,"href":"https:\/\/www.freiburg-schwarzwald.de\/blog\/wp-json\/wp\/v2\/users\/2"}],"replies":[{"embeddable":true,"href":"https:\/\/www.freiburg-schwarzwald.de\/blog\/wp-json\/wp\/v2\/comments?post=65221"}],"version-history":[{"count":0,"href":"https:\/\/www.freiburg-schwarzwald.de\/blog\/wp-json\/wp\/v2\/posts\/65221\/revisions"}],"wp:attachment":[{"href":"https:\/\/www.freiburg-schwarzwald.de\/blog\/wp-json\/wp\/v2\/media?parent=65221"}],"wp:term":[{"taxonomy":"category","embeddable":true,"href":"https:\/\/www.freiburg-schwarzwald.de\/blog\/wp-json\/wp\/v2\/categories?post=65221"},{"taxonomy":"post_tag","embeddable":true,"href":"https:\/\/www.freiburg-schwarzwald.de\/blog\/wp-json\/wp\/v2\/tags?post=65221"}],"curies":[{"name":"wp","href":"https:\/\/api.w.org\/{rel}","templated":true}]}}