{"id":65136,"date":"2017-07-12T11:00:02","date_gmt":"2017-07-12T09:00:02","guid":{"rendered":"https:\/\/www.freiburg-schwarzwald.de\/blog\/?p=65136"},"modified":"2017-07-12T11:05:59","modified_gmt":"2017-07-12T09:05:59","slug":"migranten-littenweiler-treffs","status":"publish","type":"post","link":"https:\/\/www.freiburg-schwarzwald.de\/blog\/migranten-littenweiler-treffs\/","title":{"rendered":"Migranten Littenweiler &#8211; Treffs"},"content":{"rendered":"<p>Ein offener <a title=\"Integrationstreffen Littenweiler\" href=\"https:\/\/www.freiburg-schwarzwald.de\/blog\/integrationstreffen-littenweiler\/\">Treff<\/a> f\u00fcr Ehrenamtliche findet am Freitag, 14. Juli, ab 17 Uhr in der <a title=\"Kappler-Knoten\" href=\"https:\/\/www.freiburg-schwarzwald.de\/blog\/regio\/freiburg\/littenweiler\/kappler-knoten\/\">Fl\u00fcchtlingsunterkunft am Kappler Knoten<\/a> (Geb\u00e4ude 3, Erdgeschoss), Kappler Stra\u00dfe 80, in <a title=\"Littenweiler\" href=\"https:\/\/www.freiburg-schwarzwald.de\/blog\/regio\/freiburg\/littenweiler\/\">Littenweiler<\/a> statt. Die dort eingezogenen <a title=\"Fluechtlingswohnheim\" href=\"https:\/\/www.freiburg-schwarzwald.de\/blog\/selbsthilfe\/soziales\/fluechtlingswohnheim\/\">Menschen<\/a>, so Matthias Reinbold von der &#8222;Koordinationsstelle f\u00fcr Fl\u00fcchtlingshilfe und Migration&#8220; der <a title=\"Diakonie\" href=\"https:\/\/www.freiburg-schwarzwald.de\/blog\/religion\/kirchen\/diakonie\/\">Evangelischen Kirche<\/a> in Freiburg, h\u00e4tten sich gut eingelebt<!--more--> und es gebe fast jeden Tag vielf\u00e4ltige \u2013 meist ehrenamtliche \u2013 Angebote, um den Alltag in der neuen Heimat zu meistern. Damit das so bleibt, w\u00fcnschten sich die dortigen Akteure die Unterst\u00fctzung von weiteren ehrenamtlichen Helfern. Zum Treffen laden der B\u00fcrgerverein Littenweiler, Constanze Fetzner, dortige Koordinatorin f\u00fcr ehrenamtliche Patenschaften, das Deutsche Rote Kreuz, die Stadt Freiburg und die Evangelische Pfarrgemeinde Ost ein.<br \/>\n12.7.2017<br \/>\n.<\/p>\n<p><b>Einladung zum Nachbarschaftshock\u00a0<\/b><b>in der Fl\u00fcchtlingsunterkunft\u00a0<\/b><b>H\u00f6llentalstr. 1a in Littenweiler<br \/>\n<\/b>Liebe Nachbarn und Helfer der <a title=\"Fluechtlinge-Hoellentalstrasse\" href=\"https:\/\/www.freiburg-schwarzwald.de\/blog\/selbsthilfe\/soziales\/fluechtlinge-hoellentalstrasse\/\">Fl\u00fcchtlingsunterkunft H\u00f6llentalstra\u00dfe<\/a>,<br \/>\nwir m\u00f6chten Sie am Freitag, 14.07.2017, von 17 \u2013 20 Uhr herzlich zu einem Nachbarschaftshock auf dem Au\u00dfengel\u00e4nde der Fl\u00fcchtlingsunterkunft einladen. F\u00fcr Getr\u00e4nke und ein kleines Buffet ist gesorgt. Falls Sie uns beim Auf-\/Abbau unterst\u00fctzen m\u00f6chten oder Bierb\u00e4nke und -tische zur Verf\u00fcgung stellen k\u00f6nnen, geben Sie uns bitte Bescheid. Bei schlechtem Wetter f\u00e4llt unser Fest leider aus.\u00a0Bitte geben Sie uns f\u00fcr unsere Planung bis sp\u00e4testens Freitag, 07.07., R\u00fcckmeldung (per Tel. 696 657 21 oder per E-Mail: <a href=\"mailto:christine.stiefvater@stadt.freiburg.de\">christine.stiefvater@stadt.freiburg.de<\/a>) ob und mit wieviel Personen Sie kommen m\u00f6chten.\u00a0Auf Ihr Kommen freuen sich Christine Stiefvater sowie die hier lebenden Frauen und Kinder!<br \/>\nChristine Stiefvater<br \/>\nSozialer Dienst Fl\u00fcchtlinge, Amt f\u00fcr Migration und Integration, Stadt Freiburg im Breisgau<br \/>\nH\u00f6llentalstr. 1a, 79117 Freiburg im Breisgau<br \/>\nTel.: 0761 \/ 696 657 21<\/p>\n<p>&nbsp;<\/p>\n<p>&nbsp;<\/p>\n","protected":false},"excerpt":{"rendered":"<p>Ein offener Treff f\u00fcr Ehrenamtliche findet am Freitag, 14. Juli, ab 17 Uhr in der Fl\u00fcchtlingsunterkunft am Kappler Knoten (Geb\u00e4ude 3, Erdgeschoss), Kappler Stra\u00dfe 80, in Littenweiler statt. Die dort eingezogenen Menschen, so Matthias Reinbold von der &#8222;Koordinationsstelle f\u00fcr Fl\u00fcchtlingshilfe &hellip; <a href=\"https:\/\/www.freiburg-schwarzwald.de\/blog\/migranten-littenweiler-treffs\/\">Weiterlesen <span class=\"meta-nav\">&rarr;<\/span><\/a><\/p>\n","protected":false},"author":2,"featured_media":0,"comment_status":"open","ping_status":"closed","sticky":false,"template":"","format":"standard","meta":{"footnotes":""},"categories":[181,198,400,155,283,9],"tags":[731,717,485,725,622],"class_list":["post-65136","post","type-post","status-publish","format-standard","hentry","category-buergerbeteiligung","category-diakonie","category-freiwillig","category-integration","category-littenweiler","category-soziales","tag-diakonie","tag-ehrenamt","tag-refugee","tag-integration","tag-migration"],"_links":{"self":[{"href":"https:\/\/www.freiburg-schwarzwald.de\/blog\/wp-json\/wp\/v2\/posts\/65136","targetHints":{"allow":["GET"]}}],"collection":[{"href":"https:\/\/www.freiburg-schwarzwald.de\/blog\/wp-json\/wp\/v2\/posts"}],"about":[{"href":"https:\/\/www.freiburg-schwarzwald.de\/blog\/wp-json\/wp\/v2\/types\/post"}],"author":[{"embeddable":true,"href":"https:\/\/www.freiburg-schwarzwald.de\/blog\/wp-json\/wp\/v2\/users\/2"}],"replies":[{"embeddable":true,"href":"https:\/\/www.freiburg-schwarzwald.de\/blog\/wp-json\/wp\/v2\/comments?post=65136"}],"version-history":[{"count":0,"href":"https:\/\/www.freiburg-schwarzwald.de\/blog\/wp-json\/wp\/v2\/posts\/65136\/revisions"}],"wp:attachment":[{"href":"https:\/\/www.freiburg-schwarzwald.de\/blog\/wp-json\/wp\/v2\/media?parent=65136"}],"wp:term":[{"taxonomy":"category","embeddable":true,"href":"https:\/\/www.freiburg-schwarzwald.de\/blog\/wp-json\/wp\/v2\/categories?post=65136"},{"taxonomy":"post_tag","embeddable":true,"href":"https:\/\/www.freiburg-schwarzwald.de\/blog\/wp-json\/wp\/v2\/tags?post=65136"}],"curies":[{"name":"wp","href":"https:\/\/api.w.org\/{rel}","templated":true}]}}