{"id":65042,"date":"2017-06-21T16:48:07","date_gmt":"2017-06-21T14:48:07","guid":{"rendered":"https:\/\/www.freiburg-schwarzwald.de\/blog\/?p=65042"},"modified":"2017-06-21T16:50:39","modified_gmt":"2017-06-21T14:50:39","slug":"islam-antiterror-demo-nur-300","status":"publish","type":"post","link":"https:\/\/www.freiburg-schwarzwald.de\/blog\/islam-antiterror-demo-nur-300\/","title":{"rendered":"Islam-Antiterror-Demo &#8211; nur 300"},"content":{"rendered":"<p>Die <a title=\"Mainstream\" href=\"https:\/\/www.freiburg-schwarzwald.de\/blog\/kultur\/medien\/mainstream\/\">Mainstream<\/a>-Medien k\u00fcndigten zwischen 10000 und 12000 <a title=\"Integration-Islam\" href=\"https:\/\/www.freiburg-schwarzwald.de\/blog\/global\/integration\/integration-islam\/\">Muslime<\/a> an, die in K\u00f6ln am 17.6.2017 gegen den durch <a title=\"Koran\" href=\"https:\/\/www.freiburg-schwarzwald.de\/blog\/religion\/islam\/koran\/\">Koran<\/a> bzw. Islam begr\u00fcndeten <a title=\"Papst relativiert Islam-Gewalt\" href=\"https:\/\/www.freiburg-schwarzwald.de\/blog\/papst-relativiert-islam-gewalt\/\">Terror<\/a> demonstrieren wollen &#8211; <a title=\"Deutsche\" href=\"https:\/\/www.freiburg-schwarzwald.de\/blog\/global\/deutschland\/deutsche\/\">leider<\/a> erf\u00fcllten sich die Hoffnungen nicht, denn nur zwischen 300 und 500 kamen. Schade. So wird die <a title=\"Meinungsfreiheit\" href=\"https:\/\/www.freiburg-schwarzwald.de\/blog\/kultur\/medien\/meinungsfreiheit\/\">Aussage<\/a> &#8222;Mit dem <a title=\"Islam\" href=\"https:\/\/www.freiburg-schwarzwald.de\/blog\/religion\/islam\/\">real existierenden Islam<\/a> verbinden sich <a title=\"Islam-Antisemitismus\" href=\"https:\/\/www.freiburg-schwarzwald.de\/blog\/religion\/islam\/islam-antisemitismus\/\">Antisemitismus<\/a>, <a title=\"Frauenrechte und Migration\" href=\"https:\/\/www.freiburg-schwarzwald.de\/blog\/frauenrechte-und-migration\/\">Frauenunterdr\u00fcckung<\/a> und <a title=\"Terror\" href=\"https:\/\/www.freiburg-schwarzwald.de\/blog\/religion\/islam\/terror\/\">Terror<\/a>&#8220; weiter f\u00fcr <a title=\"Political-Correctness\" href=\"https:\/\/www.freiburg-schwarzwald.de\/blog\/kultur\/medien\/political-correctness\/\">Diskussion<\/a> sorgen.<!--more--><\/p>\n<p><strong>Handwerkliche M\u00e4ngel beim WDR und eine Massendemo, die keine war<\/strong><br \/>\nAm 17. Juni 2017 fand in K\u00f6ln eine Demonstration von Muslimen gegen islamischen Terror statt. Erwartet wurden 10.000 Menschen. Es kamen weniger als 1.000. Die meisten waren keine Muslime. Die tagesschau sah jedoch \u00fcber 2.000 Menschen. Der WDR sah sogar \u00fcber 3.000 Menschen. Das ZDF hat nur 1.000 Menschen gez\u00e4hlt. Dem WDR ist da wohl ein handwerklicher Fehler unterlaufen. Gesendet wurde die Zahl dennoch. &#8230; Alles von Gerd Buurmann vom 18.6.2017 bitte lesen auf<br \/>\n<a href=\"https:\/\/www.achgut.com\/artikel\/handwerkliche_maengel_beim_wdr_und_eine_massendemo_die_keine_war\/P10#section_leserpost\">https:\/\/www.achgut.com\/artikel\/handwerkliche_maengel_beim_wdr_und_eine_massendemo_die_keine_war\/P10#section_leserpost<\/a><br \/>\n.<br \/>\nDeutschlandfunk meldete 500 und K\u00f6lner Express 300 Teilnehmer.<br \/>\n.<br \/>\n<strong>Muslim-Demo gegen Terror &#8211; Fehlanzeige<\/strong><br \/>\nDie Prediger eines liberalen Islam haben gerufen, und die Gl\u00e4ubigen sind nicht gekommen. Ob es 500 oder 3000 waren (anstelle der erwarteten 10000), die am Samstag in K\u00f6ln den Terroristen \u201eNicht mit uns!\u201c zurufen wollten, ist genauso irrelevant wie die Frage, wie viele von ihnen tats\u00e4chlich praktizierende Muslime waren. Manche t\u00fcrkische Hochzeiten sind besser besucht und leider auch die Demonstrationen auf deutschen Stra\u00dfen f\u00fcr den R\u00fcckbau der t\u00fcrkischen Demokratie. Nicht nur die Ditib, die von Ankara gelenkte gr\u00f6\u00dfte Organisation von Moscheen in Deutschland, schlug die Gelegenheit aus, ein Zeichen zu setzen. Die \u00fcberw\u00e4ltigende Mehrheit der deutschen Muslime tat es auch. <strong>Das ist bitter. Aber es ist so. Wir sollten es endlich zur Kenntnis nehmen<\/strong>. .<br \/>\n&#8230;.<br \/>\nAber der organisierte liberale Islam, von dem Politik und Medien tr\u00e4umen, ist ein Potemkinsches Dorf. &#8230; Alles vom 18.6.2017 bitte lesen auf<br \/>\n<a href=\"https:\/\/www.welt.de\/debatte\/kommentare\/article165647231\/Der-Aufstand-der-anstaendigen-Muslime-bleibt-aus.html\">https:\/\/www.welt.de\/debatte\/kommentare\/article165647231\/Der-Aufstand-der-anstaendigen-Muslime-bleibt-aus.html<\/a><br \/>\n.<br \/>\n<strong>Wunschtraum<br \/>\n<\/strong>Vielen Dank, da\u00df sich nun WO der Realit\u00e4t zuwendet. Mehr is nicht n\u00f6tig. Es wurde in allen Vergangenheiten bereits zu viel diskutiert, sch\u00f6ngeredet, Meinungsfreiheit eingeschr\u00e4nkt. Eindeutige L\u00f6sungen m\u00fcssen her. No Borders, bedeutet die Aufgabe des Staates. Wir sind mE nicht mehr all zu weit davon entfernt. Meine Erinnerung: 2016 pro <a title=\"Islam-Politik\" href=\"https:\/\/www.freiburg-schwarzwald.de\/blog\/religion\/islam\/islam-politik\/\">Erdogan<\/a> (30000 &#8211; 40000, 2015 Massendemos wegen Mohammed Karikaturen&#8230; Und das Feiern von Terroranschl\u00e4gen in den Socialmedias?<br \/>\n18.6.2017, Soria S., WO<br \/>\n.<br \/>\nDie magere Beteiligung hat auch etwas Positives: Damit d\u00fcrfte bewiesen sein: Der Islam geh\u00f6rt nicht zu Deutschland! Das sollten unsere Politiker zur Kenntnis nehmen und nicht andauernd immer und immer alles sch\u00f6n reden.<br \/>\nUwe T., WO<\/p>\n<p>.<\/p>\n<p><strong>Wo bleiben die Demonstrationen der Muslime?<\/strong><br \/>\nAuch der islamistische Terror von heute hat sein ideologisches Umfeld, das zig Millionen Menschen umfasst. Erinnert sich noch jemand an die Massendemonstrationen von Hunderttausenden in Pakistan, Gaza und anderen Teilen der arabisch-muslimischen Welt nach Ver\u00f6ffentlichung der Mohammed-Karikaturen in der d\u00e4nischen Zeitung \u201eJyllands-Posten\u201c, auf denen allein durch den Furor der fanatisierten Massen Dutzende Menschen ums Leben kamen? Der Konzertveranstalter Marek Lieberberg hat v\u00f6llig recht, wenn er fragt:<br \/>\nWo bleibt der Aufstand der Anst\u00e4ndigen, hier und heute, der anst\u00e4ndigen Muslime? Es geht nicht um ein paar Verbandsvertreter am Brandenburger Tor, sondern, bitte sch\u00f6n und wenn es sich denn einrichten lie\u00dfe, um Tausende auf den Stra\u00dfen Kreuzbergs und Neuk\u00f6llns.<br \/>\nWo bleibt in diesem Fall die viel beschworene multikulturelle \u201eZivilgesellschaft\u201c, die gerade unter massivem Polizeischutz den Karneval der Kulturen gefeiert hat? Wo bleibt jenes \u201eweltoffene, bunte\u201c Deutschland, das stets gegen die Gefahr von rechts in Stellung gebracht wird? K\u00f6nnte es sein, dass ein Gro\u00dfteil dieser Zivilgesellschaft, aus Feigheit oder politischer Korrektheit, auf dem muslimischen Auge blind ist? Es ist Zeit, die Augen aufzumachen<br \/>\nAlles vom 5.6.2017 bitt lesen auf<br \/>\n<a href=\"https:\/\/www.welt.de\/debatte\/kommentare\/article165237910\/Doch-der-Terror-hat-mit-dem-Islam-zu-tun.html\">https:\/\/www.welt.de\/debatte\/kommentare\/article165237910\/Doch-der-Terror-hat-mit-dem-Islam-zu-tun.html<\/a><\/p>\n","protected":false},"excerpt":{"rendered":"<p>Die Mainstream-Medien k\u00fcndigten zwischen 10000 und 12000 Muslime an, die in K\u00f6ln am 17.6.2017 gegen den durch Koran bzw. Islam begr\u00fcndeten Terror demonstrieren wollen &#8211; leider erf\u00fcllten sich die Hoffnungen nicht, denn nur zwischen 300 und 500 kamen. Schade. So &hellip; <a href=\"https:\/\/www.freiburg-schwarzwald.de\/blog\/islam-antiterror-demo-nur-300\/\">Weiterlesen <span class=\"meta-nav\">&rarr;<\/span><\/a><\/p>\n","protected":false},"author":2,"featured_media":0,"comment_status":"open","ping_status":"closed","sticky":false,"template":"","format":"standard","meta":{"footnotes":""},"categories":[36,155,157,19],"tags":[325,633,732,421,525],"class_list":["post-65042","post","type-post","status-publish","format-standard","hentry","category-engagement","category-integration","category-oeffentlicher-raum","category-religion","tag-demo","tag-demokratie","tag-gewalt","tag-islam","tag-politik"],"_links":{"self":[{"href":"https:\/\/www.freiburg-schwarzwald.de\/blog\/wp-json\/wp\/v2\/posts\/65042","targetHints":{"allow":["GET"]}}],"collection":[{"href":"https:\/\/www.freiburg-schwarzwald.de\/blog\/wp-json\/wp\/v2\/posts"}],"about":[{"href":"https:\/\/www.freiburg-schwarzwald.de\/blog\/wp-json\/wp\/v2\/types\/post"}],"author":[{"embeddable":true,"href":"https:\/\/www.freiburg-schwarzwald.de\/blog\/wp-json\/wp\/v2\/users\/2"}],"replies":[{"embeddable":true,"href":"https:\/\/www.freiburg-schwarzwald.de\/blog\/wp-json\/wp\/v2\/comments?post=65042"}],"version-history":[{"count":0,"href":"https:\/\/www.freiburg-schwarzwald.de\/blog\/wp-json\/wp\/v2\/posts\/65042\/revisions"}],"wp:attachment":[{"href":"https:\/\/www.freiburg-schwarzwald.de\/blog\/wp-json\/wp\/v2\/media?parent=65042"}],"wp:term":[{"taxonomy":"category","embeddable":true,"href":"https:\/\/www.freiburg-schwarzwald.de\/blog\/wp-json\/wp\/v2\/categories?post=65042"},{"taxonomy":"post_tag","embeddable":true,"href":"https:\/\/www.freiburg-schwarzwald.de\/blog\/wp-json\/wp\/v2\/tags?post=65042"}],"curies":[{"name":"wp","href":"https:\/\/api.w.org\/{rel}","templated":true}]}}