{"id":65025,"date":"2017-06-21T11:46:14","date_gmt":"2017-06-21T09:46:14","guid":{"rendered":"https:\/\/www.freiburg-schwarzwald.de\/blog\/?p=65025"},"modified":"2017-06-21T11:47:54","modified_gmt":"2017-06-21T09:47:54","slug":"refugee-soli-freiwillige-abgabe","status":"publish","type":"post","link":"https:\/\/www.freiburg-schwarzwald.de\/blog\/refugee-soli-freiwillige-abgabe\/","title":{"rendered":"Refugee-Soli &#8211; freiwillige Abgabe"},"content":{"rendered":"<p>Die <a title=\"Budapest-Dublin2015\" href=\"https:\/\/www.freiburg-schwarzwald.de\/blog\/global\/eu\/budapest-dublin2015\/\">Fl\u00fcchtlingskrise von 2015<\/a> hat wegen der <a title=\"Migration\" href=\"https:\/\/www.freiburg-schwarzwald.de\/blog\/global\/migration\/\">fortw\u00e4hrenden,<\/a> <a title=\"Kontrollierte-Grenzen\" href=\"https:\/\/www.freiburg-schwarzwald.de\/blog\/global\/migration\/kontrollierte-grenzen\/\">unkontrollierten Einwanderung<\/a> die deutsche Gesellschaft in einen f\u00fcr heutige Generationen unbekannten <a title=\"Grenzen zu und Abschiebestopp\" href=\"https:\/\/www.freiburg-schwarzwald.de\/blog\/grenzen-zu-und-abschiebestopp\/\">Spannungszustand<\/a> versetzt. Die Anzeichen von <a title=\"Wir-schaffen-das\" href=\"https:\/\/www.freiburg-schwarzwald.de\/blog\/global\/migration\/wir-schaffen-das\/\">Unsicherheit<\/a> und <a title=\"Angst und Religion\" href=\"https:\/\/www.freiburg-schwarzwald.de\/blog\/angst-und-religion\/\">Angst<\/a> sind sp\u00fcrbar , nicht zuletzt in unserer Stadt Freiburg, die schon vor 2015 als &#8222;Hot Spot&#8220; der Kriminalit\u00e4t galt. <!--more-->.<br \/>\nDennoch k\u00f6nnten die zwei wichtigsten Probleme dieser Krise, die <a title=\"Migration-Kosten\" href=\"https:\/\/www.freiburg-schwarzwald.de\/blog\/global\/migration\/migration-kosten\/\">Finanzierung<\/a> und die <a title=\"Die Last der jungen Generation\" href=\"https:\/\/www.freiburg-schwarzwald.de\/blog\/die-last-der-jungen-generation\/\">gesellschaftliche Akzeptanz<\/a> der Migranten, relativ leicht gel\u00f6st werden.<br \/>\nUm die j\u00e4hrlich ben\u00f6tigten 24 Milliarden Euro zu finanzieren, schlage ich vor, einen zweckgebundenen &#8222;Refugee-Soli&#8220; einzurichten. Anders als der alte <a title=\"Staat als Solidargemeinschaft\" href=\"https:\/\/www.freiburg-schwarzwald.de\/blog\/staat-als-solidargemeinschaft\/\">Solizuschlag<\/a> zur Finanzierung der <a title=\"Helmut Kohl \u2013 Deutsche Einheit\" href=\"https:\/\/www.freiburg-schwarzwald.de\/blog\/helmut-kohl-deutsche-einheit\/\">deutschen Einheit<\/a> h\u00e4tte der &#8222;Refugee-Soli&#8220; jedoch einen neuen Charakter: Er m\u00fcsste <a title=\"Engagement\" href=\"https:\/\/www.freiburg-schwarzwald.de\/blog\/engagement\/\">freiwillig<\/a> sein. Auf dieser Basis w\u00fcrde er eine sogenannte &#8222;Win-Win&#8220;-Wirkung entfalten:<br \/>\nEinerseits tr\u00fcge er zur Erleichterung der Staatsausgaben und andererseits w\u00fcrde er allen <a title=\"Willkommenskultur\" href=\"https:\/\/www.freiburg-schwarzwald.de\/blog\/global\/integration\/willkommenskultur\/\">solidarisch gesinnten Mitb\u00fcrgern<\/a> eine einfache M\u00f6glichkeit der Mithilfe geben. Jedem willigen Steuerzahler w\u00fcrde erm\u00f6glicht, seine Zustimmung zur Fl\u00fcchtlingspolitik der Regierung in Form eines pers\u00f6nlichen Beitrags zu dokumentieren. Es w\u00e4re sogar zu erw\u00e4gen, diese aktive solidarische Haltung in Form eines eigens dazu ausgegebenen Stickers \u00f6ffentlich kundzutun, zum Beispiel mit dem Motto: &#8222;Refuge? Ja, bitte. Ich zahle mit!&#8220;<br \/>\n21..6.2017, Dr. Victor Iglesias, Merzhausen, BO<br \/>\n.<br \/>\n<strong>Fl\u00fcchtlingskosten nicht &#8222;nur&#8220; 24 Mrd Euro, sondern 35 Mrd<br \/>\n<\/strong>Guter Vorschlag, der Migranten-Soli. Nur: Statt 24 Mrd Euro sind im Jahr mindestens 35 Mrd Euro f\u00fcr die Integration der Fl\u00fcchtlinge aufzubringen. Und der Refugee-Soli m\u00fcsste von vorneherein zeitlich begrenzt eingef\u00fchrt werden, sonst bleibt er wie der DDR-Soli als Dauerzustand bestehen..<br \/>\n21.6.2017, K. Baumann<\/p>\n","protected":false},"excerpt":{"rendered":"<p>Die Fl\u00fcchtlingskrise von 2015 hat wegen der fortw\u00e4hrenden, unkontrollierten Einwanderung die deutsche Gesellschaft in einen f\u00fcr heutige Generationen unbekannten Spannungszustand versetzt. Die Anzeichen von Unsicherheit und Angst sind sp\u00fcrbar , nicht zuletzt in unserer Stadt Freiburg, die schon vor 2015 &hellip; <a href=\"https:\/\/www.freiburg-schwarzwald.de\/blog\/refugee-soli-freiwillige-abgabe\/\">Weiterlesen <span class=\"meta-nav\">&rarr;<\/span><\/a><\/p>\n","protected":false},"author":2,"featured_media":0,"comment_status":"open","ping_status":"closed","sticky":false,"template":"","format":"standard","meta":{"footnotes":""},"categories":[18,36,400,155,9,161],"tags":[445,372,485,622,316,631],"class_list":["post-65025","post","type-post","status-publish","format-standard","hentry","category-bildung","category-engagement","category-freiwillig","category-integration","category-soziales","category-spende","tag-bund","tag-euro","tag-refugee","tag-migration","tag-schulden","tag-staat"],"_links":{"self":[{"href":"https:\/\/www.freiburg-schwarzwald.de\/blog\/wp-json\/wp\/v2\/posts\/65025","targetHints":{"allow":["GET"]}}],"collection":[{"href":"https:\/\/www.freiburg-schwarzwald.de\/blog\/wp-json\/wp\/v2\/posts"}],"about":[{"href":"https:\/\/www.freiburg-schwarzwald.de\/blog\/wp-json\/wp\/v2\/types\/post"}],"author":[{"embeddable":true,"href":"https:\/\/www.freiburg-schwarzwald.de\/blog\/wp-json\/wp\/v2\/users\/2"}],"replies":[{"embeddable":true,"href":"https:\/\/www.freiburg-schwarzwald.de\/blog\/wp-json\/wp\/v2\/comments?post=65025"}],"version-history":[{"count":0,"href":"https:\/\/www.freiburg-schwarzwald.de\/blog\/wp-json\/wp\/v2\/posts\/65025\/revisions"}],"wp:attachment":[{"href":"https:\/\/www.freiburg-schwarzwald.de\/blog\/wp-json\/wp\/v2\/media?parent=65025"}],"wp:term":[{"taxonomy":"category","embeddable":true,"href":"https:\/\/www.freiburg-schwarzwald.de\/blog\/wp-json\/wp\/v2\/categories?post=65025"},{"taxonomy":"post_tag","embeddable":true,"href":"https:\/\/www.freiburg-schwarzwald.de\/blog\/wp-json\/wp\/v2\/tags?post=65025"}],"curies":[{"name":"wp","href":"https:\/\/api.w.org\/{rel}","templated":true}]}}