{"id":64968,"date":"2017-06-09T12:21:35","date_gmt":"2017-06-09T10:21:35","guid":{"rendered":"https:\/\/www.freiburg-schwarzwald.de\/blog\/?p=64968"},"modified":"2018-01-03T09:05:25","modified_gmt":"2018-01-03T08:05:25","slug":"messerattacken-in-deutschland","status":"publish","type":"post","link":"https:\/\/www.freiburg-schwarzwald.de\/blog\/messerattacken-in-deutschland\/","title":{"rendered":"Messerattacken in Deutschland"},"content":{"rendered":"<p>Zwischen Januar und Mai 2017 gab es laut Polizeibericht \u00fcber 1.600 <a title=\"Messerstecher\" href=\"https:\/\/www.freiburg-schwarzwald.de\/blog\/selbsthilfe\/soziales\/justiz\/messerstecher\/\">Messerattacken<\/a> &#8211; zu fast 100% von <a title=\"Fluechtlingskriminalitaet 10 %\" href=\"https:\/\/www.freiburg-schwarzwald.de\/blog\/fluechtlingskriminalitaet-10\/\">Migranten<\/a> ver\u00fcbt. \u00dcber 300 mal jeden Monat bzw. zehn mal jeden Tag trachtet ein <a title=\"Raubueberfall zweier 14-Jaehriger mit Messer in FR-Hammerschmiedstrasse\" href=\"https:\/\/www.freiburg-schwarzwald.de\/blog\/raubueberfall-zweier-14-jaehriger-mit-messer-in-fr-hammerschmiedstrasse\/\">Fl\u00fcchtling<\/a> danach, mit dem <a title=\"Gewalt\" href=\"https:\/\/www.freiburg-schwarzwald.de\/blog\/selbsthilfe\/krise\/gewalt\/\">Messer<\/a> auf einen Menschen <a title=\"Fluechtlinge-Kriminalitaet\" href=\"https:\/\/www.freiburg-schwarzwald.de\/blog\/global\/integration\/fluechtlinge-kriminalitaet\/\">einzustechen<\/a>. Nat\u00fcrlich ist die Wahrscheinlichkeit, bei einer <a title=\"UMFs Algerien Messerstecherei\" href=\"https:\/\/www.freiburg-schwarzwald.de\/blog\/umfs-algerien-messerstecherei\/\">Messerattacke<\/a> t\u00f6dlich verletzt zu werden, viel geringer ist als die, bei einem Verkehrsunfall ums Leben zu kommen. <!--more-->Aber dennoch, <a title=\"Migranten: 43 % tatverdaechtig\" href=\"https:\/\/www.freiburg-schwarzwald.de\/blog\/migranten-43-tatverdaechtig\/\">Angst<\/a>\u00a0und Unbehagen macht sich breit. Kommt gar die Zeit vor der Aufkl\u00e4rung, das fr\u00fche Mittelalter, zur\u00fcck? Eher nicht, dann damals wurde im Duell <a title=\"Messerstecher\" href=\"https:\/\/www.freiburg-schwarzwald.de\/blog\/selbsthilfe\/soziales\/justiz\/messerstecher\/\">Messer<\/a> (Schwert, S\u00e4bel, &#8230;) gegen Messer gek\u00e4mpft, heute wird auf Unbewaffnete eingestochen, gerne auch auf Frauen, Kinder und \u00e4ltere Mitb\u00fcrger.<br \/>\n,<br \/>\nVerl\u00e4ssliche Statistiken \u00fcber Messergewalt in Deutschland gibt es nicht. Eine Suche in Polizeiberichten in <a href=\"https:\/\/www.presseportal.de\">www.presseportal.de<\/a> zeigt jedoch, dass die Zahl von Messer-Straftaten im Lauf der letzten zehn Jahre <strong>um 1200 Prozent zugenommen<\/strong> hat. Etwa 4000 solcher Verbrechen wurden der Polizei 2016 angezeigt, gegen\u00fcber nur 300 im Jahr 2007 &#8211; dazwischen lag <a title=\"Budapest-Dublin2015\" href=\"https:\/\/www.freiburg-schwarzwald.de\/blog\/global\/eu\/budapest-dublin2015\/\">Budapest 9\/2015<\/a>, der Beginn der <a title=\"Migration\" href=\"https:\/\/www.freiburg-schwarzwald.de\/blog\/global\/migration\/\">Massenimmigration<\/a>. .<br \/>\n.<br \/>\nDeutschland z\u00e4hlt zu den L\u00e4ndern mit den strengsten Schusswaffengesetzen in Europa, Messer hingegen werden mit diesen Gesetzen\u00a0<a title=\"Kuscheljustiz\" href=\"https:\/\/www.freiburg-schwarzwald.de\/blog\/selbsthilfe\/soziales\/justiz\/kuscheljustiz\/\">nicht geahndet<\/a>. Auch deshalb sind Messer, Dolche, \u00c4xte und Macheten zur bevorzugten Waffe f\u00fcr <a title=\"Fluechtlinge-Kriminalitaet\" href=\"https:\/\/www.freiburg-schwarzwald.de\/blog\/global\/integration\/fluechtlinge-kriminalitaet\/\">kriminelle Migranten<\/a> in Deutschland geworden. Messer werden nicht nur dazu benutzt, dschihadistische Anschl\u00e4ge durchzuf\u00fchren, sondern mehr und mehr auch f\u00fcr andere Morde, Raub\u00fcberf\u00e4lle, Racheakte, Einbr\u00fcche, sexuelle \u00dcberf\u00e4lle und Ehrenmorde.<br \/>\n9.6.2017<\/p>\n","protected":false},"excerpt":{"rendered":"<p>Zwischen Januar und Mai 2017 gab es laut Polizeibericht \u00fcber 1.600 Messerattacken &#8211; zu fast 100% von Migranten ver\u00fcbt. \u00dcber 300 mal jeden Monat bzw. zehn mal jeden Tag trachtet ein Fl\u00fcchtling danach, mit dem Messer auf einen Menschen einzustechen. &hellip; <a href=\"https:\/\/www.freiburg-schwarzwald.de\/blog\/messerattacken-in-deutschland\/\">Weiterlesen <span class=\"meta-nav\">&rarr;<\/span><\/a><\/p>\n","protected":false},"author":2,"featured_media":0,"comment_status":"open","ping_status":"closed","sticky":false,"template":"","format":"standard","meta":{"footnotes":""},"categories":[1],"tags":[],"class_list":["post-64968","post","type-post","status-publish","format-standard","hentry","category-allgemein"],"_links":{"self":[{"href":"https:\/\/www.freiburg-schwarzwald.de\/blog\/wp-json\/wp\/v2\/posts\/64968","targetHints":{"allow":["GET"]}}],"collection":[{"href":"https:\/\/www.freiburg-schwarzwald.de\/blog\/wp-json\/wp\/v2\/posts"}],"about":[{"href":"https:\/\/www.freiburg-schwarzwald.de\/blog\/wp-json\/wp\/v2\/types\/post"}],"author":[{"embeddable":true,"href":"https:\/\/www.freiburg-schwarzwald.de\/blog\/wp-json\/wp\/v2\/users\/2"}],"replies":[{"embeddable":true,"href":"https:\/\/www.freiburg-schwarzwald.de\/blog\/wp-json\/wp\/v2\/comments?post=64968"}],"version-history":[{"count":0,"href":"https:\/\/www.freiburg-schwarzwald.de\/blog\/wp-json\/wp\/v2\/posts\/64968\/revisions"}],"wp:attachment":[{"href":"https:\/\/www.freiburg-schwarzwald.de\/blog\/wp-json\/wp\/v2\/media?parent=64968"}],"wp:term":[{"taxonomy":"category","embeddable":true,"href":"https:\/\/www.freiburg-schwarzwald.de\/blog\/wp-json\/wp\/v2\/categories?post=64968"},{"taxonomy":"post_tag","embeddable":true,"href":"https:\/\/www.freiburg-schwarzwald.de\/blog\/wp-json\/wp\/v2\/tags?post=64968"}],"curies":[{"name":"wp","href":"https:\/\/api.w.org\/{rel}","templated":true}]}}