{"id":64948,"date":"2017-06-02T09:10:37","date_gmt":"2017-06-02T07:10:37","guid":{"rendered":"https:\/\/www.freiburg-schwarzwald.de\/blog\/?p=64948"},"modified":"2017-06-02T09:10:37","modified_gmt":"2017-06-02T07:10:37","slug":"sjr-fuer-diskussionsverbot-afd","status":"publish","type":"post","link":"https:\/\/www.freiburg-schwarzwald.de\/blog\/sjr-fuer-diskussionsverbot-afd\/","title":{"rendered":"SJR fuer Diskussionsverbot AfD"},"content":{"rendered":"<p><a title=\"Demokratie\" href=\"https:\/\/www.freiburg-schwarzwald.de\/blog\/engagement\/zukunft\/demokratie\/\">Demokratie<\/a> lebt von <a title=\"Parlament\" href=\"https:\/\/www.freiburg-schwarzwald.de\/blog\/engagement\/zukunft\/demokratie\/parlament\/\">Diskussion<\/a>, unsere <a title=\"Diskussionskultur\" href=\"https:\/\/www.freiburg-schwarzwald.de\/blog\/kultur\/medien\/diskussionskultur\/\">Diskussionskultur<\/a> jedoch ist durch <a title=\"Merkelismus\" href=\"https:\/\/www.freiburg-schwarzwald.de\/blog\/engagement\/zukunft\/demokratie\/merkelismus\/\">Merkel&#8217;s<\/a> Politik der Alternativlosigkeit zerst\u00f6rt worden: Entweder <a title=\"Kontrollierte-Grenzen\" href=\"https:\/\/www.freiburg-schwarzwald.de\/blog\/global\/migration\/kontrollierte-grenzen\/\">unkontrolliert offene Grenzen<\/a> (tagt\u00e4glich kommen 500 Fl\u00fcchtlinge) oder <a title=\"Nazi\" href=\"https:\/\/www.freiburg-schwarzwald.de\/blog\/religion\/juden\/nazi\/\">Nazi<\/a>, entweder EU-Schulden\u00fcbernahme oder Nazi, &#8230; Wer bei den gro\u00dfen Themen wie <a title=\"Migration\" href=\"https:\/\/www.freiburg-schwarzwald.de\/blog\/global\/migration\/\">Migration<\/a>, <a title=\"W\u00e4hrungsunion Haftungsunion\" href=\"https:\/\/www.freiburg-schwarzwald.de\/blog\/waehrungsunion-haftungsunion\/\">Haftung<\/a> f\u00fcr S\u00fcdl\u00e4nder-Defizite, <a title=\"EZB\" href=\"https:\/\/www.freiburg-schwarzwald.de\/blog\/global\/eu\/ezb\/\">EZB<\/a>-Bankenrettung, <a title=\"EU bittet die Sparer zur Kasse\" href=\"https:\/\/www.freiburg-schwarzwald.de\/blog\/eu-bittet-die-sparer-zur-kasse\/\">Zwangsenteignung<\/a> der Sparer, Bildungsinvestitionen, usw. <!--more-->eine vom <a title=\"Mainstream\" href=\"https:\/\/www.freiburg-schwarzwald.de\/blog\/kultur\/medien\/mainstream\/\">Mainstream<\/a> abweichende Meinung vertritt, wird ins extrem rechte Lager abgeschoben. Nun folgt auch der <a title=\"Stadtjugendring\" href=\"https:\/\/www.freiburg-schwarzwald.de\/blog\/selbsthilfe\/jugend\/stadtjugendring\/\">Freiburger Stadtjugendring (SJR)<\/a> dieser Diskussionsunkultur: Die Jugendlichen seiner 26 im Dachverband angesiedelten Jugendvereine sollen weder Kontakt zu<a title=\"Nazi-Schlampe und Demokratie\" href=\"https:\/\/www.freiburg-schwarzwald.de\/blog\/nazi-schlampe-und-demokratie\/\"> AfD-Vertretern<\/a> sowie k\u00fcnftigen <a title=\"AfD\" href=\"https:\/\/www.freiburg-schwarzwald.de\/blog\/vereine\/partei\/afd\/\">AfD-Stadtr\u00e4ten<\/a> aufnehmen noch auf <a title=\"Afd-Waehler \u2013 Angst Dummheit\" href=\"https:\/\/www.freiburg-schwarzwald.de\/blog\/afd-waehler-angst-dummheit\/\">AfD-Veranstaltungen<\/a> mitdiskutieren. Dieser Beschlu\u00df der SJR-Vollversammlung ist ein Maulkorb-Beschlu\u00df, der letztendlich nur der AfD n\u00fctzen wird. Schade.<br \/>\n2.6.2017<br \/>\n.<br \/>\n<strong>Stadtjugendring will nichts mit der AfD zu tun haben<\/strong><br \/>\nJugendverb\u00e4nde bezeichnen in ihrem Beschluss die Partei als demokratiefeindlich \u2013 diese gibt sich gelassen. Der Stadtjugendring Freiburg (SJR) schlie\u00dft jegliche Kooperation mit der Alternative f\u00fcr Deutschland (AfD) aus. Das hat der Dachverband von 26 Freiburger Jugendvereinen auf seiner Vollversammlung beschlossen. &#8230;.<br \/>\nAlles vom 2.6.2017 bitte lesen auf<br \/>\n<a href=\"https:\/\/www.badische-zeitung.de\/freiburg\/stadtjugendring-will-nichts-mit-der-afd-zu-tun-haben--137604693.html\">https:\/\/www.badische-zeitung.de\/freiburg\/stadtjugendring-will-nichts-mit-der-afd-zu-tun-haben&#8211;137604693.html<\/a><\/p>\n<p><strong>Abgrenzen statt ausgrenzen<\/strong><br \/>\n&#8230; den Mitgliedern schon jetzt eine Kontaktsperre zu eventuell 2019 gew\u00e4hlten Stadtr\u00e4ten zu verh\u00e4ngen, ist schlichtweg \u00fcbertrieben. Auch die deutliche Ansage, Veranstaltungen der nationalkonservativen Partei fern zu bleiben, zeugt nicht gerade von Streitkultur. &#8230;.<br \/>\nAlles von Fabian V\u00f6gtle vom 2.6.2017 bitte lesen auf<br \/>\n<a href=\"https:\/\/www.badische-zeitung.de\/freiburg\/muenstereck-abgrenzen-statt-ausgrenzen--137609353.html\">https:\/\/www.badische-zeitung.de\/freiburg\/muenstereck-abgrenzen-statt-ausgrenzen&#8211;137609353.html<\/a><\/p>\n","protected":false},"excerpt":{"rendered":"<p>Demokratie lebt von Diskussion, unsere Diskussionskultur jedoch ist durch Merkel&#8217;s Politik der Alternativlosigkeit zerst\u00f6rt worden: Entweder unkontrolliert offene Grenzen (tagt\u00e4glich kommen 500 Fl\u00fcchtlinge) oder Nazi, entweder EU-Schulden\u00fcbernahme oder Nazi, &#8230; Wer bei den gro\u00dfen Themen wie Migration, Haftung f\u00fcr S\u00fcdl\u00e4nder-Defizite, &hellip; <a href=\"https:\/\/www.freiburg-schwarzwald.de\/blog\/sjr-fuer-diskussionsverbot-afd\/\">Weiterlesen <span class=\"meta-nav\">&rarr;<\/span><\/a><\/p>\n","protected":false},"author":2,"featured_media":0,"comment_status":"open","ping_status":"closed","sticky":false,"template":"","format":"standard","meta":{"footnotes":""},"categories":[1],"tags":[],"class_list":["post-64948","post","type-post","status-publish","format-standard","hentry","category-allgemein"],"_links":{"self":[{"href":"https:\/\/www.freiburg-schwarzwald.de\/blog\/wp-json\/wp\/v2\/posts\/64948","targetHints":{"allow":["GET"]}}],"collection":[{"href":"https:\/\/www.freiburg-schwarzwald.de\/blog\/wp-json\/wp\/v2\/posts"}],"about":[{"href":"https:\/\/www.freiburg-schwarzwald.de\/blog\/wp-json\/wp\/v2\/types\/post"}],"author":[{"embeddable":true,"href":"https:\/\/www.freiburg-schwarzwald.de\/blog\/wp-json\/wp\/v2\/users\/2"}],"replies":[{"embeddable":true,"href":"https:\/\/www.freiburg-schwarzwald.de\/blog\/wp-json\/wp\/v2\/comments?post=64948"}],"version-history":[{"count":0,"href":"https:\/\/www.freiburg-schwarzwald.de\/blog\/wp-json\/wp\/v2\/posts\/64948\/revisions"}],"wp:attachment":[{"href":"https:\/\/www.freiburg-schwarzwald.de\/blog\/wp-json\/wp\/v2\/media?parent=64948"}],"wp:term":[{"taxonomy":"category","embeddable":true,"href":"https:\/\/www.freiburg-schwarzwald.de\/blog\/wp-json\/wp\/v2\/categories?post=64948"},{"taxonomy":"post_tag","embeddable":true,"href":"https:\/\/www.freiburg-schwarzwald.de\/blog\/wp-json\/wp\/v2\/tags?post=64948"}],"curies":[{"name":"wp","href":"https:\/\/api.w.org\/{rel}","templated":true}]}}