{"id":64924,"date":"2017-05-29T10:54:45","date_gmt":"2017-05-29T08:54:45","guid":{"rendered":"https:\/\/www.freiburg-schwarzwald.de\/blog\/?p=64924"},"modified":"2017-05-29T10:54:45","modified_gmt":"2017-05-29T08:54:45","slug":"nazi-schlampe-und-demokratie","status":"publish","type":"post","link":"https:\/\/www.freiburg-schwarzwald.de\/blog\/nazi-schlampe-und-demokratie\/","title":{"rendered":"Nazi-Schlampe und Demokratie"},"content":{"rendered":"<p>Die AfD-Vorsitzende Alice Weidel darf nach Gerichtsurteil weiterhin als &#8222;<a title=\"Nazi\" href=\"https:\/\/www.freiburg-schwarzwald.de\/blog\/religion\/juden\/nazi\/\">Nazi<\/a>-Schlampe&#8220; bezeichnet werden. K\u00f6nnen &#8211; mit Blick auf den Gleichheitsgrundsatz des <a title=\"Grundgesetz\" href=\"https:\/\/www.freiburg-schwarzwald.de\/blog\/engagement\/zukunft\/demokratie\/grundgesetz\/\">Grundgesetzes<\/a> &#8211; nun auch andere Parteivorsitzende so benannt werden? <a title=\"Bruessel \u2013 Terror Schuld Fragen\" href=\"https:\/\/www.freiburg-schwarzwald.de\/blog\/bruessel-terror-schuld-fragen\/\">Margot K\u00e4\u00dfmann<\/a> verk\u00fcndet auf dem Kirchentag in Berlin, da\u00df <a title=\"Evangelisch\" href=\"https:\/\/www.freiburg-schwarzwald.de\/blog\/religion\/evangelisch\/\">evangelische<\/a> Christen nicht <a title=\"AfD\" href=\"https:\/\/www.freiburg-schwarzwald.de\/blog\/vereine\/partei\/afd\/\">AfD<\/a> w\u00e4hlen d\u00fcrfen. Wie steht es mit <a title=\"Katholisch\" href=\"https:\/\/www.freiburg-schwarzwald.de\/blog\/religion\/katholisch\/\">katholischen<\/a> Christen, mit Muslimen, mit <a title=\"Juden\" href=\"https:\/\/www.freiburg-schwarzwald.de\/blog\/religion\/juden\/\">Juden<\/a> und Buddhisten <!--more-->&#8211; bleibt auch ihnen die Wahl der AfD als nach wie vor\u00a0<a title=\"Demokratie\" href=\"https:\/\/www.freiburg-schwarzwald.de\/blog\/engagement\/zukunft\/demokratie\/\">demokratische Partei<\/a> versagt? Verbieten <a title=\"Political-Correctness\" href=\"https:\/\/www.freiburg-schwarzwald.de\/blog\/kultur\/medien\/political-correctness\/\">PC<\/a> und zerst\u00f6rte <a title=\"Diskussionskultur\" href=\"https:\/\/www.freiburg-schwarzwald.de\/blog\/kultur\/medien\/diskussionskultur\/\">Diskussionskultur<\/a>, dar\u00fcber zu sprechen?<br \/>\n29.5.2017<\/p>\n<p>F\u00fcr den Ausdruck &#8222;Ministerium der Schande&#8220; gibt es eine R\u00fcge f\u00fcr die AfD. Eine Politikerin der AfD als &#8222;Nazi-Schlampe&#8220; zu bezeichnen ist dagegen legitim. Da stimmt doch was nicht in unserem Staat!<br \/>\n2, J\u00fcrgen S., WO<\/p>\n<p><strong>Alice Weidel (AfD) ist eine Nazi-Schlampe &#8211; Claudia Roth auch?<\/strong><br \/>\nWas ist das Grundgesetz denn noch wert, wenn man einen Menschen \u00f6ffentlich als &#8222;Nazi-Schlampe&#8220; denunzieren darf? In Artikel 1 des Grundgesetzes steht: &#8222;Die W\u00fcrde des Menschen ist unantastbar. Sie zu achten und zu sch\u00fctzen ist Verpflichtung aller staatlicher Gewalt&#8220;. Wenn die Gerichte, in diesem Fall das Hamburger Landgericht, den Unterlassungsantrag der betroffenen Alice Weidel zur\u00fcckweist, ist das f\u00fcr einen Staat, der sich selbst Rechtsstaat nennt, ein trauriges Zeugnis. Die Begr\u00fcndung, es handele sich hier in klar erkennbarer Weise um Satire, und es sei von der Meinungsfreiheit gedeckt, \u00f6ffnet Beleidigungen jeglicher Art T\u00fcr und Tor.<br \/>\nDer Begriff ist im ersten Teil eine b\u00f6swillige Unterstellung und im zweiten Teil im Duden klar als Beleidigung definiert. Wie h\u00e4tte das Gericht entschieden, wenn es sich um eine Politikerin der sogenannten demokratischen Parteien gehandelt h\u00e4tte? Artikel 3 des Grundgesetzes sagt: &#8222;Alle Menschen sind vor dem Gesetz gleich&#8220;.<br \/>\n24.5.2017, Romano Grimm, Schallstadt, BO<br \/>\n.<br \/>\n<strong>Margot K\u00e4\u00dfmann: Christen d\u00fcrfen keine AfD w\u00e4hlen<\/strong><br \/>\nMan kann der AfD wirklich viel vorwerfen, das wollen wir hier gar nicht alles aufz\u00e4hlen. Aber ist es auch ein b\u00f6ses Werk dieser Partei, dass sie auf irgendeine perfide Art, manche ihrer aufrechtesten Kritikerinnen derart zu verwirren scheint, dass sie jedes Gesp\u00fcr daf\u00fcr verlieren, wann man sich in Widerspr\u00fcche verwickelt? In diesem Fall geht es um Margot K\u00e4\u00dfmann. Zur Frage von Kirche und Parteipolitik hat die Theologin eine ganz klare Position: \u201eNein, die Kirchen sollten nicht Parteien bewerten. Ich w\u00fcrde deshalb auch nicht aufrufen, eine Partei zu w\u00e4hlen oder nicht zu w\u00e4hlen, aber ich habe immer klar gesagt, ich kann nicht verstehen, dass Christen die AfD w\u00e4hlen, weil die AfD andere Menschen herabsetzt.\u201c &#8230;<br \/>\nAlles von Peter Grimm vom 27.5.2017 bitte lesen auf<br \/>\n<a href=\"https:\/\/www.achgut.com\/artikel\/ist_nur_eine_partei_fuer_deutsche_christen_unwaehlbar\">https:\/\/www.achgut.com\/artikel\/ist_nur_eine_partei_fuer_deutsche_christen_unwaehlbar<\/a><br \/>\n.<br \/>\n<strong>Erich K\u00e4stner &#8211; was er dazu meint<\/strong><br \/>\nR. Grell hat heute einen auch der Selbst\u00fcberhebung des Protestantismus gewidmeten Dreiteiler auf der &#8218;Achse&#8216; mit K\u00e4stner-Versen ausklingen lassen:<br \/>\n<em>&#8222;Da hilft kein Zorn. Da hilft kein Spott.<\/em><br \/>\n<em>Da hilft kein Weinen, hilft kein Beten.<\/em><br \/>\n<em>Die Nachricht stimmt! Der Liebe Gott<\/em><br \/>\n<em>ist aus der Kirche ausgetreten.&#8220;<\/em><br \/>\n.<br \/>\n<strong>K\u00e4\u00dfmann vergleicht AfD-Forderung mit Nazi-Arierparagraph<\/strong><br \/>\nMargot K\u00e4ssmann sagte auf dem Kirchentag, dass die Forderung der AfD nach einer h\u00f6heren Geburtenrate der einheimischen Bev\u00f6lkerung, dem &#8222;Arierparagraphen der Nationalsozialisten&#8220; entspr\u00e4che. \u201eZwei deutsche Eltern, vier deutsche Gro\u00dfeltern: \u201aDa wei\u00df man, woher der braune Wind wirklich weht\u201c<br \/>\nMutter K\u00e4\u00dfmann ist die Protagonistin der Naiv-Aber-Gut-Menschen in diesem Lande und hat in dieser Funktion schon so manchen Unsinn verbreitet. Allerdings h\u00e4tte ich nicht geglaubt, da\u00df sie sich zu dieser \u00c4u\u00dferung \u00fcber deutsche Eltern und Gro\u00dfeltern versteigen k\u00f6nnte. Damit offenbart sie die arrogante D\u00fcmmlichkeit oder die d\u00fcmmliche Arroganz der Kirchen-Funktion\u00e4re. Aber, besonders entt\u00e4uschend ist, da\u00df kein medialer Aufschrei erfolgt. Daraus schlie\u00dfe ich, da\u00df dieses Volk krank ist und auf die Couch geh\u00f6rt; viel kr\u00e4nker ist als ich vor ein paar Jahren schon vermutet hatte.<br \/>\n27.5.2017, Neo-Realist, TO<br \/>\n.<br \/>\n<strong>Margot K\u00e4\u00dfmann holt die N\u00fcrnberger Gesetze auf den ev. Kirchentag<\/strong><br \/>\nDie Evangelisch-Lutherische Landeskirche Hannovers berichtet vom Evangelischen Kirchentag in Berlin. Dort habe \u201edie Reformationsbotschafterin Margot K\u00e4\u00dfmann&#8230; die AfD angegriffen\u201c, und das im Rahmen einer \u201eBibelarbeit\u201c in einer Messehalle. Dabei habe sie unter \u201etosendem Beifall\u201c der 5.000 Besucher auch gesagt: \u201eZwei deutsche Eltern, vier deutsche Gro\u00dfeltern: \u201aDa wei\u00df man, woher der braune Wind wirklich weht\u2018&#8220;, so steht es, noch einmal, auf der Homepage der Evangelisch-Lutherische Landeskirche Hannovers. Was will uns Frau K\u00e4\u00dfmann damit sagen? Vermutlich das: Man wird als Nazi geboren. Alles, was dazu n\u00f6tig ist, sind zwei deutsche Eltern und vier deutsche Gro\u00dfeltern. Das ist Rassismus pur, die Fortsetzung der N\u00fcrnberger Gesetze, diesmal nur andersrum. Brauchte man fr\u00fcher zwei j\u00fcdische Eltern und vier j\u00fcdische Gro\u00dfeltern, um als \u201eVolljude\u201c eingestuft zu werden, wird jeder, der zwei deutsche Eltern und vier deutsche Gro\u00dfeltern hat, automatisch zum Vollnazi. Das ist noch tollk\u00fchner als besoffen eine rote Ampel zu \u00fcberfahren. Aber erstaunlicherweise regt sich keine Sau dar\u00fcber auf, &#8230;<br \/>\nAlles vom 28.5.2017 von Henryk M. Broder bitte lesen auf<br \/>\n<a href=\"https:\/\/www.achgut.com\/artikel\/margot_kaessmann_holt_die_nuernberger_gesetze_aus_der_versenkung\">https:\/\/www.achgut.com\/artikel\/margot_kaessmann_holt_die_nuernberger_gesetze_aus_der_versenkung<\/a><br \/>\n.<br \/>\n<strong>K\u00e4\u00dfmann&#8217;s politisiertes sowie infantilisiertes Christentum<\/strong><br \/>\nDer Kirchentag ist im Laufe der Jahre zu einem Jahrmarkt der Beliebigkeiten mutiert, zu einem Anschauungsunterricht f\u00fcr ein politisiertes sowie infantilisiertes Christentum. Frau K\u00e4\u00dfmanns Aussage \u00fcber deutsche Vorfahren ist nicht die fragw\u00fcrdigste. Neulich verlangte sie gar eine zu dolmetschende Bibel. M\u00f6glicherweise ist ihr entfallen, dass der Dr. Martin Luther in dieser Hinsicht schon Gro\u00dfes geleistet hat. Aber wir sollten schon sehr gespannt sein, was mit der von K\u00e4\u00dfmann verdolmetschten Bibel auf uns zu kommt. Begegnen wir ihr mit \u201cBeten und Liebe\u201d &#8230;.<br \/>\n29.5.2017, Dirk Jungnickel, AO<br \/>\n.<br \/>\n<strong>K\u00e4\u00dfmann&#8217;s Nicht-Deutsch-Sein-Wollen<\/strong><br \/>\nFrau K\u00e4\u00dfmann ist sicher keine intellektuelle Leuchte, sondern eine Repr\u00e4sentantin jener Amtskirche, die atemlos dem Zeitgeist hinterher hechelt, Zu ihrer \u201cBibelarbeit\u201d m\u00f6chte ich mir kein Urteil erlauben, f\u00fcnftausend und mehr Zuh\u00f6rer waren anscheinend hochzufrieden damit. Was nat\u00fcrlich nichts heissen muss. K\u00e4\u00dfmann ist demnach eher als Ph\u00e4notypus interessant. Offenbar ist es heute so, dass man in Deutschland als Deutscher unbeschadet vor einem gro\u00dfen Publikum alles, was irgendwie \u201cdeutsch\u201d ist oder erscheint mit negativen Konnotationen versehen kann, ja beinahe muss. Das scheint im Sinne der Massenpsychologie interessant, denn es geht ja weit \u00fcber die Ablehnung der AFD hinaus. Der politische Kampf gegen die AFD ist dabei durchaus legitim, aber hierbei bleibt es eben nicht. \u00c4hnliche Erscheinungen einer Selbstentwertung oder -verleugnung zeigen sich ja in den Medien, in der Politik etc. pp. Diesem Teil der Bev\u00f6lkerung (also nicht allen, die gerade hier sind, sondern jenen, die hier geboren wurden) kann es mit der Abschaffung des als Makel empfundenen Daseins als Deutsche offenbar nicht schnell genug gehen. Nun denn.<br \/>\nBislang bleibt die Vision jener, n\u00e4mlich die friedfertige eine Welt,in der alle Hautfarben, Religionen und Menschen friedlich zusammen leben, nichts als ein einf\u00e4ltiger Traum. Wenig spricht daf\u00fcr, dass dieser jemals Wirklichkeit werden k\u00f6nnte, denn er blendet aus, dass unterschiedliche Menschen einander widerstreitende Interessen haben k\u00f6nnen. Viel spricht eher daf\u00fcr, dass dieses selbst erzeugte Vakuum des Nicht-Deutsch-Sein-Wollens in Deutschland von Kr\u00e4ften gef\u00fcllt werden wird, die ebenso entschlossen wie ideologisch fest zielstrebig ihre partikularen Interessen durchsetzen werden. K\u00e4ssmann und Co. werden in dieser neuen Gesellschaft sicher einen wohlverdienten Ruheplatz als Schaufensterfiguren f\u00fcr Toleranz konzediert bekommen (zumindest f\u00fcrs erste). Ob dabei allerdings die ersehnte bonbonfarbene multikurelle Vielfalt und Freiheit entsteht, erscheint mir mehr als zweifelhaft.<br \/>\n28.5.2017, Klaus Wenzel,<br \/>\n.<br \/>\n<strong>K\u00e4\u00dfmann: Ablehnung des Islams ist Rassismus<\/strong><br \/>\nDer Spruch von K\u00e4\u00dfmann soll je etwas zu tun haben mit familienpolitischen Vorschl\u00e4gen der AfD. Womit konkret w\u00e4re schon interessant. Es ist n\u00e4mlich kaum vorstellbar dass die AfD explizit erkl\u00e4rt nur biodeutsche Geburten f\u00f6rdern zu wollen. Wie auch immer, K\u00e4\u00dfmann ist nur eine der besonders Verr\u00fcckten in dem Tollhaus dass sich \u201cElite\u201d nennt. Die sind v\u00f6llig fixiert auf die Vorstellung dass die Ablehnung des Islam, und somit unvermeidlich auch seiner Vertreter, eigentlich nur Ausdruck von Rassismus sei. Das ist aber v\u00f6llig falsch. Es geht nur um Ablehnung der offensichtlich allzu gro\u00dfen Probleme mit dieser Gruppe. Aber sie h\u00f6ren nicht auf \u201cVielfalt\u201d als notwendige und w\u00fcnschenswerte Zukunft zu preisen, obwohl, wie gesagt kaum jemand andere Ethnien hier grunds\u00e4tzlich nicht sehen will. Aber eben nur solche die vertr\u00e4glich, sind und vielleicht sogar eine echte Bereicherung, was meines Erachtens auf Buddhisten zutrifft. Diese Irren sind derart irre dass sie einfach nicht mehr h\u00f6ren und wahrnehmen was ihre Rolle als heilige(r) KriegerIn gegen Rechts nicht best\u00e4tigt. Und so verworren dass sie st\u00e4ndig hetzen und verurteilen, aber gleichzeitig das Monopol auf Mitgef\u00fchl beanspruchen.<br \/>\n28.5.2017, Karl\u00a0Renz<\/p>\n","protected":false},"excerpt":{"rendered":"<p>Die AfD-Vorsitzende Alice Weidel darf nach Gerichtsurteil weiterhin als &#8222;Nazi-Schlampe&#8220; bezeichnet werden. K\u00f6nnen &#8211; mit Blick auf den Gleichheitsgrundsatz des Grundgesetzes &#8211; nun auch andere Parteivorsitzende so benannt werden? Margot K\u00e4\u00dfmann verk\u00fcndet auf dem Kirchentag in Berlin, da\u00df evangelische Christen &hellip; <a href=\"https:\/\/www.freiburg-schwarzwald.de\/blog\/nazi-schlampe-und-demokratie\/\">Weiterlesen <span class=\"meta-nav\">&rarr;<\/span><\/a><\/p>\n","protected":false},"author":2,"featured_media":0,"comment_status":"open","ping_status":"closed","sticky":false,"template":"","format":"standard","meta":{"footnotes":""},"categories":[36,89,80,157,19],"tags":[633,503,626,525],"class_list":["post-64924","post","type-post","status-publish","format-standard","hentry","category-engagement","category-kirchen","category-medien","category-oeffentlicher-raum","category-religion","tag-demokratie","tag-church","tag-partei","tag-politik"],"_links":{"self":[{"href":"https:\/\/www.freiburg-schwarzwald.de\/blog\/wp-json\/wp\/v2\/posts\/64924","targetHints":{"allow":["GET"]}}],"collection":[{"href":"https:\/\/www.freiburg-schwarzwald.de\/blog\/wp-json\/wp\/v2\/posts"}],"about":[{"href":"https:\/\/www.freiburg-schwarzwald.de\/blog\/wp-json\/wp\/v2\/types\/post"}],"author":[{"embeddable":true,"href":"https:\/\/www.freiburg-schwarzwald.de\/blog\/wp-json\/wp\/v2\/users\/2"}],"replies":[{"embeddable":true,"href":"https:\/\/www.freiburg-schwarzwald.de\/blog\/wp-json\/wp\/v2\/comments?post=64924"}],"version-history":[{"count":0,"href":"https:\/\/www.freiburg-schwarzwald.de\/blog\/wp-json\/wp\/v2\/posts\/64924\/revisions"}],"wp:attachment":[{"href":"https:\/\/www.freiburg-schwarzwald.de\/blog\/wp-json\/wp\/v2\/media?parent=64924"}],"wp:term":[{"taxonomy":"category","embeddable":true,"href":"https:\/\/www.freiburg-schwarzwald.de\/blog\/wp-json\/wp\/v2\/categories?post=64924"},{"taxonomy":"post_tag","embeddable":true,"href":"https:\/\/www.freiburg-schwarzwald.de\/blog\/wp-json\/wp\/v2\/tags?post=64924"}],"curies":[{"name":"wp","href":"https:\/\/api.w.org\/{rel}","templated":true}]}}