{"id":64839,"date":"2017-05-06T19:00:08","date_gmt":"2017-05-06T17:00:08","guid":{"rendered":"https:\/\/www.freiburg-schwarzwald.de\/blog\/?p=64839"},"modified":"2017-05-08T08:31:52","modified_gmt":"2017-05-08T06:31:52","slug":"einwanderung-auswanderung","status":"publish","type":"post","link":"https:\/\/www.freiburg-schwarzwald.de\/blog\/einwanderung-auswanderung\/","title":{"rendered":"Einwanderung &#8211; Auswanderung"},"content":{"rendered":"<p>&#8222;Das Auseinanderfallen <a title=\"Deutschland\" href=\"https:\/\/www.freiburg-schwarzwald.de\/blog\/global\/deutschland\/\">Deutschlands<\/a>: In Zukunft wird die deutsche Gesellschaft gepr\u00e4gt von <a title=\"Zuwanderer\" href=\"https:\/\/www.freiburg-schwarzwald.de\/blog\/global\/migration\/zuwanderer\/\">Einwanderung<\/a> \u00fcber Asyl aus meist islamischen L\u00e4ndern, Schwarzafrika und <a title=\"Versorgungsmigration\" href=\"https:\/\/www.freiburg-schwarzwald.de\/blog\/global\/migration\/versorgungsmigration\/\">Armutsmigration<\/a> aus Osteuropa. Im Gegenzug <a title=\"Auswanderung\" href=\"https:\/\/www.freiburg-schwarzwald.de\/blog\/global\/migration\/auswanderung\/\">wandern von den Deutschen etwa 30% eines Jahrgangs aus<\/a> \u2013 meist Qualifizierte oder Beg\u00fcterte. Deutschland hat bereits jetzt die zweith\u00f6chste Steuerbelastung der Arbeitnehmer weltweit <!--more-->und bietet daf\u00fcr immer weniger Sicherheit und Infrastruktur.<br \/>\n.<br \/>\n<em>Diese Politik ist vergleichbar mit einem Fu\u00dfballverein,<br \/>\nder jedes Jahr 2-3 Profis aus dem Kader wirft<br \/>\nund einfach die ersten zehn jungen M\u00e4nner aufnimmt, die das Trainingsgel\u00e4nde erreichen. <\/em><br \/>\n<em>Nach einigen Jahren wird dieser Klub nat\u00fcrlich nicht mehr konkurrenzf\u00e4hig sein<br \/>\nund aus dem Profibereich absteigen<\/em>.<br \/>\nDie verbliebenen Deutschen werden auf diese Politik reagieren und zwar nicht nur mit Auswanderung. Viele bleiben und verschanzen sich in Gated Communities oder ziehen in Teile Deutschlands, wo die lokale Regierung mehr Wert auf Durchsetzung der Ordnung legt. Also wird es auch zu gro\u00dfen Migrationsstr\u00f6men der immer weniger werdenden Deutschen im eigenen Land kommen.&#8220; So der am Bodensee wohnhafte Informatiker Dr. Jochen Heistermann in seinem &#8222;Blick auf die n\u00e4chsten 50 bis 100 Jahre Deutschland&#8220;, bei dem er eine immer gr\u00f6\u00dfer werdende L\u00fccke feststellt:<br \/>\nAuf der einen Seite wanderten in den letzten Jahren um die 140.000 zumeist gut qualifzierte Deutsche aus, bei einem Jahrgang von unter 500.000 Geburten deutscher Eltern also fast 30%. eines jeden Jahrgangs.<br \/>\nAuf der anderen Seite die gewaltige muslimische Armutsmigration von jungen funktionalen Analphabeten aus Arabien und Afrika.<br \/>\nBeides wird zunehmen: Die Einwanderung (ein Wohlfahrtsstaat mit weitgehend unkontrollierten offenen Grenzen zieht Migranten an) und die Auswanderung (die bei hohen Steuern immer weniger Sicherheit im eigenen Land beklagen). Der o.a. Vergleich mit dem Fussballverein mag \u00fcberzeichnetsein, ist aber leider zutreffend: 2-3 Profis als Leistungstr\u00e4ger wandern aus und im Gegenzug 10 zuf\u00e4llig anwesende junge M\u00e4nner werden als Spieler aufgenommen.<br \/>\n6.5.2017<\/p>\n<p>Den kompletten Beitrag &#8222;Ein Blick auf die n\u00e4chsten 50 bis 100 Jahre Deutschland&#8220; von Dr. Jochen Heitermann vom 29.4.2017 bitte lesen auf<br \/>\n<a href=\"https:\/\/www.tichyseinblick.de\/gastbeitrag\/ein-blick-auf-die-naechsten-50-bis-100-jahre-deutschland\/\">https:\/\/www.tichyseinblick.de\/gastbeitrag\/ein-blick-auf-die-naechsten-50-bis-100-jahre-deutschland\/<\/a><br \/>\n.<br \/>\nVor 2010 stand jede Entscheidung der Politik hinsichtlich ihrer Folgen auf dem Pr\u00fcfstand, insbesondere welchen Nutzen und Schaden sie f\u00fcr die Bev\u00f6lkerung haben w\u00fcrde. Dieses ungeschriebene Gesetz wurde nie abgeschafft, doch es gilt nicht mehr.<br \/>\n.<br \/>\n<em>Dr. Jochen Heistermann hat in theoretischer Informatik promoviert. Er war dann selbstst\u00e4ndig und lebt nun als Privatier am Bodensee.<\/em><\/p>\n","protected":false},"excerpt":{"rendered":"<p>&#8222;Das Auseinanderfallen Deutschlands: In Zukunft wird die deutsche Gesellschaft gepr\u00e4gt von Einwanderung \u00fcber Asyl aus meist islamischen L\u00e4ndern, Schwarzafrika und Armutsmigration aus Osteuropa. Im Gegenzug wandern von den Deutschen etwa 30% eines Jahrgangs aus \u2013 meist Qualifizierte oder Beg\u00fcterte. Deutschland &hellip; <a href=\"https:\/\/www.freiburg-schwarzwald.de\/blog\/einwanderung-auswanderung\/\">Weiterlesen <span class=\"meta-nav\">&rarr;<\/span><\/a><\/p>\n","protected":false},"author":2,"featured_media":0,"comment_status":"open","ping_status":"closed","sticky":false,"template":"","format":"standard","meta":{"footnotes":""},"categories":[79,172],"tags":[382,622,388],"class_list":["post-64839","post","type-post","status-publish","format-standard","hentry","category-arbeit","category-zukunft","tag-arbeit-working","tag-migration","tag-social"],"_links":{"self":[{"href":"https:\/\/www.freiburg-schwarzwald.de\/blog\/wp-json\/wp\/v2\/posts\/64839","targetHints":{"allow":["GET"]}}],"collection":[{"href":"https:\/\/www.freiburg-schwarzwald.de\/blog\/wp-json\/wp\/v2\/posts"}],"about":[{"href":"https:\/\/www.freiburg-schwarzwald.de\/blog\/wp-json\/wp\/v2\/types\/post"}],"author":[{"embeddable":true,"href":"https:\/\/www.freiburg-schwarzwald.de\/blog\/wp-json\/wp\/v2\/users\/2"}],"replies":[{"embeddable":true,"href":"https:\/\/www.freiburg-schwarzwald.de\/blog\/wp-json\/wp\/v2\/comments?post=64839"}],"version-history":[{"count":0,"href":"https:\/\/www.freiburg-schwarzwald.de\/blog\/wp-json\/wp\/v2\/posts\/64839\/revisions"}],"wp:attachment":[{"href":"https:\/\/www.freiburg-schwarzwald.de\/blog\/wp-json\/wp\/v2\/media?parent=64839"}],"wp:term":[{"taxonomy":"category","embeddable":true,"href":"https:\/\/www.freiburg-schwarzwald.de\/blog\/wp-json\/wp\/v2\/categories?post=64839"},{"taxonomy":"post_tag","embeddable":true,"href":"https:\/\/www.freiburg-schwarzwald.de\/blog\/wp-json\/wp\/v2\/tags?post=64839"}],"curies":[{"name":"wp","href":"https:\/\/api.w.org\/{rel}","templated":true}]}}