{"id":64801,"date":"2017-05-04T10:39:00","date_gmt":"2017-05-04T08:39:00","guid":{"rendered":"https:\/\/www.freiburg-schwarzwald.de\/blog\/?p=64801"},"modified":"2017-05-07T20:31:09","modified_gmt":"2017-05-07T18:31:09","slug":"deutsche-leitkultur-maiziere","status":"publish","type":"post","link":"https:\/\/www.freiburg-schwarzwald.de\/blog\/deutsche-leitkultur-maiziere\/","title":{"rendered":"Deutsche Leitkultur &#8211; Maiziere"},"content":{"rendered":"<p>Die <a title=\"Deutsche\" href=\"https:\/\/www.freiburg-schwarzwald.de\/blog\/global\/deutschland\/deutsche\/\">deutsche<\/a> Verfassung hei\u00dft <a title=\"Grundgesetz\" href=\"https:\/\/www.freiburg-schwarzwald.de\/blog\/engagement\/zukunft\/demokratie\/grundgesetz\/\">Grundgesetz<\/a>, ihm sind alle Einwohner unseres <a title=\"Demokratie\" href=\"https:\/\/www.freiburg-schwarzwald.de\/blog\/engagement\/zukunft\/demokratie\/\">demokratischen<\/a> <a title=\"Rechtsstaat\" href=\"https:\/\/www.freiburg-schwarzwald.de\/blog\/selbsthilfe\/soziales\/justiz\/rechtsstaat\/\">Rechtsstaats<\/a> verpflichtet, d.h. f\u00fcr alle gilt ein Wort: <a title=\"Patriotismus\" href=\"https:\/\/www.freiburg-schwarzwald.de\/blog\/engagement\/zukunft\/demokratie\/patriotismus\/\">Verfassungspatriotismus<\/a>. &#8222;Ein gutes Wort. Aber ist das alles? De\u00admo\u00adkra\u00adtie, Ach\u00adtung der Ver\u00adfas\u00adsung und Men\u00adschen\u00adw\u00fcr\u00adde gel\u00adten in allen west\u00adli\u00adchen Ge\u00adsell\u00adschaf\u00adten. Ich meine: Es gibt noch mehr. Es gibt so etwas wie eine &#8222;<a title=\"Leitkultur\" href=\"https:\/\/www.freiburg-schwarzwald.de\/blog\/kultur\/leitkultur\/\">Leit\u00adkul\u00adtur<\/a> f\u00fcr Deutsch\u00adland&#8220;&#8220; &#8211; so Bundesinnenminister De Maiziere, denn: <!--more-->Franzosen, Italiener, Portugiesen, Spanier, &#8230;, jedes <a title=\"Volk\" href=\"https:\/\/www.freiburg-schwarzwald.de\/blog\/engagement\/zukunft\/demokratie\/volk\/\">Land<\/a> der EU hat als Nation <a title=\"Identitaet\" href=\"https:\/\/www.freiburg-schwarzwald.de\/blog\/engagement\/zukunft\/demokratie\/identitaet\/\">seine eigene<\/a> Leitkultur, warum nicht auch <a title=\"Deutschland\" href=\"https:\/\/www.freiburg-schwarzwald.de\/blog\/global\/deutschland\/\">Deutschland<\/a>?<br \/>\nWenn De Maiziere zehn Thesen zu einer &#8222;Leitkultur f\u00fcr Deutschland&#8220; formuliert, dann tut er etwas, was jedes andere EU-Nation f\u00fcr selbstverst\u00e4ndlich erachtet. Versuchen Sie doch mal, einem Franzosen seine &#8222;Culture francaise&#8220; abzusprechen &#8211; er wird Sie f\u00fcr verr\u00fcckt erkl\u00e4ren.<br \/>\nEine ganz andere Frage ist, ob &#8211; aufbauend auf die kulturellen Eigenheiten der verschiedenen EU-<a title=\"Nationalismus\" href=\"https:\/\/www.freiburg-schwarzwald.de\/blog\/engagement\/zukunft\/demokratie\/nationalismus\/\">Nationen<\/a> &#8211; eine &#8222;<a title=\"Europa-Leitkultur\" href=\"https:\/\/www.freiburg-schwarzwald.de\/blog\/kultur\/europa-leitkultur\/\">europ\u00e4ische Leitkultu<\/a>r&#8220; zu diskutieren ist, wie dies <a title=\"Tibi\" href=\"https:\/\/www.freiburg-schwarzwald.de\/blog\/global\/deutschland\/tibi\/\">Bassam Tibi<\/a> vorgeschlagen hat.<br \/>\n4.5.2017<\/p>\n<p><strong>Verfassungspatriotismus und Leitkultur<\/strong><br \/>\n<em>Bundesinnenminister De Maizi\u00e8re hatte in der \u201eBild am Sonntag\u201c vom 29.4.2017 zehn Thesen vorgelegt, um eine neue Diskussion \u00fcber eine Leitkultur in Deutschland anzusto\u00dfen. Hier die Einleitung im Wortlaut:<\/em><br \/>\nLeit\u00adkul\u00adtur f\u00fcr Deutsch\u00adland \u2013 was ist das ei\u00adgent\u00adlich?<br \/>\nWer sind wir? Und wer wol\u00adlen wir sein? Als Ge\u00adsell\u00adschaft. Als Na\u00adti\u00adon. Die Fra\u00adgen sind leicht ge\u00adstellt, die Ant\u00adwor\u00adten schwer: Neil MacG\u00adre\u00adgor ver\u00adsucht sie in sei\u00adnen &#8222;Er\u00adin\u00adne\u00adrun\u00adgen einer Na\u00adti\u00adon&#8220; auf \u00fcber 600 und Die\u00adt\u00ader Borch\u00admey\u00ader in &#8222;Was ist deutsch?&#8220; gar auf \u00fcber 1000 Buch\u00adsei\u00adten.<br \/>\nEi\u00adni\u00adge Dinge sind klar. Sie sind auch un\u00adstrei\u00adtig: Wir ach\u00adten die Grund\u00adrech\u00adte und das Grund\u00adge\u00adsetz. \u00dcber allem steht die Wah\u00adrung der Men\u00adschen\u00adw\u00fcr\u00adde. Wir sind ein de\u00admo\u00adkra\u00adti\u00adscher Rechts\u00adstaat. Wir spre\u00adchen die\u00adsel\u00adbe Spra\u00adche, un\u00adse\u00adre Amts\u00adspra\u00adche ist Deutsch. F\u00fcr all das haben wir ein Wort: Ver\u00adfas\u00adsungs\u00adpa\u00adtrio\u00adtis\u00admus. Ein gutes Wort. Aber ist das alles? De\u00admo\u00adkra\u00adtie, Ach\u00adtung der Ver\u00adfas\u00adsung und Men\u00adschen\u00adw\u00fcr\u00adde gel\u00adten in allen west\u00adli\u00adchen Ge\u00adsell\u00adschaf\u00adten. Ich meine: Es gibt noch mehr. Es gibt so etwas wie eine &#8222;Leit\u00adkul\u00adtur f\u00fcr Deutsch\u00adland&#8220;. Man\u00adche sto\u00ad\u00dfen sich schon an dem Be\u00adgriff der &#8222;Leit\u00adkul\u00adtur&#8220;. Das hat zu tun mit einer De\u00adbat\u00adte vor vie\u00adlen Jah\u00adren. Man kann das auch an\u00adders for\u00admu\u00adlie\u00adren. Zum Bei\u00adspiel so: \u00dcber Spra\u00adche, Ver\u00adfas\u00adsung und Ach\u00adtung der Grund\u00adrech\u00adte hin\u00adaus gibt es etwas, was uns im In\u00adners\u00adten zu\u00adsam\u00admen\u00adh\u00e4lt, was uns aus\u00admacht und was uns von an\u00adde\u00adren un\u00adter\u00adschei\u00addet.<br \/>\nIch finde den Be\u00adgriff &#8222;Leit\u00adkul\u00adtur&#8220; gut und m\u00f6ch\u00adte an ihm fest\u00adhal\u00adten. Denn er hat zwei Wort\u00adbe\u00adstand\u00adtei\u00adle. Zu\u00adn\u00e4chst das Wort Kul\u00adtur. Das zeigt, worum es geht, n\u00e4m\u00adlich nicht um Rechts\u00adre\u00adgeln, son\u00addern un\u00adge\u00adschrie\u00adbe\u00adne Re\u00adgeln un\u00adse\u00adres Zu\u00adsam\u00admen\u00adle\u00adbens. Und das Wort &#8222;lei\u00adten&#8220; ist etwas an\u00adde\u00adres als vor\u00adschrei\u00adben oder ver\u00adpflich\u00adten. Viel\u00admehr geht es um das, was uns lei\u00adtet, was uns wich\u00adtig ist, was Richt\u00adschnur ist. Eine sol\u00adche Richt\u00adschnur des Zu\u00adsam\u00admen\u00adle\u00adbens in Deutsch\u00adland, das ist das, was ich unter Leit\u00adkul\u00adtur fasse.<br \/>\nWer ist &#8222;wir&#8220;? Wer ge\u00adh\u00f6rt dazu? Auch diese Frage wird oft ge\u00adstellt und viel dis\u00adku\u00adtiert. F\u00fcr mich ist die Ant\u00adwort klar: Wir \u2013 das sind zu\u00adn\u00e4chst ein\u00admal die B\u00fcr\u00adge\u00adrin\u00adnen und B\u00fcr\u00adger un\u00adse\u00adres Lan\u00addes. Nicht jeder, der sich f\u00fcr eine ge\u00adwis\u00adse Zeit in un\u00adse\u00adrem Land auf\u00adh\u00e4lt, wird Teil un\u00adse\u00adres Lan\u00addes. In un\u00adse\u00adrem Land gibt es dar\u00ad\u00fcber hin\u00adaus viele Men\u00adschen, die seit lan\u00adger Zeit hier leben, ohne Staats\u00adb\u00fcr\u00adger zu sein \u2013 auch sie ge\u00adh\u00f6\u00adren zu un\u00adse\u00adrem Land. Wenn ich aber von &#8222;wir&#8220; spre\u00adche, dann meine ich zu\u00aderst und zu\u00adn\u00e4chst die Staats\u00adb\u00fcr\u00adge\u00adrin\u00adnen und Staats\u00adb\u00fcr\u00adger un\u00adse\u00adres Lan\u00addes.<br \/>\nWenn wir eine Leit\u00adkul\u00adtur f\u00fcr Deutsch\u00adland be\u00adschrei\u00adben, sind wir den Be\u00adden\u00adken einer un\u00addif\u00adfe\u00adren\u00adzier\u00adten Ver\u00adall\u00adge\u00admei\u00adne\u00adrung aus\u00adge\u00adsetzt. Wer Grund\u00ads\u00e4t\u00adze be\u00adnennt, muss sich die Aus\u00adnah\u00admen vor\u00adhal\u00adten las\u00adsen. Das ist so. Und es stimmt: Es gibt viele Un\u00adter\u00adschie\u00adde in un\u00adse\u00adrem Land. Aber wer will be\u00adstrei\u00adten, dass es hier er\u00adprob\u00adte und wei\u00adter\u00adzu\u00adge\u00adben\u00adde Le\u00adbens\u00adge\u00adwohn\u00adhei\u00adten gibt, die es wert sind, er\u00adhal\u00adten zu wer\u00adden? Wohl kaum je\u00admand. \u00dcber\u00adzeu\u00adgun\u00adgen und Le\u00adbens\u00adge\u00adwohn\u00adhei\u00adten hat auch kein Land nur f\u00fcr sich al\u00adlein. Was in Deutsch\u00adland gilt, kann ge\u00adnau\u00adso in Frank\u00adreich gel\u00adten. Um\u00adge\u00adkehrt ist auch rich\u00adtig: An\u00adde\u00adre L\u00e4n\u00adder, an\u00adde\u00adre Sit\u00adten. Wenn eine Le\u00adbens\u00adge\u00adwohn\u00adheit im Aus\u00adland an\u00adders ist, ist sie eben an\u00adders als in Deutsch\u00adland, nicht bes\u00adser oder schlech\u00adter. Es ist die Mi\u00adschung, die ein Land ein\u00adzig\u00adar\u00adtig macht und die letzt\u00adlich als Kul\u00adtur be\u00adzeich\u00adnet wer\u00adden kann. Und ist es nicht auch genau das, was wir su\u00adchen, wenn wir rei\u00adsen \u2013 die Kul\u00adtur des dann an\u00adde\u00adren Lan\u00addes; das Er\u00adfah\u00adren eines an\u00adde\u00adren Kul\u00adtur\u00adkrei\u00adses, der uns den ei\u00adge\u00adnen dann auch immer wie\u00adder be\u00adwusst macht?\u00a0Ich will mit ei\u00adni\u00adgen The\u00adsen zu einer Dis\u00adkus\u00adsi\u00adon ein\u00adla\u00adden \u00fcber eine Leit\u00adkul\u00adtur f\u00fcr Deutsch\u00adland.<br \/>\n&#8230;<br \/>\n<a href=\"https:\/\/www.zeit.de\/politik\/deutschland\/2017-04\/thomas-demaiziere-innenminister-leitkultur\/seite-2\">https:\/\/www.zeit.de\/politik\/deutschland\/2017-04\/thomas-demaiziere-innenminister-leitkultur\/seite-2<br \/>\n<\/a>\u00a0.<\/p>\n<p><strong>10 Thesen zur Leitkultur von De Maiziere &#8211; Ausz\u00fcge im Wortlaut:<\/strong><br \/>\n1. Soziale Gewohnheiten: \u201eWir legen Wert auf einige soziale Gewohnheiten, nicht weil sie Inhalt, sondern weil sie Ausdruck einer bestimmten Haltung sind: Wir sagen unseren Namen. Wir geben uns zur Begr\u00fc\u00dfung die Hand. Bei Demonstrationen haben wir ein Vermummungsverbot.\u201c Der Punkt schlie\u00dft mit den Worten: \u201eWir zeigen unser Gesicht. Wir sind nicht Burka.\u201c<br \/>\n.<br \/>\n2. Allgemeinbildung: \u201eWir sehen Bildung und Erziehung als Wert und nicht allein als Instrument. &#8230; Allgemeinbildung hat einen Wert f\u00fcr sich.\u201c<br \/>\n.<br \/>\n3. Leistungsgedanke: \u201eWir sehen Leistung als etwas an, auf das jeder Einzelne stolz sein kann. &#8230; Wir fordern Leistung. &#8230; Wir leisten auch Hilfe, haben soziale Sicherungssysteme und bieten Menschen, die Hilfe brauchen, die Hilfe der Gesellschaft an.\u201c<br \/>\n.<br \/>\n4. Geschichte: \u201eWir sind Erben unserer Geschichte, mit all ihren H\u00f6hen und Tiefen. Unsere Vergangenheit pr\u00e4gt unsere Gegenwart und unsere Kultur. &#8230; Dazu geh\u00f6rt auch ein besonderes Verh\u00e4ltnis zum Existenzrecht Israels.\u201c<br \/>\n.<br \/>\n5. Kulturnation Deutschland: \u201eWir sind Kulturnation. Kaum ein Land ist so gepr\u00e4gt von Kultur und Philosophie wie Deutschland.\u201c<br \/>\n.<br \/>\n6. Religion und christliche Pf\u00e4gung: \u201eIn unserem Land ist Religion Kitt und nicht Keil der Gesellschaft. &#8230; Ein solcher Kitt f\u00fcr unsere Gesellschaft entsteht in der christlichen Kirche, in der Synagoge und in der Moschee. &#8230; Kirchliche Feiertage pr\u00e4gen den Rhythmus unserer Jahre. Kircht\u00fcrme pr\u00e4gen unsere Landschaft. Unser Land ist christlich gepr\u00e4gt.\u201c<\/p>\n<p>7. Zivilkultur: \u201eZum Mehrheitsprinzip geh\u00f6rt der Minderheitenschutz. &#8230; F\u00fcr uns sind Respekt und Toleranz wichtig. Wir akzeptieren unterschiedliche Lebensformen und wer dies ablehnt, stellt sich au\u00dferhalb eines gro\u00dfen Konsenses. Gewalt wird weder bei Demonstrationen noch an anderer Stelle gesellschaftlich akzeptiert. Wir verkn\u00fcpfen Vorstellungen von Ehre nicht mit Gewalt.\u201c<br \/>\n.<br \/>\n8. Patriotismus: \u201eWir sind aufgekl\u00e4rte Patrioten. Ein aufgekl\u00e4rter Patriot liebt sein Land und hasst nicht andere.\u201c \u201eJa, wir hatten Probleme mit unserem Patriotismus,\u201c so de Maizi\u00e8re. Doch die seien vorbei: \u201eUnsere Nationalfahne und unsere Nationalhymne sind selbstverst\u00e4ndlicher Teil unseres Patriotismus: Einigkeit und Recht und Freiheit.\u201c<br \/>\n.<br \/>\n9. Europa: \u201eWir sind Teil des Westens. Kulturell, geistig und politisch. Die NATO sch\u00fctzt unsere Freiheit. Sie verbindet uns mit den USA, unserem wichtigsten au\u00dfereurop\u00e4ischen Freund und Partner. Als Deutsche sind wir immer auch Europ\u00e4er.\u201c<\/p>\n<p>10. Kollektives Ged\u00e4chtnis: \u201eWir haben ein gemeinsames kollektives Ged\u00e4chtnis f\u00fcr Orte und Erinnerungen.\u201c Das Brandenburger Tor und der 9. November seien Teil solcher kollektiven Erinnerungen, aber auch der Gewinn der Fu\u00dfballweltmeisterschaften. Regionale Volksfeste wie Karneval, Marktpl\u00e4tze und heimatliche Verwurzelung kommen nach de Maizi\u00e8re hinzu. \u201eLandsmannschaftliche Mentalit\u00e4ten, die am Klang der Sprache jeder erkennt, geh\u00f6ren zu uns und pr\u00e4gen unser Land.\u201c<br \/>\nAlle 10 Punkte zur Leitkultur von De Maiziere vom 29.4.2017 im vollen Wortlaut bitte lesen auf<br \/>\n<a href=\"https:\/\/www.bild.de\/bild-plus\/politik\/inland\/thomas-de-maiziere\/leitkultur-fuer-deutschland-51509022,view=conversionToLogin.bild.html\">https:\/\/www.bild.de\/bild-plus\/politik\/inland\/thomas-de-maiziere\/leitkultur-fuer-deutschland-51509022,view=conversionToLogin.bild.html<br \/>\n<\/a>.<\/p>\n<p><strong>Leitkultur &#8211; Friedrich Merz<\/strong><br \/>\nDie Debatte, die sich jetzt entz\u00fcndet, erreicht zwar bei Weitem nicht die Sturmst\u00e4rke wie noch Anfang des Jahrtausends, als der damalige Unions-Fraktionschef Friedrich Merz den Begriff \u201e<a title=\"Leitkultur\" href=\"https:\/\/www.freiburg-schwarzwald.de\/blog\/kultur\/leitkultur\/\">Leitkultur<\/a>\u201c erstmals in den politischen Diskurs einf\u00fchrte. Inzwischen hat sich auch in den links von der Union stehenden Milieus die Erkenntnis durchgesetzt, dass Deutschland an Einwanderer klare Anforderungen stellen darf und muss.<br \/>\n&#8230;.<br \/>\nVon Joachim Herrmann (CSU) erhielt de Maizi\u00e8re R\u00fcckendeckung. \u201eSelbstverst\u00e4ndlich stehen wir in Deutschland f\u00fcr eine offene und tolerante Gesellschaft. Aber ebenso klar sind unsere Wurzeln, die wir bewahren m\u00fcssen. Unser Grundgesetz und unsere Rechtsordnung, unsere gemeinsamen Traditionen und Werte \u2013 all das fu\u00dft in der christlich-abendl\u00e4ndischen Kultur. Unsere Identit\u00e4t m\u00fcssen wir unbedingt bewahren. &#8230;starke Verpflichtung zur deutschen Leitkultur und auf eine klare Absage von Multikulti: Nur mit den festen Leitplanken einer deutschen Leitkultur kann die Integration in Deutschland dauerhaft funktionieren.\u201c Wohin falsch verstandene Liberalit\u00e4t f\u00fchren k\u00f6nne, zeige das Beispiel Frankreichs mit deutlich erstarkten Rechtsextremen einerseits und unhaltbaren Zust\u00e4nden in sogenannten No-go-Areas in Vororten von Paris andererseits, mahnte Herrmann: \u201eWer sich als Zuwanderer nicht in Deutschland integrieren will, muss in letzter Konsequenz unser Land verlassen.\u201c &#8230;.<br \/>\nAlles vom 2.5.2017 bitte lesen auf<br \/>\n<a href=\"https:\/\/www.welt.de\/politik\/deutschland\/article164160224\/Deutsche-Leitkultur-Der-Union-gefaellt-das.html\">https:\/\/www.welt.de\/politik\/deutschland\/article164160224\/Deutsche-Leitkultur-Der-Union-gefaellt-das.html<\/a><\/p>\n<p><strong>SPD lehnt Leitkultur (wie auch Heimat) ab<\/strong><br \/>\nSPD-Parteivize Ralf Stegner sagte der \u201eWelt\u201c: \u201eDe Maizi\u00e8re verfolgt zwei Ziele mit der Debatte um eine Leitkultur. Er fischt am rechten Rand, um AfD-W\u00e4hler f\u00fcr die Union zu gewinnen, und er m\u00f6chte von den massiven Problemen seines Ministeriums ablenken. Beides ist unw\u00fcrdig.\u201c Tja da sieht man wo Ralf Stegner steht: links drau\u00dfen, sodass aus seiner Perspektive eine Forderung, die 76 Prozent der Deutschen teilen, f\u00fcr rechten Rand h\u00e4lt.<br \/>\n3.5.2017, Zeberus, WO<br \/>\n.<br \/>\n<strong>Drei Zielgruppen der deutschen Leitkultur<\/strong><br \/>\nMan sollte Einwanderer, traditionell definiert als Personen mit prim\u00e4ren beruflichen Ambitionen (und hoffentlich auch Chancen), trennen von der Frage, wie viele legale und illegale Fl\u00fcchtlinge mit Familie Deutschland langfristig aufnehmen und ggf. \u00fcber viele Jahre versorgen wird. Die Leitkultur hat drei Zielgruppen: einerseits diejenigen, \u201edie schon lange hier leben\u201c, andererseits die Berufs-Zuwanderer und drittens die Menschen, die im Rahmen der j\u00fcngeren s.g. Fl\u00fcchtlingswellen zu uns kommen (und neuerdings auch automatisch zu Jobanw\u00e4rtern werden). F\u00fcr alle drei finde ich das Formulieren einer Leitkultur hilfreich. Auch f\u00fcr \u201eDeutsche\u201c, die ja nicht mehr unbeschwert patriotisch sein d\u00fcrfen, ohne gleich recht(spopulistisch)er Tendenzen beschuldigt zu werden.<br \/>\n3.5.2017,<br \/>\n.<br \/>\n<strong>Meine kleine Checkliste f\u00fcr die Leitkultur-Debatte &#8211; Warum wir eine Leitkultur brauchen<\/strong><br \/>\nDer Innenminister hat die Diskussion um eine deutsche Leitkultur wieder aufgegriffen, schlie\u00dflich ist Wahlkampf. \u201eWir sind nicht Burka\u201c, schreibt er in \u201eBild am Sonntag\u201c. F\u00fcr manche reicht das nicht, f\u00fcr andere ist es schon zu viel des Guten. \u201eBrauchen wir nicht! Nazis! \u00dcberfl\u00fcssig! Wir haben doch das Grundgesetz!&#8220; Man kennt die Reflexe. Aber reicht das Gesetz allein wirklich aus? Folgende acht Dinge, die in Deutschland nicht verboten sind:<br \/>\n.<br \/>\n<em>1) Es ist nicht verboten, euren \u00e4ltesten Sohn zum Herrn \u00fcber alle weiblichen Familienmitglieder zu erkl\u00e4ren, obwohl er selbst noch ein Kind ist.<\/em><br \/>\n<em> 2) Es ist nicht verboten, eure 8-j\u00e4hrige Tochter in ein Kopftuch zu h\u00fcllen und sie von gleichaltrigen Jungs abzuschotten und in ein Leben als Hausfrau zu dr\u00e4ngen.<\/em><br \/>\n<em> 3) Es ist nicht verboten, eure Kinder vom Schwimmunterricht fernzuhalten, euren T\u00f6chtern zu verbieten, Fu\u00dfball zu spielen oder Skateboard zu fahren.<\/em><br \/>\n<em> 4) Es ist nicht verboten, Frauen nicht die Hand zu geben, nur weil sie Frauen sind.<\/em><br \/>\n<em> 5) Es ist nicht verboten, euren Kindern vorzuschreiben, wen sie wann zu heiraten haben oder dass sie zu heiraten haben.<\/em><br \/>\n<em> 6) Es ist nicht verboten, den Westen zu hassen, obwohl ihr seine Errungenschaften in vollen Z\u00fcgen genie\u00dft.<\/em><br \/>\n<em> 7) Es ist nicht verboten, die sexuellen Bed\u00fcrfnisse eurer Familienmitglieder zu unterdr\u00fccken.<\/em><br \/>\n<em> 8) Es ist nicht verboten, ein Leben zu f\u00fchren, in dem alle Dinge g\u00f6ttlich vorbestimmt und weltliches Wissen keinen Wert hat. Das Grundgesetz verbietet euch nicht, ein trauriges, unm\u00fcndiges Leben zu f\u00fchren.<\/em><br \/>\n.<br \/>\nMit anderen Worten: Ihr d\u00fcrft das. Ist es okay, sich da einzumischen? Na klar, denn M\u00fcndigkeit ist die Voraussetzung f\u00fcr ein freies Leben und genau deshalb bleibt die Leitkulturdebatte aktuell. Mit kulturrelativistischen Ausreden mag man sich Freunde machen, schlie\u00dflich kommt Multikulti immer cool. Die Suppe ausl\u00f6ffeln m\u00fcssen die anderen. Mit tolerant, bunt und offen hat deren Leben dann aber wenig zu tun. &#8230;.<br \/>\nAlles vom Karim Dabbouz vom 2.5.2017 bitte lesen auf<br \/>\n<a href=\"https:\/\/www.achgut.com\/artikel\/meine_kleine_checkliste_fuer_die_leitkultur-debatte\">https:\/\/www.achgut.com\/artikel\/meine_kleine_checkliste_fuer_die_leitkultur-debatte<\/a><\/p>\n<p>Punkt 9) die Beschneidung von nicht einwilligungsf\u00e4higen Jungen, \u00a7 1631d BGB, haben Sie glatt vergessen (oder sollte dies unter Punkt 7 einzuordnen sein?) Die Beschneidungsdebatte im Jahr 2012 war ein H\u00f6hepunkt politischer Korrektheit auf allen Ebenen. Sp\u00e4tere Forderungen weiterer religi\u00f6ser Privilegien \u00e0 la \u00d6zo\u011fuz waren vorauszusehen.<br \/>\n1..5.2017, Lutz Herzer, AO<br \/>\n.<br \/>\n<strong>Leitkultur als gesellschaftlicher Konsens<\/strong><br \/>\nBei Lichte besehen hat der Innenminister ein paar Banalit\u00e4ten aufgelistet. Sicher war das eher wahltaktisch motiviert als denn ein Fall pl\u00f6tzlicher Einsicht. Trotzdem hat er recht. Das recht plakative \u201cWir sind nicht Burka\u201d entspricht den hiesigen Gepflogenheiten. Es ist gesellschaftlicher Konsens, dass man sein Gesicht nicht verbirgt. Das tun hier nur Bankr\u00e4uber, der schwarze Block und radikalisierte Muslime. Leistung und Bildung spielen im muslimischen Raum eine weit geringere Rolle als in der westlichen Welt oder in Fernost. W\u00e4ren in den letzten Jahren statt aus dem arabischen Raum \u00fcber eine Million Chinesen zugewandert, h\u00e4tte das hier vermutlich zu keinerlei Problemen gef\u00fchrt.<br \/>\n2.5.2017, Marcus Oehler, AO<br \/>\n.<br \/>\n<strong>Leitkultur wichtig, da Grundgesetz bzw. Verfassungspatriotismus nicht aureichen\u00a0<\/strong><br \/>\nDer Begriff &#8222;Leitkultur&#8220; wurde urspr\u00fcnglich nicht von Friedrich Merz, sondern von Prof. Bassam Tibi in die Diskussion eingef\u00fchrt. Er beschreibt damit einen \u201cinterzivilisatorischen Wertekonsens\u201d der n\u00f6tig ist, damit in Gesellschaften mit einer gro\u00dfen Zahl kulturfremder Einwanderer Integration \u00fcberhaupt erst m\u00f6glich wird. Insofern ist eine Leitkulturdebatte in der Tat notwendig und der Text von Karim Dabbouz zeigt sehr sch\u00f6n, dass das Grundgesetz oder ein reiner \u201cVerfassungspatriotismus\u201d dabei eben nicht ausreicht. Leider herrscht im links-dominierten Diskurs in Deutschland eher das Konzept der \u201cWertebeliebigkeit\u201d vor. Das hei\u00dft: Der Verzicht auf die Durchsetzung eigener Werte wird als Wert an sich propagiert. Das ist fatal und f\u00fchrt mittelfristig zur Fragmentierung der Gesellschaft.<br \/>\n2.5.2017, Markus Werner, AO<\/p>\n<p>.<\/p>\n<p><strong>F\u00fcnf Leitkultur-Aussagen von de Maiziere im Test<\/strong><br \/>\nIch stelle jeder Leitkultur-Aussage des Ministers zur \u00dcberpr\u00fcfung ihrer Wertigkeit die entsprechende gegenteilige Aussage gegen\u00fcber. Auf diese Weise kann jeder f\u00fcr sich entscheiden, welche der beiden Aussagen der menschlichen Vernunft am n\u00e4chsten kommt.<br \/>\nAussage eins von de Maiziere: Wir sagen unseren Namen. Wir zeigen unser Gesicht. Wir sind nicht Burka.<br \/>\nGegenaussage eins: Wir verschweigen unseren Namen. Wir verbergen unser Gesicht. Wir sind Burka.<br \/>\nWie gesagt: entscheiden Sie selbst.<br \/>\nAussage zwei: Bildung ist nicht nur Instrument f\u00fcr beruflichen Erfolg. Allgemeinbildung als Wert an sich pr\u00e4gt unser Bewusstsein.<br \/>\nGegenaussage zwei: Bildung brauchen wir nur f\u00fcr den Beruf. Allgemeinbildung ist eine Sekund\u00e4rtugend.<br \/>\nEntscheiden Sie selbst.<br \/>\nAussage drei: Aus unserer Geschichte leitet sich ein besonderes Verh\u00e4ltnis zum Existenzrecht Israels ab.<br \/>\nGegenaussage drei: Ob Israel existiert oder nicht, kann uns egal sein.<br \/>\nEntscheiden Sie selbst.<br \/>\nAussage vier: In unserem Land ist Religion Kitt und nicht Keil der Gesellschaft.<br \/>\nGegenaussage vier: In unserem Land hat Religion die Aufgabe, die Gesellschaft zu spalten.<br \/>\nEntscheiden Sie selbst.<br \/>\nAussage f\u00fcnf: Wir sind Teil des Westens, kulturell, geistig und politisch.<br \/>\nGegenaussage f\u00fcnf: Wir sind Teil des Nahen Ostens, kulturell, geistig und politisch.<br \/>\nEntscheiden Sie selbst.<br \/>\nSoweit die aus bisher ungekl\u00e4rten Gr\u00fcnden umstrittenen Aussagen des Bundesinnenministers.<br \/>\n&#8230; Alles vom 4.5.2017 bitte lesen auf<br \/>\n<a href=\"https:\/\/www.achgut.com\/artikel\/das_gespenst_der_leitkultur\">https:\/\/www.achgut.com\/artikel\/das_gespenst_der_leitkultur<br \/>\n<\/a>.<\/p>\n<p><strong>Die Thesen von de Maiziere sind 1-zu-1 auf Europa \u00fcbertragbar<\/strong><br \/>\nThomas-de-Mazi\u00e8re ist vom Stil her zu kritisieren, weil es ein sehr durchsichtiges Wahlkampfman\u00f6ver ist. Man will den zur AfD abgewanderten W\u00e4hlern signalisieren, dass auch die CDU noch konservativ sein kann. Aber in der Sache hat Thomas-de-Mazi\u00e8re vollumf\u00e4nglich Recht. Den Linksgr\u00fcn*Innen, die meinen statt einer Deutschen Leitkultur sollte es eine Europ\u00e4ische Leitkultur geben, ist entgegenzuhalten, dass die Thesen von Thomas-de-Mazi\u00e8re Eins zu Eins auf ganz Europa \u00fcbertragen werden k\u00f6nnen. Die f\u00fcnf o. g. Aussagen w\u00fcrde jeder Europ\u00e4er (hier geboren oder integriert) von Island bis Griechenland und von Portugal bis Russland unterschreiben. Nur Menschen aus dem islamischen Bereich (dort wohnhaft oder in Europa nicht integriert) haben ein Problem mit allen (!) f\u00fcnf Thesen. Ich w\u00fcrde methodisch anders vorgehen, aber im Ergebnis hat Thomas-de-Mazi\u00e8re die Unterschiede zwischen Europa und Deutschland zur islamischen und afrikanischen Welt klar herausgearbeitet. Das GG gibt zwar auch Hinweise zur Deutschen Leitkultur, greift aber nicht ganz. Die Grundrechte z. B. sind nur Abwehrrechte des B\u00fcrgers gegen\u00fcber dem Staat, aber keine Abwehrrechte eines B\u00fcrgers gegen andere B\u00fcrger. Das moslemische Familienoberhaupt kann gegen\u00fcber dem Staat selbst dann seine Religionsfreiheit einfordern, wenn er sie seinen Familienmitgliedern verweigert. Der radikale Moslem mit deutscher Staatsb\u00fcrgerschaft darf seine demokratischen und rechtstaatlichen Rechte (v. a. Wahlrecht) selbst dann uneingeschr\u00e4nkt aus\u00fcben, wenn er Demokratie und Rechtstaat zugunsten eines totalit\u00e4ren islamistischen Gottesstaates abschaffen will. Eine Leitkultur ist deshalb nicht deckungsgleich mit der Verfassung.<br \/>\n4.5.2017, Hubert Bauer. AO<\/p>\n","protected":false},"excerpt":{"rendered":"<p>Die deutsche Verfassung hei\u00dft Grundgesetz, ihm sind alle Einwohner unseres demokratischen Rechtsstaats verpflichtet, d.h. f\u00fcr alle gilt ein Wort: Verfassungspatriotismus. &#8222;Ein gutes Wort. Aber ist das alles? De\u00admo\u00adkra\u00adtie, Ach\u00adtung der Ver\u00adfas\u00adsung und Men\u00adschen\u00adw\u00fcr\u00adde gel\u00adten in allen west\u00adli\u00adchen Ge\u00adsell\u00adschaf\u00adten. Ich meine: &hellip; <a href=\"https:\/\/www.freiburg-schwarzwald.de\/blog\/deutsche-leitkultur-maiziere\/\">Weiterlesen <span class=\"meta-nav\">&rarr;<\/span><\/a><\/p>\n","protected":false},"author":2,"featured_media":0,"comment_status":"open","ping_status":"closed","sticky":false,"template":"","format":"standard","meta":{"footnotes":""},"categories":[18,96,195,13,19,172],"tags":[489,301,722,525,631],"class_list":["post-64801","post","type-post","status-publish","format-standard","hentry","category-bildung","category-dichter","category-eu","category-kultur","category-religion","category-zukunft","tag-european-union","tag-culture","tag-literatur","tag-politik","tag-staat"],"_links":{"self":[{"href":"https:\/\/www.freiburg-schwarzwald.de\/blog\/wp-json\/wp\/v2\/posts\/64801","targetHints":{"allow":["GET"]}}],"collection":[{"href":"https:\/\/www.freiburg-schwarzwald.de\/blog\/wp-json\/wp\/v2\/posts"}],"about":[{"href":"https:\/\/www.freiburg-schwarzwald.de\/blog\/wp-json\/wp\/v2\/types\/post"}],"author":[{"embeddable":true,"href":"https:\/\/www.freiburg-schwarzwald.de\/blog\/wp-json\/wp\/v2\/users\/2"}],"replies":[{"embeddable":true,"href":"https:\/\/www.freiburg-schwarzwald.de\/blog\/wp-json\/wp\/v2\/comments?post=64801"}],"version-history":[{"count":0,"href":"https:\/\/www.freiburg-schwarzwald.de\/blog\/wp-json\/wp\/v2\/posts\/64801\/revisions"}],"wp:attachment":[{"href":"https:\/\/www.freiburg-schwarzwald.de\/blog\/wp-json\/wp\/v2\/media?parent=64801"}],"wp:term":[{"taxonomy":"category","embeddable":true,"href":"https:\/\/www.freiburg-schwarzwald.de\/blog\/wp-json\/wp\/v2\/categories?post=64801"},{"taxonomy":"post_tag","embeddable":true,"href":"https:\/\/www.freiburg-schwarzwald.de\/blog\/wp-json\/wp\/v2\/tags?post=64801"}],"curies":[{"name":"wp","href":"https:\/\/api.w.org\/{rel}","templated":true}]}}