{"id":64781,"date":"2017-04-26T09:16:59","date_gmt":"2017-04-26T07:16:59","guid":{"rendered":"https:\/\/www.freiburg-schwarzwald.de\/blog\/?p=64781"},"modified":"2017-04-27T14:31:54","modified_gmt":"2017-04-27T12:31:54","slug":"migranten-43-tatverdaechtig","status":"publish","type":"post","link":"https:\/\/www.freiburg-schwarzwald.de\/blog\/migranten-43-tatverdaechtig\/","title":{"rendered":"Migranten: 43 % tatverdaechtig"},"content":{"rendered":"<p><a title=\"Migration-Zahlen\" href=\"https:\/\/www.freiburg-schwarzwald.de\/blog\/global\/migration\/migration-zahlen\/\">Personen mit ausl\u00e4ndischem Pa\u00df<\/a> begehen viel h\u00e4ufiger <a title=\"Kriminalitaet\" href=\"https:\/\/www.freiburg-schwarzwald.de\/blog\/selbsthilfe\/krise\/gewalt\/kriminalitaet\/\">Straftaten<\/a>, also es ihr <a title=\"Migration-Maenner\" href=\"https:\/\/www.freiburg-schwarzwald.de\/blog\/global\/migration\/migration-maenner\/\">Anteil<\/a> an der Bev\u00f6lkerung in Deutschland erwarten lie\u00dfe. Im vergangenen Jahr sind in <a title=\"Freiburg\" href=\"https:\/\/www.freiburg-schwarzwald.de\/blog\/regio\/freiburg\/\">Freiburg<\/a> 10381 Tatverd\u00e4chtige registriert worden \u2013 5938 waren <a title=\"Deutschland\" href=\"https:\/\/www.freiburg-schwarzwald.de\/blog\/global\/deutschland\/\">deutsche Staatsb\u00fcrger<\/a>, 4443 hatten <a title=\"Fluechtlinge\" href=\"https:\/\/www.freiburg-schwarzwald.de\/blog\/global\/integration\/fluechtlinge\/\">einen ausl\u00e4ndischen Pass<\/a>. Der Anteil <a title=\"Fluechtlinge-Kriminalitaet\" href=\"https:\/\/www.freiburg-schwarzwald.de\/blog\/global\/integration\/fluechtlinge-kriminalitaet\/\">nichtdeutscher Tatverd\u00e4chtiger<\/a> kletterte damit auf 43,8 Prozent \u2013 das ist ein neuer H\u00f6chstwert.<!--more--><br \/>\n.<br \/>\nGewaltdelikte: Von 818 Tatverd\u00e4chtigen in Freiburg waren 354 Ausl\u00e4nder &#8211; ein Anteil von 43,3 %.<br \/>\n<a title=\"Ueberfall\" href=\"https:\/\/www.freiburg-schwarzwald.de\/blog\/selbsthilfe\/krise\/gewalt\/ueberfall\/\">Raub\u00fcberf\u00e4lle<\/a>: Die 201 \u00dcberf\u00e4lle in FR in 2016 wurden von 179 Tatverd\u00e4chtigen begangen, darunter 94 Ausl\u00e4ndern &#8211; ein Anteil von 52,4 %.<br \/>\nStraftaten gegen das<a title=\"Dreisam-Mord\" href=\"https:\/\/www.freiburg-schwarzwald.de\/blog\/global\/integration\/dreisam-mord\/\"> Leben<\/a>: Von 15 mutma\u00dflichen T\u00e4tern waren 7 Fl\u00fcchtlinge &#8211; ein Anteil von 46,6 %.<br \/>\n.<br \/>\nDie Zahl der straftatverd\u00e4chtigen Fl\u00fcchtlinge ist in <a title=\"Freiburg kriminellste Stadt 2016\" href=\"https:\/\/www.freiburg-schwarzwald.de\/blog\/freiburg-kriminellste-stadt-2016\/\">Freiburg<\/a> im Jahr 2016 um ca 50 % gestiegen gegen\u00fcber dem Vorjahr 2015. Diese 50% entsprechen dem deutschlandweiten Trend. Leider ist zu erwarten, dass sich dieser Trend auch in 2017 fortsetzen wird &#8211; auf 55% oder gar 60%?<br \/>\nDenn was mit der Grenz\u00f6ffnung <a title=\"Budapest-Dublin2015\" href=\"https:\/\/www.freiburg-schwarzwald.de\/blog\/global\/eu\/budapest-dublin2015\/\">Budapest 9\/2015<\/a> begann, h\u00e4lt an: Ende April kommen t\u00e4glich mindestens 500 Fl\u00fcchtlinge unkontrolliert und zumeist ohne Ausweise nach Deutschland, also 15000 im Monat bzw. 180000 im Jahr 2017.<\/p>\n<p><strong>Kriminalstatistik Freiburg: Mehr Straftaten durch Zuwanderer<\/strong><br \/>\nDie Entwicklung in Freiburg liegt exakt im Bundestrend: Die Zahl der Straftaten durch Zuwanderer ist im Jahr 2016 stark gestiegen. Hauptt\u00e4tergruppe sind junge M\u00e4nner. &#8230;.<br \/>\nAlles vom 25.4.2017 bitte lesen auf<br \/>\n<a href=\"https:\/\/www.badische-zeitung.de\/kriminalstatistik-freiburg-mehr-straftaten-durch-zuwanderer\">https:\/\/www.badische-zeitung.de\/kriminalstatistik-freiburg-mehr-straftaten-durch-zuwanderer<br \/>\n<\/a>\u00a0 .<br \/>\n<strong>Wenig Arbeit &#8211; viel Gewalt<\/strong><br \/>\nHier ist die Politik dringend gefragt: Wenn junge Menschen alle Zeit der Welt haben, aber nicht arbeiten d\u00fcrfen (bzw. k\u00f6nnen) und wenig Geld haben, was passiert dann? Richtig &#8211; sie kommen auf dumme Gedanken! Also w\u00e4re doch die erste Pr\u00e4ventiv-Ma\u00dfnahme gegen Straftaten, die jungen Menschen (und zwar In- und Ausl\u00e4nder) so bald als m\u00f6glich in ein geordnetes Arbeitsverh\u00e4ltnis zu bringen!<br \/>\n25.4.2017, Werner Ketterer, BO<\/p>\n<p><strong>Gesch\u00f6nte Statistiken f\u00fcr unm\u00fcndige B\u00fcrger<\/strong><br \/>\nSchon die \u00dcberschrift zeigt: es soll hier ein Vergleich der Zuwanderer der letzten Jahren mit denen &#8222;die schon l\u00e4nger hier leben&#8220; gestellt werden. Ich frage mich: weswegen eigentlich? Wenn hier schon Vergleiche angestellt werden, frage ich ich weiter: weswegen geht kein <a title=\"Luegenpresse\" href=\"https:\/\/www.freiburg-schwarzwald.de\/blog\/kultur\/medien\/luegenpresse\/\">Journalis<\/a>t der Frage nach warum Straftaten, die nur Ausl\u00e4nder begehen k\u00f6nnen heraus gerechnet werden \u2013 und hingegen Straftaten, die Ausl\u00e4nder nicht oder nur Deutsche begehen k\u00f6nnen nicht heraus gerechnet werden? Der Vergleich hinkt so enorm und ist sehr populistisch. Warum erh\u00e4lt das Volk nicht eine ungesch\u00f6nte Statistik, die nicht frisiert ist und weswegen wird es dem Volk nicht selbst \u00fcberlassen, heraus zurechnen, was es will?<br \/>\n25.4.2017, Luzian L\u00f6ffler, BO<\/p>\n","protected":false},"excerpt":{"rendered":"<p>Personen mit ausl\u00e4ndischem Pa\u00df begehen viel h\u00e4ufiger Straftaten, also es ihr Anteil an der Bev\u00f6lkerung in Deutschland erwarten lie\u00dfe. Im vergangenen Jahr sind in Freiburg 10381 Tatverd\u00e4chtige registriert worden \u2013 5938 waren deutsche Staatsb\u00fcrger, 4443 hatten einen ausl\u00e4ndischen Pass. Der &hellip; <a href=\"https:\/\/www.freiburg-schwarzwald.de\/blog\/migranten-43-tatverdaechtig\/\">Weiterlesen <span class=\"meta-nav\">&rarr;<\/span><\/a><\/p>\n","protected":false},"author":2,"featured_media":0,"comment_status":"open","ping_status":"closed","sticky":false,"template":"","format":"standard","meta":{"footnotes":""},"categories":[52,49,155,60],"tags":[485,431,732,426,405],"class_list":["post-64781","post","type-post","status-publish","format-standard","hentry","category-einewelt","category-freiburg","category-integration","category-jugend","tag-refugee","tag-gerecht","tag-gewalt","tag-job","tag-polizei"],"_links":{"self":[{"href":"https:\/\/www.freiburg-schwarzwald.de\/blog\/wp-json\/wp\/v2\/posts\/64781","targetHints":{"allow":["GET"]}}],"collection":[{"href":"https:\/\/www.freiburg-schwarzwald.de\/blog\/wp-json\/wp\/v2\/posts"}],"about":[{"href":"https:\/\/www.freiburg-schwarzwald.de\/blog\/wp-json\/wp\/v2\/types\/post"}],"author":[{"embeddable":true,"href":"https:\/\/www.freiburg-schwarzwald.de\/blog\/wp-json\/wp\/v2\/users\/2"}],"replies":[{"embeddable":true,"href":"https:\/\/www.freiburg-schwarzwald.de\/blog\/wp-json\/wp\/v2\/comments?post=64781"}],"version-history":[{"count":0,"href":"https:\/\/www.freiburg-schwarzwald.de\/blog\/wp-json\/wp\/v2\/posts\/64781\/revisions"}],"wp:attachment":[{"href":"https:\/\/www.freiburg-schwarzwald.de\/blog\/wp-json\/wp\/v2\/media?parent=64781"}],"wp:term":[{"taxonomy":"category","embeddable":true,"href":"https:\/\/www.freiburg-schwarzwald.de\/blog\/wp-json\/wp\/v2\/categories?post=64781"},{"taxonomy":"post_tag","embeddable":true,"href":"https:\/\/www.freiburg-schwarzwald.de\/blog\/wp-json\/wp\/v2\/tags?post=64781"}],"curies":[{"name":"wp","href":"https:\/\/api.w.org\/{rel}","templated":true}]}}