{"id":64776,"date":"2017-04-26T12:03:30","date_gmt":"2017-04-26T10:03:30","guid":{"rendered":"https:\/\/www.freiburg-schwarzwald.de\/blog\/?p=64776"},"modified":"2017-04-26T12:03:31","modified_gmt":"2017-04-26T10:03:31","slug":"christo-verhuellt-kapelle-zarten","status":"publish","type":"post","link":"https:\/\/www.freiburg-schwarzwald.de\/blog\/christo-verhuellt-kapelle-zarten\/","title":{"rendered":"Christo verhuellt Kapelle Zarten"},"content":{"rendered":"<p>Christo war da \u2013 und verh\u00fcllte f\u00fcr ein paar Tage die <a title=\"Zarten\" href=\"https:\/\/www.freiburg-schwarzwald.de\/blog\/regio\/orte\/kirchzarten\/zarten\/\">Zartener<\/a> <a title=\"Johanneskapelle\" href=\"https:\/\/www.freiburg-schwarzwald.de\/blog\/religion\/kirchen\/kapellen\/johanneskapelle\/\">St. Johanneskapelle<\/a>. Toni Schuler aus <a title=\"Stegen\" href=\"https:\/\/www.freiburg-schwarzwald.de\/blog\/regio\/orte\/stegen\/\">Stegen<\/a> hielt das Ereignis mit dem Fotoapparat in gelungener Weise fest. Zur Finanzierung der <a title=\"Kapellen\" href=\"https:\/\/www.freiburg-schwarzwald.de\/blog\/religion\/kirchen\/kapellen\/\">Kapellen<\/a>-Renovation \u2013 der wahre Grund der <a title=\"Kultur\" href=\"https:\/\/www.freiburg-schwarzwald.de\/blog\/kultur\/\">Verh\u00fcllung<\/a> \u2013 wird das Foto in einer streng begrenzten und handsignierten Auflage zum <a title=\"Spende\" href=\"https:\/\/www.freiburg-schwarzwald.de\/blog\/engagement\/spende\/\">Spendenbetrag<\/a> von 50 Euro zuz\u00fcglich der Materialkosten zum Verkauf angeboten. <!--more-->Die Bearbeitung \u00fcbernimmt die Firma Dreisam-Druck von Martin Schweizer und Oliver Sitka kostenlos. Ursache der Verh\u00fcllung war die umfassende Sch\u00e4dlingsbek\u00e4mpfung in der St. Johanneskapelle, die in der letzten Woche durchgef\u00fchrt wurde. Holzwurm, Hausbock, Raum- und Mauerfeuchtigkeit haben dem altehrw\u00fcrdigen Bauwerk derart zugesetzt, dass der Kostenrahmen f\u00fcr die Renovierung um rund ein Drittel \u00fcberschritten wird. Aus den veranschlagten 65.000 Euro werden es nun rund 100.000 Euro.<br \/>\nEine Nachfinanzierung mit erheblicher Eigenbeteiligung ist angesagt. Notmacht bekanntlich erfi nderisch. Und so haben sich die Verantwortlichen des Kirchlichen F\u00f6rdervereins St. Johanneskapelle zu dieser \u201eChristo-Aktion-Spenden-FotoAktion\u201c entschlossen. Dieses Foto von der verh\u00fcllten St. Johannes-Kapelle kann f\u00fcr 50 Euro Spendenbeitrag bei einer limitierten handsignierten Aufl age erworben werden.<br \/>\n.<\/p>\n<p><a href=\"https:\/\/www.freiburg-schwarzwald.de\/blog\/christo-verhuellt-kapelle-zarten\/johanneskapelle-verhuellt1704\/\" rel=\"attachment wp-att-64777\"><img loading=\"lazy\" decoding=\"async\" class=\"alignnone size-thumbnail wp-image-64777\" src=\"https:\/\/www.freiburg-schwarzwald.de\/blog\/wp-content\/uploads\/2017\/04\/johanneskapelle-verhuellt1704-180x140.jpg\" alt=\"johanneskapelle-verhuellt1704\" width=\"180\" height=\"140\" srcset=\"https:\/\/www.freiburg-schwarzwald.de\/blog\/wp-content\/uploads\/2017\/04\/johanneskapelle-verhuellt1704-180x140.jpg 180w, https:\/\/www.freiburg-schwarzwald.de\/blog\/wp-content\/uploads\/2017\/04\/johanneskapelle-verhuellt1704.jpg 637w\" sizes=\"auto, (max-width: 180px) 100vw, 180px\" \/><\/a>\u00a0 \u00a0Johanneskapelle in Zarten verh\u00fcllt &#8211; Foto: Toni Schuler<\/p>\n<p>Kaufanfragen f\u00fcr die Fotos und Infos zu den Renovierungsarbeiten sind an den Vorsitzenden Franz Asal, Bundesstr. 16 in Zarten, Telefon 07661 6926, Mail: <a href=\"mailto:f.asal@t.online.de\">f.asal@t.online.de<\/a> zu richten.<br \/>\nDar\u00fcber hinaus k\u00f6nnen Spenden gerne auf das Konto F\u00f6rderverein St. Johannes-Kapelle bei der Volksbank Freiburg, IBAN: DE72 6809 0000 0031 4278 00 \u00fcberwiesen werden.<br \/>\nH+Gerhard L\u00fcck, .26.4.2017, <a href=\"https:\/\/www.dreisamtaeler.de\">www.dreisamtaeler.de<\/a><\/p>\n","protected":false},"excerpt":{"rendered":"<p>Christo war da \u2013 und verh\u00fcllte f\u00fcr ein paar Tage die Zartener St. Johanneskapelle. Toni Schuler aus Stegen hielt das Ereignis mit dem Fotoapparat in gelungener Weise fest. Zur Finanzierung der Kapellen-Renovation \u2013 der wahre Grund der Verh\u00fcllung \u2013 wird &hellip; <a href=\"https:\/\/www.freiburg-schwarzwald.de\/blog\/christo-verhuellt-kapelle-zarten\/\">Weiterlesen <span class=\"meta-nav\">&rarr;<\/span><\/a><\/p>\n","protected":false},"author":2,"featured_media":0,"comment_status":"open","ping_status":"closed","sticky":false,"template":"","format":"standard","meta":{"footnotes":""},"categories":[400,104,284,119,157,19,161],"tags":[557,724,503,318,319,270],"class_list":["post-64776","post","type-post","status-publish","format-standard","hentry","category-freiwillig","category-hilfe","category-kapellen","category-kunst","category-oeffentlicher-raum","category-religion","category-spende","tag-baustelle","tag-heimat","tag-church","tag-kunsthandwerk","tag-sanierung","tag-gift"],"_links":{"self":[{"href":"https:\/\/www.freiburg-schwarzwald.de\/blog\/wp-json\/wp\/v2\/posts\/64776","targetHints":{"allow":["GET"]}}],"collection":[{"href":"https:\/\/www.freiburg-schwarzwald.de\/blog\/wp-json\/wp\/v2\/posts"}],"about":[{"href":"https:\/\/www.freiburg-schwarzwald.de\/blog\/wp-json\/wp\/v2\/types\/post"}],"author":[{"embeddable":true,"href":"https:\/\/www.freiburg-schwarzwald.de\/blog\/wp-json\/wp\/v2\/users\/2"}],"replies":[{"embeddable":true,"href":"https:\/\/www.freiburg-schwarzwald.de\/blog\/wp-json\/wp\/v2\/comments?post=64776"}],"version-history":[{"count":0,"href":"https:\/\/www.freiburg-schwarzwald.de\/blog\/wp-json\/wp\/v2\/posts\/64776\/revisions"}],"wp:attachment":[{"href":"https:\/\/www.freiburg-schwarzwald.de\/blog\/wp-json\/wp\/v2\/media?parent=64776"}],"wp:term":[{"taxonomy":"category","embeddable":true,"href":"https:\/\/www.freiburg-schwarzwald.de\/blog\/wp-json\/wp\/v2\/categories?post=64776"},{"taxonomy":"post_tag","embeddable":true,"href":"https:\/\/www.freiburg-schwarzwald.de\/blog\/wp-json\/wp\/v2\/tags?post=64776"}],"curies":[{"name":"wp","href":"https:\/\/api.w.org\/{rel}","templated":true}]}}