{"id":64758,"date":"2017-04-22T21:26:57","date_gmt":"2017-04-22T19:26:57","guid":{"rendered":"https:\/\/www.freiburg-schwarzwald.de\/blog\/?p=64758"},"modified":"2017-04-22T21:28:19","modified_gmt":"2017-04-22T19:28:19","slug":"integration-als-holschuld","status":"publish","type":"post","link":"https:\/\/www.freiburg-schwarzwald.de\/blog\/integration-als-holschuld\/","title":{"rendered":"Integration als Holschuld"},"content":{"rendered":"<p>Das Referendum in der <a title=\"Tuerkei\" href=\"https:\/\/www.freiburg-schwarzwald.de\/blog\/global\/tuerkei\/\">T\u00fcrkei<\/a> (51,4 % f\u00fcr <a title=\"Deutschtuerken Auswanderung\" href=\"https:\/\/www.freiburg-schwarzwald.de\/blog\/deutschtuerken-auswanderung\/\">Erdogan<\/a> und 48,6 % dagegen) spaltet nicht nur die Gesellschaft der T\u00fcrkei, sondern auch in <a title=\"Deutschland\" href=\"https:\/\/www.freiburg-schwarzwald.de\/blog\/global\/deutschland\/\">Deutschland<\/a>: Wenn fast zwei Drittel der <a title=\"Deutschtuerken\" href=\"https:\/\/www.freiburg-schwarzwald.de\/blog\/global\/integration\/deutschtuerken\/\">Deutscht\u00fcrken<\/a> Erdogan gew\u00e4hlt haben, dann stellt sich die Frage, ob <a title=\"Integration-Islam\" href=\"https:\/\/www.freiburg-schwarzwald.de\/blog\/global\/integration\/integration-islam\/\">Integration<\/a> nun eine Hol- oder Bringschuld ist. \u00a0Dies zeige, so MdB \u00d6zcan Mutlu (<a title=\"Gruene\" href=\"https:\/\/www.freiburg-schwarzwald.de\/blog\/vereine\/partei\/gruene\/\">Gr\u00fcne<\/a>), was in der <a title=\"Integrieren\" href=\"https:\/\/www.freiburg-schwarzwald.de\/blog\/global\/integration\/integrieren\/\">Integrationspolitik<\/a> vers\u00e4umt worden sei: &#8222;Wir haben es nicht geschafft, ihre neue Heimat zu werden&#8220;, <!--more-->weshalb viele hier lebenden T\u00fcrken in Distanz zu Deutschland verharren bzw. in <a title=\"Parallelgesellschaft\" href=\"https:\/\/www.freiburg-schwarzwald.de\/blog\/global\/integration\/parallelgesellschaft\/\">Parallelgesellschaften<\/a> leben. F\u00fcr Mutlu wie f\u00fcr Cem \u00d6zdemir (Gr\u00fcne) ist Integration eine Bringschuld: &#8222;Wir m\u00fcssen uns endlich den dr\u00e4ngenden Fragen \u00fcber die Integrationsvers\u00e4umnisse der vergangenen Jahrzehnte stellen.&#8220;<br \/>\n.<br \/>\nDer andere Teil unserer Gesellschaft versteht <a title=\"Integration\" href=\"https:\/\/www.freiburg-schwarzwald.de\/blog\/global\/integration\/\">Integration<\/a> als Bringschuld: Wer f\u00fcr eine &#8222;islamische Diktatur&#8220; per &#8222;Erm\u00e4chtigungsgesetz&#8220; gestimmt habe, verachte &#8222;unsere Werte von Demokratie und Freiheit&#8220;, so Beatrix von Storch (AfD). Wenn 63% der in Deutschland lebenden T\u00fcrken f\u00fcr ein Wahlprogramm stimmen, in dem die Abschaffung der Opposition und die Todesstrafe verankert sind, dann kann dies nicht den Deutschen angelastet werden.<br \/>\nIm \u00fcbrigen degradiert die Definition von &#8222;Integration als Bringschuld&#8220; Migranten zu unm\u00fcndigen B\u00fcrgern 2. Klasse, denen wir Deutsche Integration verordnen bzw. \u00fcberst\u00fclpen k\u00f6nne und m\u00fcsse.<br \/>\nWenn viele Einwanderer materiell (Einkommen) hier und informell (TV, Handy) in der T\u00fcrkei leben, dann mag dies weniger mit Integrationsvers\u00e4umnissen des Aufnahmelandes zu tun haben als mit dem eigenen Willen.<br \/>\n21.4.2017<br \/>\n.<br \/>\nBaden-W\u00fcrttembergs Innenminister Thomas Strobl h\u00e4lt das mehrheitliche Votum der Deutsch-T\u00fcrken f\u00fcr die Verfassungsreform f\u00fcr ein Zeichen mangelnder Integration. &#8222;F\u00fcr mich ist es nur schwer nachvollziehbar, wie eine Mehrheit, die hier bei uns in Deutschland ein Leben in Freiheit und Demokratie genie\u00dft, f\u00fcr ein zunehmend autorit\u00e4res Regime stimmen kann&#8220;, sagte der CDU-Bundesvize.<br \/>\nLandtagspr\u00e4sidentin Muhterem Aras (Gr\u00fcne) sieht ebenfalls Handlungsbedarf beim Thema Integration; m\u00f6glicherweise h\u00e4nge das Wahlergebnis aber auch mit mangelnder Wertsch\u00e4tzung zusammen. &#8222;Es gibt Studien, die belegen, dass T\u00fcrkischst\u00e4mmige sich als B\u00fcrger zweiter Klasse f\u00fchlen&#8220; &#8230;. Alles vom 19.4.2017 bitte lesen auf<br \/>\n<a href=\"https:\/\/www.badische-zeitung.de\/ausland-1\/debatte-ueber-integration--135803081.html\">https:\/\/www.badische-zeitung.de\/ausland-1\/debatte-ueber-integration&#8211;135803081.html<\/a><br \/>\n.<br \/>\nDie o.a. Entschuldigungslogik von BW-Landtagspr\u00e4sidentin Aras ist unverst\u00e4ndlich: Wenn jemand sich nicht wertgesch\u00e4tzt f\u00fchlt, dann ist dies doch keine Legitimation daf\u00fcr, die Abschaffung der Demokratie und die Einf\u00fchrung der Todesstrafe gut zu hei\u00dfen.<br \/>\n19.4.2017, K.Baumann<\/p>\n<p><strong>T\u00fcrken benutzen Deutsche als MIttel zum Zweck<\/strong><br \/>\nDas Zweck-Mittel-Schema der Migration \u2013 Nein, die Deutschen sollten nun nicht gleich wieder nach der eigenen Schuld fragen, sondern auf das schauen, was man aus dem Erdogan-Votum \u00fcber die Migration lernen kann. Und man sollte sich nicht scheuen, den Vorgang mit moralischen Kriterien zu betrachten. Hier findet n\u00e4mlich eine fundamental inhumane Instrumentalisierung statt. Die Migranten sind bereit, die \u00fcbelsten Vorw\u00fcrfe gegen ihr Gastland zu erheben. Und zugleich nehmen sie alle Leistungen dieses Landes in Anspruch, die sie nur bekommen k\u00f6nnen. F\u00fcr dies Verhalten gibt es eine klare Bezeichnung: Sie betrachten und benutzen das Gastland nur als Mittel zum Zweck. Und indem sie Deutschland so benutzen, benutzen sie die Menschen, die dies Land \u00fcber Generationen aufgebaut haben, auch als Mittel zum Zweck. Wenn aber ein Mensch einen anderen blo\u00df als Mittel f\u00fcr seine eigenen Zwecke benutzt, so verletzt er seine Menschenw\u00fcrde. Die klassische Definition einer menschenw\u00fcrdigen Moral, die Immanuel Kant gegeben hat, lautet: Wo ein Mensch einen anderen Menschen als blo\u00dfes Mittel behandelt, setzt er ihn als Menschen herab und handelt inhuman. Diese Einstellung ist jetzt als Mehrheitsvotum der T\u00fcrken in Deutschland offenbar geworden. Es geht hier nicht darum, den t\u00fcrkischen Migranten in Deutschland irgendeinen \u00fcblen \u201eVolkscharakter\u201c vorzuhalten. Das Problem der Instrumentalisierung liegt woanders \u2013 es hat mit dem Vorgang des Migrierens zu tun. Die Neigung, das Gastland und die aufnehmenden Menschen als Mittel zum Zweck zu gebrauchen, ist in der Migration angelegt. Denn Migrieren bedeutet, dass sich Menschen mit einem relativ einfachen, schnellen Schritt Zugang zu einem Land verschaffen k\u00f6nnen, dessen Aufbau und dessen Aufrechterhaltung ungleich komplexer, m\u00fchevoller, langwieriger war und ist. Es gibt also ein fundamentales Ungleichgewicht zwischen dem Migranten und dem Aufnahmeland. &#8230;. Alles vom 21.42017 von Gerd Held bitte lesen auf<br \/>\n<a href=\"https:\/\/www.tichyseinblick.de\/kolumnen\/helds-ausblick\/das-scheitern-der-integrationspolitik\/\">https:\/\/www.tichyseinblick.de\/kolumnen\/helds-ausblick\/das-scheitern-der-integrationspolitik\/<br \/>\n<\/a>\u00a0 .<br \/>\n<strong>Muslime m\u00fcssen Loyalit\u00e4t zur Deutschen Verfassung zeigen<\/strong><br \/>\nMit ihrem EVET f\u00fcr Erdogan haben sie (die t\u00fcrkischen W\u00e4hler in D) gleichzeitig Nein zur Demokratie und Integration gesagt. Sie wollen T\u00fcrken sein und bleiben. Diese Identit\u00e4t haben sie in ihren Familien und von den aus der T\u00fcrkei gelenkten Moscheen gelernt.<br \/>\nSie wurden in der Opferrolle des ausgegrenzten Migranten von der \u201elinksgr\u00fcnen\u201c Politik wie z.B. \u201eihren\u201c Abgeordneten \u00d6zcan Mutlu, Christian Str\u00f6bele oder Aydan \u00d6zoguz best\u00e4rkt. Jetzt weinen diese Wahlbeobachter Krokodilstr\u00e4nen \u00fcber den Weg in die Diktatur.<br \/>\nKeiner von ihnen hat vorher z.B. auf die antidemokratischen Strukturen der Islamvereine hingewiesen oder etwas dagegen unternommen. Die Moscheen, sowohl die von der T\u00fcrkei gelenkten DITIB-Moscheen, wie die aus Saudi-Arabien finanzierten der Muslim-Br\u00fcder oder der Milli G\u00f6r\u00fcs, waren Wahllokale der Erdogan-Partei und sind Agenturen der Abgrenzungspolitik der Muslime und T\u00fcrkeist\u00e4mmigen in Deutschland. Wir d\u00fcrfen diesem Mi\u00dfbrauch von Religionsfreiheit und Doppelbotschaft \u2013 Toleranz f\u00fcr sich einfordern und die Intoleranz w\u00e4hlen \u2013 nicht l\u00e4nger zusehen, sondern m\u00fcssen von den hier lebenden T\u00fcrkeist\u00e4mmigen und Muslimen Loyalit\u00e4t gegen\u00fcber unserer Verfassung verlangen. Sie steht nicht zur Abstimmung. &#8230;.<br \/>\nAlles von <a title=\"Kelek\" href=\"https:\/\/www.freiburg-schwarzwald.de\/blog\/religion\/islam\/kelek\/\">Necla Kelek<\/a> vom 21.4.2017 bitte lesen auf<br \/>\n<a href=\"https:\/\/www.tichyseinblick.de\/gastbeitrag\/das-referendum-tuerkei\/\">https:\/\/www.tichyseinblick.de\/gastbeitrag\/das-referendum-tuerkei\/<\/a><br \/>\n.<br \/>\n<strong>\u00d6zogut will Grundgesetz \u00e4ndern<\/strong><br \/>\nUnsere Verfassung steht nicht zur Abstimmung? Doch, leider wurde eine Verfassungs\u00e4nderung bereits vorbereitet \u2013 durch das sogenannte \u201eImpulspapier zur Integration\u201c, vorgelegt von der \u201eIntegrationsbeauftragten\u201c der Bundesregierung und f\u00fchrenden SPD-Politikerin, Aydan \u00d6zoguz. In dem Papier wird unter anderem eine \u00c4nderung des Grundgesetzes gefordert. \u201eDas Deutschland, wie wir es kennen, soll abgeschafft werden\u201c, so stellte Tomas Spahn dazu fest, in einem Beitrag der hier bei TE am 20. November 2016 publiziert wurde (\u201e\u00dcbernahme statt Integration &#8211; Das Impulspapier zur Desintegration \u2013 \u00d6zoguz l\u00e4sst die Maske fallen\u201c). In den etablierten Medien fand \u00d6zoguz\u2018 Vorsto\u00df nur wenig Widerhall. Wird er ebenso wenig ernst genommen wie Erdogans eindeutige Ansage: \u201eDie Demokratie ist nur der Zug, auf den wir aufspringen, bis wir am Ziel sind\u201c \u2013 dann k\u00f6nnten reaktion\u00e4re religi\u00f6se Kr\u00e4fte auch hierzulande schneller am Ziel sein, als das heute vorstellbar erscheint.<br \/>\n21.4.2017, Shade, TO<br \/>\n.<br \/>\nAch was&#8230; wir m\u00fcssen mehr Islam und Scharia in Deutschland einf\u00fchren&#8230; wir m\u00fcssen mehr Toleranz f\u00fcr Erdogan und Merkel zeigen&#8230; wir brauchen mehr EU und EURO&#8230; wir brauchen mehr CO2 Verbote und Steuer- bzw. Abgabenerh\u00f6hungen&#8230; wir brauchen mehr illegale Einwanderung in unser Sozialsystem&#8230; wir brauchen von alle diesen noch MEHR&#8230;. also auf zu den Wahlurnen und weiter die Gr\u00fcn-Sozialistische Merkel Regierung w\u00e4hlen&#8230; auf auf gehts&#8230;ihr deutschen Wahl-Schafe&#8230;.<br \/>\n21.4.2017, Marc Hofmann, TO<\/p>\n<p><strong>T\u00fcrkische Reichsb\u00fcrger?<\/strong><br \/>\n\u201eDiskriminierungserfahrungen gibt es und die m\u00fcssen thematisiert werden, aber sie k\u00f6nnen nicht als Erkl\u00e4rung f\u00fcr alles herhalten\u201c, fand Serap G\u00fcler (CDU). Viele liberale T\u00fcrken in der T\u00fcrkei seien sauer \u00fcber das Ergebnis aus Deutschland. \u201eDie haben abgestimmt und m\u00fcssen nicht mit den Konsequenzen leben\u201c, kritisierte G\u00fcler. &#8222;W\u00e4hrend t\u00fcrkische Metropolen wie Istanbul, Ankara und Izmir mit Nein votiert haben, stimmten Berlin, Hamburg, M\u00fcnchen und alle anderen zehn St\u00e4dte, in denen die Wahlberechtigten ihre Stimmzettel abgeben konnten, mit Ja. In Essen sogar knapp 76 Prozent.&#8220;<br \/>\nSorgen bereitete Ali Toprak, dass die Ideologie dieser Menschen zu wenig thematisiert werden w\u00fcrde. Um den Sachverhalt f\u00fcr die deutsche \u00d6ffentlichkeit verst\u00e4ndlich zu machen, zog er einen gewagten Vergleich: \u201eDiese Leute haben f\u00fcr einen Nationalismus gestimmt. In meinen Augen sind das t\u00fcrkische Reichsb\u00fcrger, die mit der neuen Verfassung die t\u00fcrkische Republik abschaffen.\u201c &#8230;.<br \/>\nAlles zu Maybrit Illner vom 21.4.2017 bitte lesen auf<br \/>\n<a href=\"https:\/\/www.welt.de\/vermischtes\/article163875866\/In-meinen-Augen-sind-das-tuerkische-Reichsbuerger.html\">https:\/\/www.welt.de\/vermischtes\/article163875866\/In-meinen-Augen-sind-das-tuerkische-Reichsbuerger.html<\/a><\/p>\n","protected":false},"excerpt":{"rendered":"<p>Das Referendum in der T\u00fcrkei (51,4 % f\u00fcr Erdogan und 48,6 % dagegen) spaltet nicht nur die Gesellschaft der T\u00fcrkei, sondern auch in Deutschland: Wenn fast zwei Drittel der Deutscht\u00fcrken Erdogan gew\u00e4hlt haben, dann stellt sich die Frage, ob Integration &hellip; <a href=\"https:\/\/www.freiburg-schwarzwald.de\/blog\/integration-als-holschuld\/\">Weiterlesen <span class=\"meta-nav\">&rarr;<\/span><\/a><\/p>\n","protected":false},"author":2,"featured_media":0,"comment_status":"open","ping_status":"closed","sticky":false,"template":"","format":"standard","meta":{"footnotes":""},"categories":[14,155,13,9],"tags":[485,549,725,622],"class_list":["post-64758","post","type-post","status-publish","format-standard","hentry","category-global","category-integration","category-kultur","category-soziales","tag-refugee","tag-gesetz","tag-integration","tag-migration"],"_links":{"self":[{"href":"https:\/\/www.freiburg-schwarzwald.de\/blog\/wp-json\/wp\/v2\/posts\/64758","targetHints":{"allow":["GET"]}}],"collection":[{"href":"https:\/\/www.freiburg-schwarzwald.de\/blog\/wp-json\/wp\/v2\/posts"}],"about":[{"href":"https:\/\/www.freiburg-schwarzwald.de\/blog\/wp-json\/wp\/v2\/types\/post"}],"author":[{"embeddable":true,"href":"https:\/\/www.freiburg-schwarzwald.de\/blog\/wp-json\/wp\/v2\/users\/2"}],"replies":[{"embeddable":true,"href":"https:\/\/www.freiburg-schwarzwald.de\/blog\/wp-json\/wp\/v2\/comments?post=64758"}],"version-history":[{"count":0,"href":"https:\/\/www.freiburg-schwarzwald.de\/blog\/wp-json\/wp\/v2\/posts\/64758\/revisions"}],"wp:attachment":[{"href":"https:\/\/www.freiburg-schwarzwald.de\/blog\/wp-json\/wp\/v2\/media?parent=64758"}],"wp:term":[{"taxonomy":"category","embeddable":true,"href":"https:\/\/www.freiburg-schwarzwald.de\/blog\/wp-json\/wp\/v2\/categories?post=64758"},{"taxonomy":"post_tag","embeddable":true,"href":"https:\/\/www.freiburg-schwarzwald.de\/blog\/wp-json\/wp\/v2\/tags?post=64758"}],"curies":[{"name":"wp","href":"https:\/\/api.w.org\/{rel}","templated":true}]}}