{"id":64643,"date":"2017-03-22T10:17:39","date_gmt":"2017-03-22T09:17:39","guid":{"rendered":"https:\/\/www.freiburg-schwarzwald.de\/blog\/?p=64643"},"modified":"2017-03-24T10:27:24","modified_gmt":"2017-03-24T09:27:24","slug":"freiburg-kriminellste-stadt-2016","status":"publish","type":"post","link":"https:\/\/www.freiburg-schwarzwald.de\/blog\/freiburg-kriminellste-stadt-2016\/","title":{"rendered":"Freiburg kriminellste Stadt 2016"},"content":{"rendered":"<p><a title=\"Freiburg\" href=\"https:\/\/www.freiburg-schwarzwald.de\/blog\/regio\/freiburg\/\">Freiburg<\/a> hat auch 2016 seinen Spitzenplatz als <a title=\"Staatsversagen\" href=\"https:\/\/www.freiburg-schwarzwald.de\/blog\/engagement\/zukunft\/demokratie\/staatsversagen\/\">kriminellste Stadt<\/a> in BW verteidigt. Bei den Zuwachsraten f\u00fchren <a title=\"Fluechtlinge-Kriminalitaet\" href=\"https:\/\/www.freiburg-schwarzwald.de\/blog\/global\/integration\/fluechtlinge-kriminalitaet\/\">Fl\u00fcchtlinge<\/a>: Der Anteil der <a title=\"Migration\" href=\"https:\/\/www.freiburg-schwarzwald.de\/blog\/global\/migration\/\">ausl\u00e4ndischen<\/a> Tatverd\u00e4chtigen stieg auf 43,5%. 1750 <a title=\"Asyl\" href=\"https:\/\/www.freiburg-schwarzwald.de\/blog\/global\/integration\/asyl\/\">Asylbewerber<\/a> wurden vermutlich <a title=\"Kriminalitaet\" href=\"https:\/\/www.freiburg-schwarzwald.de\/blog\/selbsthilfe\/krise\/gewalt\/kriminalitaet\/\">kriminell<\/a> &#8211; 50% mehr als 2015. 17% der Migranten sind <a title=\"Hasskriminalitaet von Muslimen\" href=\"https:\/\/www.freiburg-schwarzwald.de\/blog\/hasskriminalitaet-von-muslimen\/\">tatverd\u00e4chtig<\/a> &#8211; bei nur 2% Anteil an der <a title=\"Deutschland\" href=\"https:\/\/www.freiburg-schwarzwald.de\/blog\/global\/deutschland\/\">Bev\u00f6lkerung<\/a>. Wer dieses <a title=\"Toleranz\" href=\"https:\/\/www.freiburg-schwarzwald.de\/blog\/engagement\/zukunft\/demokratie\/toleranz\/\">krasse<\/a> <a title=\"Ueberfremdung\" href=\"https:\/\/www.freiburg-schwarzwald.de\/blog\/global\/integration\/ueberfremdung\/\">Mi\u00dfverh\u00e4ltnis<\/a> benennt, wird leider oft als <a title=\"Political-Correctness\" href=\"https:\/\/www.freiburg-schwarzwald.de\/blog\/kultur\/medien\/political-correctness\/\">Fremdenhasser<\/a> verunglimpft.<!--more--> .<\/p>\n<p><strong>Freiburgs Frauen f\u00fchlen sich unsicher<\/strong><br \/>\nAm meisten hat im schwierigen Jahr 2016 das Sicherheitsgef\u00fchl von Frauen gelitten \u2013 hier muss man zuerst ansetzen, auch das d\u00fcrfte Konsens sein. &#8230;. Alles vom 22.3.2017 auf<br \/>\n<a href=\"https:\/\/www.badische-zeitung.de\/kommentare-1\/sicherheit-in-freiburg-ein-thema-viele-baustellen--134800714.html\">https:\/\/www.badische-zeitung.de\/kommentare-1\/sicherheit-in-freiburg-ein-thema-viele-baustellen&#8211;134800714.html<br \/>\n<\/a>\u00a0 .<br \/>\n<strong>Rotzinger: Probesitzen im Gef\u00e4ngnis statt Bew\u00e4hrungstrafen<\/strong><br \/>\nDer Polizeichef sieht durchaus eine Sanktionsl\u00fccke: Die verh\u00e4ngten Bew\u00e4hrungsstrafen w\u00fcrden von den Delinquenten oft nicht als echte Strafe empfunden: &#8222;Vielleicht sollte es so etwas wie Probesitzen geben \u2013 vier Wochen Gef\u00e4ngnis, danach Bew\u00e4hrung.&#8220; &#8230;. Alles vom 22.3.2017 bitte lesen auf<br \/>\n<a href=\"https:\/\/www.badische-zeitung.de\/freiburg\/freiburg-bleibt-die-hauptstadt-der-kriminalitaet-im-land--134784166.html\">https:\/\/www.badische-zeitung.de\/freiburg\/freiburg-bleibt-die-hauptstadt-der-kriminalitaet-im-land&#8211;134784166.html<br \/>\n<\/a>\u00a0 .<br \/>\n<strong>Nichtdeutsche 4-mal so kriminell<\/strong><br \/>\nIch will nicht scharfmachen, dennoch: Lt. Statistischem Bundesamt leben unter uns rund 1\/10 Nichtdeutsche. Wenn diese jedoch unter den mutma\u00dflichen Straft\u00e4tern 2\/5 ausmachen, sehe ich schon einen Gefahrenschwerpunkt und damit Handlungsbedarf. Vielleicht die statistischen Fragestellungen anpassen, oder &#8230;<br \/>\n22.3.2017, heinrich Franzen<br \/>\n.<br \/>\n<strong>17% tatverd\u00e4chtige Fl\u00fcchtlinge &#8211; bei 2% Bev\u00f6lkerungsanteil<\/strong><br \/>\nDie von Ihnen aufgezeigte Relation wird in diesem Artikel und auch in der Pressekonferenz des Polizeipr\u00e4sidiums vermutlich bewusst flach gehalten. Man m\u00f6chte die besorgten B\u00fcrger ja nicht weiter beunruhigen und r\u00fcckt die r\u00fcckl\u00e4ufige Gesamtzahl der Straftaten daher in den Vordergrund. Noch auff\u00e4lliger ist die Situation \u00fcbrigens bei den Asylbewerbern und Fl\u00fcchtlingen. Diese machen 1.759 der 4.443 tatverd\u00e4chtigen Ausl\u00e4nder aus und somit ca. 17 % aller Tatverd\u00e4chtigen &#8211; und das bei einem Bev\u00f6lkerungsanteil von nicht einmal 2 %.<br \/>\n22.3.2017, Uwe Laiberg<br \/>\n.<br \/>\n<strong>Gesucht: Schutz vor kriminellen G\u00e4sten<\/strong><br \/>\n40% aller Straftaten werden von nichtdeutschen T\u00e4tern begangen. Knapp 16% aller Tatverd\u00e4chtigen sind Asylanten.Der Bev\u00f6lkerungsanteil von Asylsuchenden liegt bei ca. 2%. Die Frage ist zu stellen, wie man den Rest des Landes vor diesen &#8222;G\u00e4sten&#8220; sch\u00fctzen kann, wird und will.<br \/>\n22.3.2017, Reginald Gebhardt<br \/>\n.<br \/>\n<strong>Erschreckend<\/strong><br \/>\nund besch\u00e4mend die hohe Anzahl der Ausl\u00e4nder an Straftaten, insbesondere auch der sogenannten &#8222;Asylbewerber&#8220;. Die extrem \u00fcberproportional vertreten sind, zzgl. Dunkelziffer. Genauso die sinkende Aufkl\u00e4rungsquote der Polizei.<br \/>\nHier existiert ein klarer Zusammenhang zwischen Herkunft bzw. Aufenthaltsstatus und Kriminalit\u00e4t. Das belegen die Statistiken immer wieder, sowie auch die Nationalit\u00e4t der Insassen in Justizvollzugsanstalten deutlich \u00fcberrepr\u00e4sentiert durch Ausl\u00e4nder (30-50%) obwohl diese nur ca. 15% der Bev\u00f6lkerung ausmachen. Diese Fakten muss man benennen d\u00fcrfen ohne daf\u00fcr zensiert und diffamiert zu werden. Wer dies tut st\u00e4rkt dadurch den Rechtspopulismus.<br \/>\n22.3.2017, Anna Eberhardt<\/p>\n","protected":false},"excerpt":{"rendered":"<p>Freiburg hat auch 2016 seinen Spitzenplatz als kriminellste Stadt in BW verteidigt. Bei den Zuwachsraten f\u00fchren Fl\u00fcchtlinge: Der Anteil der ausl\u00e4ndischen Tatverd\u00e4chtigen stieg auf 43,5%. 1750 Asylbewerber wurden vermutlich kriminell &#8211; 50% mehr als 2015. 17% der Migranten sind tatverd\u00e4chtig &hellip; <a href=\"https:\/\/www.freiburg-schwarzwald.de\/blog\/freiburg-kriminellste-stadt-2016\/\">Weiterlesen <span class=\"meta-nav\">&rarr;<\/span><\/a><\/p>\n","protected":false},"author":2,"featured_media":0,"comment_status":"open","ping_status":"closed","sticky":false,"template":"","format":"standard","meta":{"footnotes":""},"categories":[49,155,157,171,172],"tags":[612,391,732,622,405,657],"class_list":["post-64643","post","type-post","status-publish","format-standard","hentry","category-freiburg","category-integration","category-oeffentlicher-raum","category-verbraucher","category-zukunft","tag-frau","tag-freizeit","tag-gewalt","tag-migration","tag-polizei","tag-uma"],"_links":{"self":[{"href":"https:\/\/www.freiburg-schwarzwald.de\/blog\/wp-json\/wp\/v2\/posts\/64643","targetHints":{"allow":["GET"]}}],"collection":[{"href":"https:\/\/www.freiburg-schwarzwald.de\/blog\/wp-json\/wp\/v2\/posts"}],"about":[{"href":"https:\/\/www.freiburg-schwarzwald.de\/blog\/wp-json\/wp\/v2\/types\/post"}],"author":[{"embeddable":true,"href":"https:\/\/www.freiburg-schwarzwald.de\/blog\/wp-json\/wp\/v2\/users\/2"}],"replies":[{"embeddable":true,"href":"https:\/\/www.freiburg-schwarzwald.de\/blog\/wp-json\/wp\/v2\/comments?post=64643"}],"version-history":[{"count":0,"href":"https:\/\/www.freiburg-schwarzwald.de\/blog\/wp-json\/wp\/v2\/posts\/64643\/revisions"}],"wp:attachment":[{"href":"https:\/\/www.freiburg-schwarzwald.de\/blog\/wp-json\/wp\/v2\/media?parent=64643"}],"wp:term":[{"taxonomy":"category","embeddable":true,"href":"https:\/\/www.freiburg-schwarzwald.de\/blog\/wp-json\/wp\/v2\/categories?post=64643"},{"taxonomy":"post_tag","embeddable":true,"href":"https:\/\/www.freiburg-schwarzwald.de\/blog\/wp-json\/wp\/v2\/tags?post=64643"}],"curies":[{"name":"wp","href":"https:\/\/api.w.org\/{rel}","templated":true}]}}