{"id":64552,"date":"2017-03-16T18:46:02","date_gmt":"2017-03-16T17:46:02","guid":{"rendered":"https:\/\/www.freiburg-schwarzwald.de\/blog\/?p=64552"},"modified":"2017-03-18T14:26:54","modified_gmt":"2017-03-18T13:26:54","slug":"zeit-geld-konsum-fastenzeit","status":"publish","type":"post","link":"https:\/\/www.freiburg-schwarzwald.de\/blog\/zeit-geld-konsum-fastenzeit\/","title":{"rendered":"Zeit &#8211; Geld Konsum &#8211; Fastenzeit"},"content":{"rendered":"<p>Zeit fehlt &#8211; nicht aber das <a title=\"Reichtum\" href=\"https:\/\/www.freiburg-schwarzwald.de\/blog\/selbsthilfe\/soziales\/reichtum\/\">Geld<\/a>:\u00a0Die verf\u00fcgbare Zeit l\u00e4\u00dft sich nicht vergr\u00f6\u00dfern, auch nicht mit dem Trick, mehrere <a title=\"Wachstum\" href=\"https:\/\/www.freiburg-schwarzwald.de\/blog\/engagement\/zukunft\/wachstum\/\">T\u00e4tigkeiten<\/a> gleichzeitig auszuf\u00fchren. Denn laut Neurobiologie ist der Mensch nicht <a title=\"Achtsamkeit\" href=\"https:\/\/www.freiburg-schwarzwald.de\/blog\/business\/gesund\/achtsamkeit\/\">multitasking<\/a>-f\u00e4hig. Schon der Versuch, mit dem <a title=\"Smartphone\" href=\"https:\/\/www.freiburg-schwarzwald.de\/blog\/kultur\/medien\/smartphone\/\">Smartphone<\/a> Mails zu beantworten und gleichzeitig zu telefonieren (also zwei Tasks) funktioniert nur scheibchenweise.<!--more--><br \/>\nImmer mehr <a title=\"Konsum\" href=\"https:\/\/www.freiburg-schwarzwald.de\/blog\/engagement\/verbraucher\/konsum\/\">Konsumm\u00f6glichkeiten<\/a> prasseln auf uns ein. Wir m\u00fcssen ausw\u00e4hlen, was <a title=\"Stress schaedigt Gehirn Burnout\" href=\"https:\/\/www.freiburg-schwarzwald.de\/blog\/stress-schaedigt-gehirn-burnout\/\">Stre\u00df<\/a> erzeugt. Jedem Angebot wird ein geringeres Quantum an Zeit zuteil, was uns oberfl\u00e4chlich macht. Beides zusammen, Stre\u00df und Oberfl\u00e4chlichkeit, f\u00fchrt zu Burnout (ich schaffe es nicht) und Depression (R\u00fcckzug aus der Reiz\u00fcberflutung).<br \/>\nFazit: Da wir uns einerseits zum Multitasking nicht eignen, andererseits aber immer mehr Konsumfeatures leisten k\u00f6nnen, hat der Zeitmangel den Geldmangel l\u00e4ngst abgel\u00f6st. Dazu der <a title=\"Wachstum\" href=\"https:\/\/www.freiburg-schwarzwald.de\/blog\/engagement\/zukunft\/wachstum\/\">Wachstumskritiker<\/a> Nico Paech: &#8222;Moderne Gesellschaften haben ein Stadium erreicht, in welchem l\u00e4ngst nicht mehr Kaufkraft, sondern Zeit den Engpassfaktuor des individuellen Strebens nach <a title=\"Gl\u00fcck als Schulfach in Heidelberg \u2013 bald auch in Freiburg?\" href=\"https:\/\/www.freiburg-schwarzwald.de\/blog\/gluck-als-schulfach-in-heidelberg-bald-auch-in-freiburg\/\">Gl\u00fcck<\/a> darstellt. Irgendwann ist der Punkt erreicht, an dem gerade noch die Zeit aufgebracht wird, <a title=\"Investieren statt konsumieren\" href=\"https:\/\/www.freiburg-schwarzwald.de\/blog\/investieren-statt-konsumieren\/\">Konsumg\u00fcter<\/a> zu suchen, zu identifizieren, zu vergleichen, zu pr\u00fcfen, zu kaufen, entgegenzunehmen, unterzubringen &#8211; und dann wom\u00f6glich nicht zu nutzen, einfach weil die daf\u00fcr notwendige Zeit bereits durch die Summe <a title=\"Erziehung-Freiheit\" href=\"https:\/\/www.freiburg-schwarzwald.de\/blog\/bildung\/erziehung-freiheit\/\">unz\u00e4hliger Auswahl- und Kaufhandlungen<\/a> aufgezehrt wurde&#8220; (Paech: Befreiung vom \u00dcberflu\u00df, Seite 127).<br \/>\n.<br \/>\nWas tun? Der Postwachstums\u00f6konomie von Nico Paech folgen und den eigenen Lebensstil durch Reduzierung von Konsum und Mobilit\u00e4t \u00e4ndern. Oder den grenzenlosen Technikoptimismus des Vors. der Heinrich-B\u00f6ll-Stiftung Ralf F\u00fccks teilen und mit &#8222;<a title=\"Gruene\" href=\"https:\/\/www.freiburg-schwarzwald.de\/blog\/vereine\/partei\/gruene\/\">Gr\u00fcner<\/a> industrieller Revolution&#8220; auf &#8222;<a title=\"Erneuerbare100Prozent\" href=\"https:\/\/www.freiburg-schwarzwald.de\/blog\/energie\/energiepolitik\/erneuerbare100prozent\/\">erneuerbare Energien<\/a>, Flugzeuge, die mit Algenkraftstoff fliegen und eine abfallfreie Kreislaufwirtschaft&#8220; setzen? Vielleicht liegt die Wahrheit in der Mitte?<br \/>\nAn einem kommen wir jedoch nicht herum: Wenn uns der Zeitmangel nervt, dann m\u00fcssen wir eben Konsum und <a title=\"Flugplatz\" href=\"https:\/\/www.freiburg-schwarzwald.de\/blog\/regio\/verkehr\/flugplatz\/\">Mobilit\u00e4t<\/a>, die unsere verf\u00fcgbare Zeit aufzehren, <a title=\"Resilienz\" href=\"https:\/\/www.freiburg-schwarzwald.de\/blog\/engagement\/zukunft\/resilienz\/\">reduzieren<\/a>. Konsumreduzierung: Auf einige der ca 10.000 Dinge, die ein Durchschnittsdeutscher besitzt, verzichtet. Mobilit\u00e4tsreduzierung: Auf die geplante Flugreise nach Thailand, die ja nicht anderes ist als ein Dienstleistungsimport (Sonne und Meer nach D <a title=\"Import-Braut und Import-Imam\" href=\"https:\/\/www.freiburg-schwarzwald.de\/blog\/import-braut-und-import-imam\/\">importieren<\/a>) verzichten.<br \/>\n.<br \/>\nDie <a title=\"Fastenzeit\" href=\"https:\/\/www.freiburg-schwarzwald.de\/blog\/religion\/kirchen\/fastenzeit\/\">Fastenzeit<\/a> l\u00e4dt zu solchem <a title=\"Resilienz\" href=\"https:\/\/www.freiburg-schwarzwald.de\/blog\/engagement\/zukunft\/resilienz\/\">Verzicht<\/a> ein, darf aber nicht wie ein Abla\u00dfhandel praktiziert werden: Vier Wochen Auto-Fasten mit einer Flugreise nach Vietnam rechtfertigen. Nehmen wir das Fasten anstelle eines Alibis zum Startpunkt eines ehrlicheren Lebensstils<\/p>\n","protected":false},"excerpt":{"rendered":"<p>Zeit fehlt &#8211; nicht aber das Geld:\u00a0Die verf\u00fcgbare Zeit l\u00e4\u00dft sich nicht vergr\u00f6\u00dfern, auch nicht mit dem Trick, mehrere T\u00e4tigkeiten gleichzeitig auszuf\u00fchren. Denn laut Neurobiologie ist der Mensch nicht multitasking-f\u00e4hig. Schon der Versuch, mit dem Smartphone Mails zu beantworten und &hellip; <a href=\"https:\/\/www.freiburg-schwarzwald.de\/blog\/zeit-geld-konsum-fastenzeit\/\">Weiterlesen <span class=\"meta-nav\">&rarr;<\/span><\/a><\/p>\n","protected":false},"author":2,"featured_media":0,"comment_status":"open","ping_status":"closed","sticky":false,"template":"","format":"standard","meta":{"footnotes":""},"categories":[18,158,24,141,173,172],"tags":[734,151,659,713,515,423,225],"class_list":["post-64552","post","type-post","status-publish","format-standard","hentry","category-bildung","category-gesund","category-industrie","category-nachhaltigkeit","category-sparsamkeit","category-zukunft","tag-depression","tag-erneuerbare-energien","tag-fast","tag-industrie","tag-konsum","tag-lebensmittel","tag-stress"],"_links":{"self":[{"href":"https:\/\/www.freiburg-schwarzwald.de\/blog\/wp-json\/wp\/v2\/posts\/64552","targetHints":{"allow":["GET"]}}],"collection":[{"href":"https:\/\/www.freiburg-schwarzwald.de\/blog\/wp-json\/wp\/v2\/posts"}],"about":[{"href":"https:\/\/www.freiburg-schwarzwald.de\/blog\/wp-json\/wp\/v2\/types\/post"}],"author":[{"embeddable":true,"href":"https:\/\/www.freiburg-schwarzwald.de\/blog\/wp-json\/wp\/v2\/users\/2"}],"replies":[{"embeddable":true,"href":"https:\/\/www.freiburg-schwarzwald.de\/blog\/wp-json\/wp\/v2\/comments?post=64552"}],"version-history":[{"count":0,"href":"https:\/\/www.freiburg-schwarzwald.de\/blog\/wp-json\/wp\/v2\/posts\/64552\/revisions"}],"wp:attachment":[{"href":"https:\/\/www.freiburg-schwarzwald.de\/blog\/wp-json\/wp\/v2\/media?parent=64552"}],"wp:term":[{"taxonomy":"category","embeddable":true,"href":"https:\/\/www.freiburg-schwarzwald.de\/blog\/wp-json\/wp\/v2\/categories?post=64552"},{"taxonomy":"post_tag","embeddable":true,"href":"https:\/\/www.freiburg-schwarzwald.de\/blog\/wp-json\/wp\/v2\/tags?post=64552"}],"curies":[{"name":"wp","href":"https:\/\/api.w.org\/{rel}","templated":true}]}}