{"id":64497,"date":"2017-02-26T15:36:04","date_gmt":"2017-02-26T14:36:04","guid":{"rendered":"https:\/\/www.freiburg-schwarzwald.de\/blog\/?p=64497"},"modified":"2017-02-26T15:36:50","modified_gmt":"2017-02-26T14:36:50","slug":"bulle-und-geile-sau-respekt","status":"publish","type":"post","link":"https:\/\/www.freiburg-schwarzwald.de\/blog\/bulle-und-geile-sau-respekt\/","title":{"rendered":"Bulle und Geile Sau &#8211; Respekt"},"content":{"rendered":"<p>Fr\u00fcher wurde man von den <a title=\"Rechtsstaat\" href=\"https:\/\/www.freiburg-schwarzwald.de\/blog\/selbsthilfe\/soziales\/justiz\/rechtsstaat\/\">Gerichten<\/a> verurteilt, wenn man einen <a title=\"Polizei\" href=\"https:\/\/www.freiburg-schwarzwald.de\/blog\/selbsthilfe\/soziales\/justiz\/polizei\/\">Polizisten<\/a> als &#8222;Bulle&#8220; bezeichnete. Heute mu\u00df sich jeder <a title=\"Halbe Polizeidichte FR versus S\" href=\"https:\/\/www.freiburg-schwarzwald.de\/blog\/halbe-polizeidichte-fr-versus-s\/\">Polizist<\/a> als &#8222;Bulle&#8220; beleidigen lassen, solange er im <a title=\"Rechts Links, dazwischen Polizei\" href=\"https:\/\/www.freiburg-schwarzwald.de\/blog\/rechts-links-dazwischen-polizei\/\">Dienst<\/a> ist, denn schlie\u00dflich &#8222;wird er daf\u00fcr bezahlt&#8220; (<a title=\"Rechtsbeugung im Rechtsstaat\" href=\"https:\/\/www.freiburg-schwarzwald.de\/blog\/rechtsbeugung-im-rechtsstaat\/\">NRW-Innenminister J\u00e4ger<\/a>). Mehr noch: Wenn <a title=\"Mainstream\" href=\"https:\/\/www.freiburg-schwarzwald.de\/blog\/kultur\/medien\/mainstream\/\">heute<\/a> ein <a title=\"Fluechtlinge-Internet\" href=\"https:\/\/www.freiburg-schwarzwald.de\/blog\/global\/integration\/fluechtlinge-internet\/\">Fl\u00fcchtling<\/a> einen Polizisten als &#8222;Bulle&#8220; tituliert, dann erh\u00e4lt er unbefristetes Bleiberecht mit lebensl\u00e4nglicher Alimentation, <!--more-->da dieses &#8222;Bulle&#8220;-Rufen nicht als verbale <a title=\"Gewalt\" href=\"https:\/\/www.freiburg-schwarzwald.de\/blog\/selbsthilfe\/krise\/gewalt\/\">Gewalt<\/a>, sondern als Nachweis einer Sprachfertigkeit gewertet wird, die auf eine gute <a title=\"Integrieren\" href=\"https:\/\/www.freiburg-schwarzwald.de\/blog\/global\/integration\/integrieren\/\">Integration<\/a> in die deutsche Kultur hinweist (Berlin 17.1.2017).<br \/>\n.<br \/>\nFrage: Obwohl der gender-freundlichen <a title=\"SPD\" href=\"https:\/\/www.freiburg-schwarzwald.de\/blog\/vereine\/partei\/spd\/\">SPD<\/a> zugeh\u00f6rig, hat <a title=\"Koeln-Silvester2016\" href=\"https:\/\/www.freiburg-schwarzwald.de\/blog\/global\/integration\/koeln-silvester2016\/\">Minister J\u00e4ger<\/a> sich nicht ge\u00e4u\u00dfert, was sich die immer h\u00e4ufiger anzutreffenden Polizistinnen titelm\u00e4\u00dfig statt &#8222;Bulle&#8220; <a title=\"Toleranz Akzeptanz Respekt CSD\" href=\"https:\/\/www.freiburg-schwarzwald.de\/blog\/toleranz-akzeptanz-respekt-csd\/\">gefallen lassen m\u00fcssen<\/a>. Vielleicht &#8222;Geile Sau?&#8220;. Aber &#8222;Geile Sau&#8220; (laut Wikipedia eine sexuell attraktive Person) ist ja schon f\u00fcr Martin Schulz reserviert (s.u.).<br \/>\n.<br \/>\nGeile Sau als oberster Dienstherr der Bullen? Unserer Kultur scheint der <a title=\"Respekt\" href=\"https:\/\/www.freiburg-schwarzwald.de\/blog\/engagement\/respekt\/\">Respekt<\/a> abhanden gekommen zu sein &#8211; der Respekt untereinander, also dem Mitb\u00fcrger gegen\u00fcber (<a title=\"Diskussionskultur\" href=\"https:\/\/www.freiburg-schwarzwald.de\/blog\/kultur\/medien\/diskussionskultur\/\">Diskussionskultur<\/a>) wie auch der Respekt gegen\u00fcber dem Staat mit seinen Institutionen. Und auch der Respekt der sog. Eliten (incl. Kanzlerkandidat) gegen\u00fcber all denen, denen sie eigentlich verpflichtet sind.<br \/>\n26.2.2017<br \/>\n.<br \/>\n<strong>Die &#8222;geile Sau&#8220; Martin Schulz sagt Danke<\/strong><br \/>\nSchulz als Kanzlerkandidat? Der SPD-Nachwuchs in Mannheim jubelte am Dienstag \u2013 und ein ARD-Team filmte. &#8222;Martin Schulz ist einfach eine geile Sau&#8220;, sah man tags darauf im Morgenmagazin den Juso-Chef Matthias Zeller rufen. Stunden sp\u00e4ter beantragte der Student im B\u00fcrgerb\u00fcro einen neuen Reisepass, als sein Handy klingelte. Martin Schulz sagte Danke f\u00fcr die &#8222;geile Sau&#8220; \u2013 und versprach, im Wahlkampf in Mannheim vorbeizuschauen.<br \/>\n<a href=\"https:\/\/www.badische-zeitung.de\/infobox-wap3s4q\/auch-das-noch-die-geile-sau-sagt-danke--132818109.html\">https:\/\/www.badische-zeitung.de\/infobox-wap3s4q\/auch-das-noch-die-geile-sau-sagt-danke&#8211;132818109.html<br \/>\n<\/a>\u00a0 .<br \/>\n<strong>Die Respektlosigkeit in unserem Land nimmt zu<\/strong><br \/>\nDas musste sich bei mir erst auch mal setzen: Da ruft so ein &#8222;Dingenskirchen&#8220; in laufende Kameras: &#8222;Martin Schulz ist einfach eine geile Sau.&#8220; Und die &#8222;geile Sau&#8220; bedankt sich auch noch \u00f6ffentlich. Dieser Martin Schulz soll mal unser Bundeskanzler werden. Ich war 43 Jahre Polizeibeamter und habe erlebt, wie die Respektlosigkeit in unserem Land immer mehr zunimmt und immer mehr Schaden anrichtet. Ich stelle mir vor, ein AfD-Mitglied h\u00e4tte \u00fcber die amtierende Bundeskanzlerin \u00f6ffentlich gesagt: &#8222;Angela Merkel, du bist einfach eine geile Sau.&#8220; Ich h\u00e4tte gerne die Kommentare in der BZ gelesen.<br \/>\n10.2.2017, Peter Rittscher, Grenzach-Wyhlen<\/p>\n<p><strong>Nicht der Polizist ist das Ziel, sondern der Staat<\/strong><br \/>\nHerr Rath stellt in seinem Kommentar die Sinnhaftigkeit des neuen Gesetzes mit Strafversch\u00e4rfung bei T\u00e4tlichkeit gegen Polizisten in Frage. Der tragische Irrtum des Autors besteht darin, dass er nicht erkennt, dass es bei dieser Gesetzesversch\u00e4rfung nicht um den einzelnen Polizisten geht, sondern um die Autorit\u00e4t des Staates. Nicht der einzelne Polizist ist das Angriffsziel, sondern der Staat als solcher. Der Staat, der unser aller Sicherheit garantieren soll, dieser Staat muss seine Autorit\u00e4t durchsetzen, denn sonst sind wir alle schutzlos. Dann sind wirklich auch der &#8222;Klempner, Lehrer und Altenpfleger&#8220; \u2013 wie Rath ausf\u00fchrt \u2013 schutzlos. Wenn wir bei einem Fu\u00dfballspiel sehen, dass ein Spieler nach einer gelben Karte bereits wegen einer ver\u00e4chtlichen Handbewegung gegen\u00fcber dem Schiedsrichter die rote Karte bekommt, dann ist es h\u00f6chste Zeit, dass alle diejenigen, die den Staat und seine Autorit\u00e4t verh\u00f6hnen, gleichfalls \u2013 endlich! \u2013 die rote Karte bekommen. Eine gute Bezahlung und die bestm\u00f6gliche Schutzkleidung und Ausr\u00fcstung f\u00fcr die Polizei, wie Autor Rath sie fordert, sind dabei Selbstverst\u00e4ndlichkeiten und nicht Alternativen.<br \/>\n17.2.2017, Dr. Christel Hoffmann, Kenzingen<\/p>\n","protected":false},"excerpt":{"rendered":"<p>Fr\u00fcher wurde man von den Gerichten verurteilt, wenn man einen Polizisten als &#8222;Bulle&#8220; bezeichnete. Heute mu\u00df sich jeder Polizist als &#8222;Bulle&#8220; beleidigen lassen, solange er im Dienst ist, denn schlie\u00dflich &#8222;wird er daf\u00fcr bezahlt&#8220; (NRW-Innenminister J\u00e4ger). Mehr noch: Wenn heute &hellip; <a href=\"https:\/\/www.freiburg-schwarzwald.de\/blog\/bulle-und-geile-sau-respekt\/\">Weiterlesen <span class=\"meta-nav\">&rarr;<\/span><\/a><\/p>\n","protected":false},"author":2,"featured_media":0,"comment_status":"open","ping_status":"closed","sticky":false,"template":"","format":"standard","meta":{"footnotes":""},"categories":[36,155,80,157,9,172],"tags":[732,525,405,631],"class_list":["post-64497","post","type-post","status-publish","format-standard","hentry","category-engagement","category-integration","category-medien","category-oeffentlicher-raum","category-soziales","category-zukunft","tag-gewalt","tag-politik","tag-polizei","tag-staat"],"_links":{"self":[{"href":"https:\/\/www.freiburg-schwarzwald.de\/blog\/wp-json\/wp\/v2\/posts\/64497","targetHints":{"allow":["GET"]}}],"collection":[{"href":"https:\/\/www.freiburg-schwarzwald.de\/blog\/wp-json\/wp\/v2\/posts"}],"about":[{"href":"https:\/\/www.freiburg-schwarzwald.de\/blog\/wp-json\/wp\/v2\/types\/post"}],"author":[{"embeddable":true,"href":"https:\/\/www.freiburg-schwarzwald.de\/blog\/wp-json\/wp\/v2\/users\/2"}],"replies":[{"embeddable":true,"href":"https:\/\/www.freiburg-schwarzwald.de\/blog\/wp-json\/wp\/v2\/comments?post=64497"}],"version-history":[{"count":0,"href":"https:\/\/www.freiburg-schwarzwald.de\/blog\/wp-json\/wp\/v2\/posts\/64497\/revisions"}],"wp:attachment":[{"href":"https:\/\/www.freiburg-schwarzwald.de\/blog\/wp-json\/wp\/v2\/media?parent=64497"}],"wp:term":[{"taxonomy":"category","embeddable":true,"href":"https:\/\/www.freiburg-schwarzwald.de\/blog\/wp-json\/wp\/v2\/categories?post=64497"},{"taxonomy":"post_tag","embeddable":true,"href":"https:\/\/www.freiburg-schwarzwald.de\/blog\/wp-json\/wp\/v2\/tags?post=64497"}],"curies":[{"name":"wp","href":"https:\/\/api.w.org\/{rel}","templated":true}]}}