{"id":64452,"date":"2017-02-21T18:26:38","date_gmt":"2017-02-21T17:26:38","guid":{"rendered":"https:\/\/www.freiburg-schwarzwald.de\/blog\/?p=64452"},"modified":"2017-03-24T10:10:59","modified_gmt":"2017-03-24T09:10:59","slug":"fluechtlingskriminalitaet-10","status":"publish","type":"post","link":"https:\/\/www.freiburg-schwarzwald.de\/blog\/fluechtlingskriminalitaet-10\/","title":{"rendered":"Fluechtlingskriminalitaet 10 %"},"content":{"rendered":"<p><a title=\"Fluechtlinge-Internet\" href=\"https:\/\/www.freiburg-schwarzwald.de\/blog\/global\/integration\/fluechtlinge-internet\/\">Fl\u00fcchtlinge<\/a> in BW: <a title=\"Fluechtlinge-Kriminalitaet\" href=\"https:\/\/www.freiburg-schwarzwald.de\/blog\/global\/integration\/fluechtlinge-kriminalitaet\/\">Kriminalit\u00e4tsanteil 10%<\/a> bei Einwohneranteil 1,5%: &#8222;Wir haben in Baden-W\u00fcrttemberg etwa 167\u2005000 <a title=\"Fluechtlinge-Islam\" href=\"https:\/\/www.freiburg-schwarzwald.de\/blog\/global\/integration\/fluechtlinge-islam\/\">Fl\u00fcchtlinge<\/a> bei 10,9 Millionen Einwohnern, also grob <a title=\"Migranten-Fluechtlinge\" href=\"https:\/\/www.freiburg-schwarzwald.de\/blog\/global\/migration\/migranten-fluechtlinge\/\">1,5 Prozent Bev\u00f6lkerungsanteil<\/a> \u2013 ihr Anteil an den <a title=\"Kriminalitaet\" href=\"https:\/\/www.freiburg-schwarzwald.de\/blog\/selbsthilfe\/krise\/gewalt\/kriminalitaet\/\">Tatverd\u00e4chtigen<\/a> lag im Jahr 2016 bei etwa zehn Prozent, wobei ausl\u00e4nderrechtliche Verst\u00f6\u00dfe wie <a title=\"Kontrollierte-Grenzen\" href=\"https:\/\/www.freiburg-schwarzwald.de\/blog\/global\/migration\/kontrollierte-grenzen\/\">illegaler Aufenthalt<\/a> bereits aus der Statistik herausgerechnet sind.&#8220;<!--more-->.<br \/>\n.<br \/>\nDiese <a title=\"Ehrlichkeit\" href=\"https:\/\/www.freiburg-schwarzwald.de\/blog\/engagement\/zukunft\/ehrlichkeit\/\">ehrlichen<\/a> wie <a title=\"EU-Migration\" href=\"https:\/\/www.freiburg-schwarzwald.de\/blog\/global\/eu\/eu-migration\/\">ersch\u00fctternden<\/a> Zahlen nennt der Chef des Landeskriminalamtes von Baden-W\u00fcrttemberg, Ralf Michelfelder, im Februar 2016, also eineinhalb Jahre nach <a title=\"Budapest-Dublin2015\" href=\"https:\/\/www.freiburg-schwarzwald.de\/blog\/global\/eu\/budapest-dublin2015\/\">Budapest 9\/2015<\/a>. Danach wurden die Migranten bzw. Schutzsuchenden, die nach der <a title=\"Merkelismus\" href=\"https:\/\/www.freiburg-schwarzwald.de\/blog\/engagement\/zukunft\/demokratie\/merkelismus\/\">Merkel&#8217;schen Grenz\u00f6ffnung<\/a>\u00a0ins Land gekommen sind, <strong>fast sieben mal so oft von der Polizei als Tatverd\u00e4chtige festgestellt<\/strong> als die hier Lebenden.<br \/>\nDer LKA-Chef weiter:<br \/>\n&#8222;Die Zahl der tatverd\u00e4chtigen Fl\u00fcchtlinge hat sich 2016 gegen\u00fcber 2015 beinahe verdoppelt.<br \/>\n&#8230;<br \/>\nIch bin kein Soziologe, ich habe dazu nur eine Hypothese. Wir wurden in Deutschland nach dem Zweiten Weltkrieg \u00fcber mehr als 70 Jahre dazu erzogen, dass Gewalt kein Mittel zur Konfliktl\u00f6sung ist, wir lernen das in Familie, Kindergarten, Schule, das ist ein gesellschaftlicher Konsens. Die Menschen, die zu uns gekommen sind, haben teilweise <a title=\"Sozialisation bei Migranten tabu\" href=\"https:\/\/www.freiburg-schwarzwald.de\/blog\/sozialisation-bei-migranten-tabu\/\">ganz andere Erfahrungen<\/a>, lebten in Kriegsgebieten oder zerfallenden Staaten und haben deshalb m\u00f6glicherweise ein anderes Verh\u00e4ltnis zu Gewalt und hiesigen Werten. &#8230;<br \/>\nKomplettes Interview mit LKA-Chef Ralf Michelfelder vom 17.2.2017 bitte lesen auf<br \/>\n<a href=\"https:\/\/www.zvw.de\/inhalt.die-fluechtlinge-eine-zwischenbilanz-lka-chef-ralf-michelfelder-ueber-asylbewerber-als-taeter-und-opfer.5dfcd12b-269f-441f-b6e8-cd4481705612.html\">https:\/\/www.zvw.de\/inhalt.die-fluechtlinge-eine-zwischenbilanz-lka-chef-ralf-michelfelder-ueber-asylbewerber-als-taeter-und-opfer.5dfcd12b-269f-441f-b6e8-cd4481705612.html<\/a><\/p>\n<p>.<br \/>\n<strong>Endlich mal Fakten der Mainstream-Presse<\/strong><br \/>\nEndlich mal Klartext und Fakten statt Besch\u00f6nigung und Polemik. Ich w\u00fcrde mir w\u00fcnschen, die Politik w\u00fcrde genauso klar mal die Probleme benennen, wie die Polizei es hier tut. Danke f\u00fcr den Mut, die Wahrheit endlich mal auszusprechen, auch wenn sie manchem wehtut. Und das hat nichts mit rechts, links, oben oder unten zu tun<br \/>\n18.2.2017, M.B\u00fcrger, ZO<br \/>\n.<br \/>\n<strong>Dank unserer Toleranz bis zur Selbstaufgabe<\/strong><br \/>\nUnd was machen wir jetzt? In meinem Umfeld haben fast alle die Schnauze voll. Wem jetzt erst anf\u00e4ngt leise zu vermuten dass die Migranten ihre Kultur und auch die Probleme nach Deutschland bringen, dem kann ich nur sagen: Guten Morgen. Wir haben in den vergangenen 70 Jahren nicht nur ein friedfertiges Miteinander gelernt, sondern auch eine \u00fcberzogene Toleranz die an Selbstaufgabe grenzt. Selbst \u00e4usserst sozial-lberal eingestellte L\u00e4nder wie D\u00e4nemark haben schon vor \u00fcber einem Jahr die Notbremse gezogen. Wir diskutieren aber lieber weiter, immer die Angst im Nacken den schwarzen (Nazi) Peter zu bekommen, wenn man die erfordlichen Schritte einleitet.<br \/>\n18.2.2017, Steffen, ZO<br \/>\n.<\/p>\n<p><strong>Anstieg der sexualisierten Gewalttaten von F\u00fcchtlingen um 100%<\/strong><br \/>\nIm Jahr 2015 wurden 1.688 Sexualdelikte aufgekl\u00e4rt, die von \u201eFl\u00fcchtlingen\u201c begangen wurden. Das waren durchschnittlich \u00fcber 140 im Monat.<br \/>\nIn den ersten drei Quartalen des Jahres 2016 entfielen 1,3% der 214.600 \u201eFl\u00fcchtlings\u201c-Straftaten auf sexualisierte Gewaltdelikte (Missbrauch, N\u00f6tigung, Vergewaltigung etc). Das sind 2.789 Taten, also knapp 310 im Monat, und somit eine Steigerung um rund 100% gegen\u00fcber dem Durchschnitt des Vorjahres \u2013 bei einer Zunahme der \u201eAsylbegehrenden\u201c um lediglich 25%. 2.789 erfasste Taten (und damit Opfer) der sexualisierten \u201eFl\u00fcchtlings\u201c-Gewalt in den ersten neun Monaten des Jahres 2016 bedeuten mehr als 10 erfasste Opfer am Tag. &#8230;.<br \/>\nIn Baden-W\u00fcrttemberg waren \u201eFl\u00fcchtlinge\u201c im letzten Jahr zehn Mal krimineller als Deutsche. Die Zahl der tatverd\u00e4chtigen Asylbewerber ist in Baden-W\u00fcrttemberg im letzten Jahr um knapp 40% gestiegen, w\u00e4hrend knapp 60% weniger Asylbewerber als 2015 in das Bundesland kamen. Nur 1,5% der deutschen Baden-W\u00fcrttemberger (einschlie\u00dflich krimineller Doppelp\u00e4ssler und Deutscher mit Migrationshintergrund) waren einer Straftat verd\u00e4chtig, aber \u00fcber 15% der Asylbewerber. Asylbewerber weisen demnach eine 10 Mal h\u00f6here Kriminalit\u00e4tsrate auf als Deutsche. &#8230;.<br \/>\nAlles vom 20.3.2017 zu &#8222;Gewalt und Kriminalit\u00e4t&#8220; bitte lesen auf<br \/>\n<a href=\"https:\/\/www.tichyseinblick.de\/gastbeitrag\/gewalt-und-kriminalitaet\/\">https:\/\/www.tichyseinblick.de\/gastbeitrag\/gewalt-und-kriminalitaet\/<br \/>\n<\/a>\u00a0 \u00a0.<br \/>\n<strong>Inhumanes Asyl-Motto: &#8222;junge gesunde M\u00e4nner zuerst&#8220;<\/strong><br \/>\nIch wei\u00df, was mich noch mehr \u00e4ngstigt als die gestiegene Kriminalit\u00e4t: Es ist die infame Verschleierungs- und Relativierungstaktik unserer &#8222;Migrationskriminalit\u00e4ts-Leugner&#8220; und &#8222;Einzelfall-Schwadronierer&#8220; aus Politik und &#8222;Qualit\u00e4tsmedien&#8220;. Die Polizeitausendschaften an Silvester und Karneval seit 2016 sind jedenfalls nicht zur Eind\u00e4mmung &#8222;h\u00e4uslicher Gewalt durch deutsche M\u00e4nner&#8220; notwendig. Das Hauptproblem ist \u00dcbrigens, dass unser sogenannter &#8222;humanit\u00e4rer Imperativ&#8220; in Wirklichkeit ein selektiven Asyl f\u00fcr junge gesunde (frustrierte) M\u00e4nner ist. Ich gehe davon aus, dass unter den kriminellen Migranten kaum Frauen, Kinder, Alte, Kranke, Verwundete und Hungernde sind:<br \/>\n&#8211; Jedenfalls habe ich weder im G\u00f6rlitzer Park noch am Cottbusser Tor bislang weibliche Drogendealerinnen gesehen.<br \/>\n&#8211; Ich habe noch nie von einem weiblichen Taharrush Gamea oder von Vergewaltigungen durxh weibliche Fl\u00fcchtlinge geh\u00f6rt.<br \/>\n&#8211; Auch weibliche Hasspredigerinnen sind mir v\u00f6llig unbekannt.<br \/>\n&#8211; und die Anschl\u00e4ge von Paris, Br\u00fcssel, Nizza, W\u00fcrzburg, Reutlingen, Ansbach, Berlin,&#8230; gehen ausnahmslos auf das Konto junger M\u00e4nner.<br \/>\nAuch wenn es mir kaum jemand glaubt: Unser Asyl nach dem Motto &#8222;junge gesunde M\u00e4nner zuerst&#8220; ist in jeder Hinsicht verheerend, verlogen und inhuman. P.S.: Unsere Legislative sollte pr\u00fcfen, ob &#8222;Migrationskriminalit\u00e4ts-Leugnung&#8220; nicht unter Strafe gestellt werden sollte.<br \/>\n21.3.2017, Vern, TO<\/p>\n<p>&nbsp;<\/p>\n<p>&nbsp;<\/p>\n<p>&nbsp;<\/p>\n","protected":false},"excerpt":{"rendered":"<p>Fl\u00fcchtlinge in BW: Kriminalit\u00e4tsanteil 10% bei Einwohneranteil 1,5%: &#8222;Wir haben in Baden-W\u00fcrttemberg etwa 167\u2005000 Fl\u00fcchtlinge bei 10,9 Millionen Einwohnern, also grob 1,5 Prozent Bev\u00f6lkerungsanteil \u2013 ihr Anteil an den Tatverd\u00e4chtigen lag im Jahr 2016 bei etwa zehn Prozent, wobei ausl\u00e4nderrechtliche &hellip; <a href=\"https:\/\/www.freiburg-schwarzwald.de\/blog\/fluechtlingskriminalitaet-10\/\">Weiterlesen <span class=\"meta-nav\">&rarr;<\/span><\/a><\/p>\n","protected":false},"author":2,"featured_media":0,"comment_status":"open","ping_status":"closed","sticky":false,"template":"","format":"standard","meta":{"footnotes":""},"categories":[18,195,210,139,155,60,80,172],"tags":[431,732,725,484,622],"class_list":["post-64452","post","type-post","status-publish","format-standard","hentry","category-bildung","category-eu","category-gewalt","category-heimat","category-integration","category-jugend","category-medien","category-zukunft","tag-gerecht","tag-gewalt","tag-integration","tag-kommune","tag-migration"],"_links":{"self":[{"href":"https:\/\/www.freiburg-schwarzwald.de\/blog\/wp-json\/wp\/v2\/posts\/64452","targetHints":{"allow":["GET"]}}],"collection":[{"href":"https:\/\/www.freiburg-schwarzwald.de\/blog\/wp-json\/wp\/v2\/posts"}],"about":[{"href":"https:\/\/www.freiburg-schwarzwald.de\/blog\/wp-json\/wp\/v2\/types\/post"}],"author":[{"embeddable":true,"href":"https:\/\/www.freiburg-schwarzwald.de\/blog\/wp-json\/wp\/v2\/users\/2"}],"replies":[{"embeddable":true,"href":"https:\/\/www.freiburg-schwarzwald.de\/blog\/wp-json\/wp\/v2\/comments?post=64452"}],"version-history":[{"count":0,"href":"https:\/\/www.freiburg-schwarzwald.de\/blog\/wp-json\/wp\/v2\/posts\/64452\/revisions"}],"wp:attachment":[{"href":"https:\/\/www.freiburg-schwarzwald.de\/blog\/wp-json\/wp\/v2\/media?parent=64452"}],"wp:term":[{"taxonomy":"category","embeddable":true,"href":"https:\/\/www.freiburg-schwarzwald.de\/blog\/wp-json\/wp\/v2\/categories?post=64452"},{"taxonomy":"post_tag","embeddable":true,"href":"https:\/\/www.freiburg-schwarzwald.de\/blog\/wp-json\/wp\/v2\/tags?post=64452"}],"curies":[{"name":"wp","href":"https:\/\/api.w.org\/{rel}","templated":true}]}}