{"id":64390,"date":"2017-02-10T18:38:52","date_gmt":"2017-02-10T17:38:52","guid":{"rendered":"https:\/\/www.freiburg-schwarzwald.de\/blog\/?p=64390"},"modified":"2017-02-10T18:42:55","modified_gmt":"2017-02-10T17:42:55","slug":"export-euros-bildung-migration","status":"publish","type":"post","link":"https:\/\/www.freiburg-schwarzwald.de\/blog\/export-euros-bildung-migration\/","title":{"rendered":"Export-Euros Bildung Migration"},"content":{"rendered":"<p><a title=\"Deutschland\" href=\"https:\/\/www.freiburg-schwarzwald.de\/blog\/global\/deutschland\/\">Deutschland<\/a> erwirtschaftete mit 245 Mrd <a title=\"EU\" href=\"https:\/\/www.freiburg-schwarzwald.de\/blog\/global\/eu\/\">Euro<\/a> einen erfreulichen Rekord-Aussenbeitrag: <a title=\"Export\" href=\"https:\/\/www.freiburg-schwarzwald.de\/blog\/business\/export\/\">Exporte<\/a> 1,2 Bio Euro minus Importe 955 Mrd Euro. Diese 245 Mrd werden komplett f\u00fcr <a title=\"Migration\" href=\"https:\/\/www.freiburg-schwarzwald.de\/blog\/global\/migration\/\">Fl\u00fcchtlings<\/a>-Alimentation sowie <a title=\"EU-Transferunion\" href=\"https:\/\/www.freiburg-schwarzwald.de\/blog\/global\/eu\/eu-transferunion\/\">EU-Transfers<\/a> verwendet, den <a title=\"Gesinnungsethik\" href=\"https:\/\/www.freiburg-schwarzwald.de\/blog\/engagement\/zukunft\/demokratie\/gesinnungsethik\/\">Gesinnungsethikern<\/a> sei <a title=\"Groessenwahn\" href=\"https:\/\/www.freiburg-schwarzwald.de\/blog\/engagement\/zukunft\/groessenwahn\/\">Dank<\/a>. Frage 1: Warum die 245 Mrd nicht zur <a title=\"Target-Schulden und Migration\" href=\"https:\/\/www.freiburg-schwarzwald.de\/blog\/target-schulden-und-migration\/\">Schuldentilgung<\/a> verwenden &#8211; wollen wir unsere <a title=\"60 Mio Schulden Groessenwahn\" href=\"https:\/\/www.freiburg-schwarzwald.de\/blog\/60-mio-schulden-groessenwahn\/\">Kinder<\/a> noch mehr <a title=\"60 Mio Schulden Groessenwahn\" href=\"https:\/\/www.freiburg-schwarzwald.de\/blog\/60-mio-schulden-groessenwahn\/\">belasten<\/a>? <!--more-->Frage 2: Warum die 245 Mrd Euro nicht f\u00fcr <a title=\"Forschung\" href=\"https:\/\/www.freiburg-schwarzwald.de\/blog\/bildung\/forschung\/\">Forschung<\/a> und <a title=\"Deutschland schafft Bildung ab\" href=\"https:\/\/www.freiburg-schwarzwald.de\/blog\/deutschland-schafft-bildung-ab\/\">Bildung<\/a> verwenden &#8211; sollen wir auch gegen\u00fcber den <a title=\"USA\" href=\"https:\/\/www.freiburg-schwarzwald.de\/blog\/global\/usa\/\">USA<\/a> (siehe unten) immer mehr ins Hintertreffen geraten?<\/p>\n<p><strong>Amerika ist der EU \u00fcberlegen<\/strong><br \/>\nDie Euro-Zone ist mit ihren vielen Problemen fast nur mit sich selbst (Euro, Haftung, Fl\u00fcchtlinge) besch\u00e4ftigt. Wie schlimm vor allem der \u00f6konomische Zustand des \u201ePatienten\u201c Euro-Zone ist, offenbart das aktuelle Ranking der 100 gr\u00f6\u00dften Konzerne der Welt. Inzwischen befindet sich kein einziges Unternehmen aus der W\u00e4hrungsgemeinschaft unter den globalen Top 50. Selbst in der kompletten Rangliste kommen gerade einmal neun Konzerne aus den Euro-Staaten vor. &#8230;.<br \/>\nAlles vom 102.2017 bitte lesen auf<br \/>\n<a href=\"https:\/\/www.welt.de\/wirtschaft\/article161981327\/Diese-Liste-offenbart-warum-Amerika-uns-so-ueberlegen-ist.html\">https:\/\/www.welt.de\/wirtschaft\/article161981327\/Diese-Liste-offenbart-warum-Amerika-uns-so-ueberlegen-ist.html<\/a><br \/>\n.<br \/>\n<a href=\"https:\/\/www.freiburg-schwarzwald.de\/blog\/export-euros-bildung-migration\/industrie-top10welt201701\/\" rel=\"attachment wp-att-64391\"><img loading=\"lazy\" decoding=\"async\" class=\"alignnone size-thumbnail wp-image-64391\" src=\"https:\/\/www.freiburg-schwarzwald.de\/blog\/wp-content\/uploads\/2017\/02\/industrie-top10welt201701-180x84.jpg\" alt=\"industrie-top10welt201701\" width=\"180\" height=\"84\" srcset=\"https:\/\/www.freiburg-schwarzwald.de\/blog\/wp-content\/uploads\/2017\/02\/industrie-top10welt201701-180x84.jpg 180w, https:\/\/www.freiburg-schwarzwald.de\/blog\/wp-content\/uploads\/2017\/02\/industrie-top10welt201701.jpg 615w\" sizes=\"auto, (max-width: 180px) 100vw, 180px\" \/><\/a>\u00a0 \u00a0 \u00a0 \u00a0 \u00a0 \u00a0 \u00a0&#8230; kein deutsches Unternehmen weit und breit. Quelle: Bloomberg<\/p>\n<p><a href=\"https:\/\/www.freiburg-schwarzwald.de\/blog\/export-euros-bildung-migration\/industrie-top10eu201701\/\" rel=\"attachment wp-att-64392\"><img loading=\"lazy\" decoding=\"async\" class=\"alignnone size-thumbnail wp-image-64392\" src=\"https:\/\/www.freiburg-schwarzwald.de\/blog\/wp-content\/uploads\/2017\/02\/industrie-top10eu201701-180x82.jpg\" alt=\"industrie-top10eu201701\" width=\"180\" height=\"82\" srcset=\"https:\/\/www.freiburg-schwarzwald.de\/blog\/wp-content\/uploads\/2017\/02\/industrie-top10eu201701-180x82.jpg 180w, https:\/\/www.freiburg-schwarzwald.de\/blog\/wp-content\/uploads\/2017\/02\/industrie-top10eu201701.jpg 620w\" sizes=\"auto, (max-width: 180px) 100vw, 180px\" \/><\/a>\u00a0 \u00a0 \u00a0 \u00a0 \u00a0 \u00a0 \u00a0 &#8230; \u00a0SAP als Spitzenreiter<br \/>\n.<br \/>\n<strong>In der EU: Transferzahlungen statt Abwertung<\/strong><br \/>\nIn den s\u00fcdeurop\u00e4ischen L\u00e4ndern ist der Wille, die eigene Volkswirtschaft wettbewerbsf\u00e4hig zu machen, nicht sehr stark, weil dies mit unangenehmen Ma\u00dfnahmen verbunden ist. Vor dem Euro hat dies zur Abwertung der s\u00fcdeurop\u00e4ischen W\u00e4hrungen gef\u00fchrt. Diese M\u00f6glichkeit gibt es jetzt nicht mehr. Entweder m\u00fcssen die s\u00fcdeurop\u00e4ischen Staaten ihre Volkswirtschaften wettbewerbsf\u00e4hig machen, so unbequem das sein mag. Oder es muss ihnen die M\u00f6glichkeit geschaffen werden, aus dem Euro-Raum auszusteigen. Immer neue Finanzspritzen bringen auf Dauer nichts.<br \/>\n10.2.2017, Marcus R.<br \/>\n.<br \/>\n<strong>Merkel&#8217;s Sozialexperiment: Weltrettung \u00fcber Fl\u00fcchtlinge<\/strong><br \/>\nDie deutsche &#8222;Sozialindustrie&#8220; w\u00fcrde mit 400 bis 500 Milliarden p.a. zumindest Rang 4 der Weltliste belegen. Leider nur bei den Ausgaben, mit Einnahmen geben die sich nicht ab.<br \/>\n10.2.2017, Uhu<br \/>\n.<br \/>\n<strong>Deutschland besitzt nur einen &#8222;Rohstoff&#8220;: Die Bildung<\/strong><br \/>\nWas Innovation und M\u00f6glichkeiten betrifft ist Deutschland gegen\u00fcber den USA Steinzeit. Europa sowieso. Das einzige was die Deutschen Eliten perfekt beherrschen ist mit dem moralischen Vorschlag Hammer durch diverse Talkshows zu krakelen.<br \/>\n10.2.2017, Jack D.<\/p>\n","protected":false},"excerpt":{"rendered":"<p>Deutschland erwirtschaftete mit 245 Mrd Euro einen erfreulichen Rekord-Aussenbeitrag: Exporte 1,2 Bio Euro minus Importe 955 Mrd Euro. Diese 245 Mrd werden komplett f\u00fcr Fl\u00fcchtlings-Alimentation sowie EU-Transfers verwendet, den Gesinnungsethikern sei Dank. Frage 1: Warum die 245 Mrd nicht zur &hellip; <a href=\"https:\/\/www.freiburg-schwarzwald.de\/blog\/export-euros-bildung-migration\/\">Weiterlesen <span class=\"meta-nav\">&rarr;<\/span><\/a><\/p>\n","protected":false},"author":2,"featured_media":0,"comment_status":"open","ping_status":"closed","sticky":false,"template":"","format":"standard","meta":{"footnotes":""},"categories":[4,186,317,14,24,172],"tags":[559,26,489,738,622,338],"class_list":["post-64390","post","type-post","status-publish","format-standard","hentry","category-branchen","category-finanzsystem","category-forschung","category-global","category-industrie","category-zukunft","tag-business","tag-deutsch","tag-european-union","tag-forschung","tag-migration","tag-uni"],"_links":{"self":[{"href":"https:\/\/www.freiburg-schwarzwald.de\/blog\/wp-json\/wp\/v2\/posts\/64390","targetHints":{"allow":["GET"]}}],"collection":[{"href":"https:\/\/www.freiburg-schwarzwald.de\/blog\/wp-json\/wp\/v2\/posts"}],"about":[{"href":"https:\/\/www.freiburg-schwarzwald.de\/blog\/wp-json\/wp\/v2\/types\/post"}],"author":[{"embeddable":true,"href":"https:\/\/www.freiburg-schwarzwald.de\/blog\/wp-json\/wp\/v2\/users\/2"}],"replies":[{"embeddable":true,"href":"https:\/\/www.freiburg-schwarzwald.de\/blog\/wp-json\/wp\/v2\/comments?post=64390"}],"version-history":[{"count":0,"href":"https:\/\/www.freiburg-schwarzwald.de\/blog\/wp-json\/wp\/v2\/posts\/64390\/revisions"}],"wp:attachment":[{"href":"https:\/\/www.freiburg-schwarzwald.de\/blog\/wp-json\/wp\/v2\/media?parent=64390"}],"wp:term":[{"taxonomy":"category","embeddable":true,"href":"https:\/\/www.freiburg-schwarzwald.de\/blog\/wp-json\/wp\/v2\/categories?post=64390"},{"taxonomy":"post_tag","embeddable":true,"href":"https:\/\/www.freiburg-schwarzwald.de\/blog\/wp-json\/wp\/v2\/tags?post=64390"}],"curies":[{"name":"wp","href":"https:\/\/api.w.org\/{rel}","templated":true}]}}