{"id":64361,"date":"2017-02-02T09:26:12","date_gmt":"2017-02-02T08:26:12","guid":{"rendered":"https:\/\/www.freiburg-schwarzwald.de\/blog\/?p=64361"},"modified":"2017-02-26T17:47:01","modified_gmt":"2017-02-26T16:47:01","slug":"heidegger-philosoph-antisemit","status":"publish","type":"post","link":"https:\/\/www.freiburg-schwarzwald.de\/blog\/heidegger-philosoph-antisemit\/","title":{"rendered":"Heidegger &#8211; Philosoph Antisemit"},"content":{"rendered":"<p>&#8222;<a title=\"Vergangenheit vergeht nicht\" href=\"https:\/\/www.freiburg-schwarzwald.de\/blog\/vergangenheit-vergeht-nicht\/\">Martin Heidegger<\/a> gegen\u00fcber versuchen die einen, sein <a title=\"Nazi\" href=\"https:\/\/www.freiburg-schwarzwald.de\/blog\/religion\/juden\/nazi\/\">Nazitum<\/a> und seinen <a title=\"Antisemitismus\" href=\"https:\/\/www.freiburg-schwarzwald.de\/blog\/religion\/juden\/antisemitismus\/\">Antisemitismus<\/a> herunterzuspielen, um ihn als <a title=\"Todtnauberg\" href=\"https:\/\/www.freiburg-schwarzwald.de\/blog\/regio\/orte\/todtnau\/todtnauberg\/\">Philosophen<\/a> zu verteidigen. Andere, und das ist mittlerweile der <a title=\"Mainstream\" href=\"https:\/\/www.freiburg-schwarzwald.de\/blog\/kultur\/medien\/mainstream\/\">Gro\u00dfteil<\/a>, sehen in ihm <a title=\"Nazi-Keule Islamophobie-Keule\" href=\"https:\/\/www.freiburg-schwarzwald.de\/blog\/nazi-keule-islamophobie-keule\/\">nur den Nazi<\/a> und Antisemiten und wollen sich deshalb mit seiner <a title=\"Philosophie\" href=\"https:\/\/www.freiburg-schwarzwald.de\/blog\/bildung\/philosophie\/\">Philosophie<\/a> nicht weiter besch\u00e4ftigen.\u00a0Ich will dagegen <a title=\"Diskussionskultur\" href=\"https:\/\/www.freiburg-schwarzwald.de\/blog\/kultur\/medien\/diskussionskultur\/\">beides<\/a>: die positiven und die negativen Aspekte thematisieren \u2013 und ihren Zusammenhang herstellen. <!--more-->Mein Vortrag versucht eine Gesamtw\u00fcrdigung seiner Person und seiner Philosophie.<br \/>\nBesonders wichtig ist f\u00fcr mich der <a title=\"Heidegger \u2013 Schwarze Hefte\" href=\"https:\/\/www.freiburg-schwarzwald.de\/blog\/heidegger-schwarze-hefte\/\">Heidegger<\/a> des von ihm mitbegr\u00fcndeten Existenzialismus der 20er-Jahre, jener <a title=\"Verantwortung\" href=\"https:\/\/www.freiburg-schwarzwald.de\/blog\/engagement\/verantwortung\/\">Denkweise<\/a>, bei der es auf die <a title=\"Erziehung-Freiheit\" href=\"https:\/\/www.freiburg-schwarzwald.de\/blog\/bildung\/erziehung-freiheit\/\">Verantwortung<\/a> und die <a title=\"Freiheit\" href=\"https:\/\/www.freiburg-schwarzwald.de\/blog\/engagement\/zukunft\/demokratie\/freiheit\/\">Freiheit<\/a> des Einzelnen ankommt, der eben nicht in der Menge untertauchen will. So gesehen hat Heidegger als Nazi gegen den Geist seiner eigenen Philosophie gehandelt. Dies war aber kein Betriebsunfall, denn in seiner Philosophie gibt es eine Entwicklung, die auf diese Entscheidung zul\u00e4uft. Leider.<br \/>\nDeshalb bleibt sein philosophisches Erbe h\u00f6chst ambivalent. Gerade deshalb halte ich es f\u00fcr unbesonnen, den Martin-Heidegger-Weg umzubenennen. Heidegger war eben mehr als ein zeitweiliger Nazi, er bleibt eine bedeutende philosophische Figur des 20.Jahrhunderts \u2013 trotz allem.&#8220;<br \/>\nMit diesen Worten beschreibt der Philosoph und Autor R\u00fcdiger Safranski seinen Vortrag, den er im Rahmen der Samstags-Uni am 4.2.2017 \u00fcber den gro\u00dfen Philosophen und Antisemiten halten wird. Safranski hat in den 1990er Jahren mit &#8222;Ein Meister aus Deutschland&#8220; eine Biografie \u00fcber Heidegger verfasst.<br \/>\n.<br \/>\n<em>&#8222;Martin Heidegger&#8220;, Vortrag von R\u00fcdiger Safranski, <\/em><br \/>\n<em>Samstag, 4. Februar 2017, 11.15 Uhr, H\u00f6rsaal 2004 im KG II. Eintritt frei.<\/em><\/p>\n<p>&nbsp;<\/p>\n<p><strong>Lutherkirchstra\u00dfe ja, Alban-Stolz-Haus nein, Heidegger nein<\/strong><br \/>\nNach wie vor verstehe ich nicht, weshalb die Freiburger Stra\u00dfennamen-Kommission an der Lutherkirchstra\u00dfe vorbeigegangen ist. Alban Stolz hat Juden als &#8222;Maden&#8220;, &#8222;Wanzen&#8220; und &#8222;Unkraut&#8220; bezeichnet. Martin Luther hat sie &#8222;stinkender Abschaum&#8220;, &#8222;durstige Bluthunde&#8220; und &#8222;M\u00f6rder&#8220; genannt und schrieb &#8222;Zerst\u00f6rt ihre H\u00e4user!&#8220;. Wenn man ungern im &#8222;Alban-Stolz-Haus&#8220; wohnen m\u00f6chte, sollte man auch ungern in der Lutherkirchstra\u00dfe wohnen.<br \/>\n6.2.2017, Karl-Otto-Lumpp, Freiburg<\/p>\n<p><strong>Heidegger &#8211; Wie R\u00fcdiger Safranski ihn sieht<\/strong><br \/>\nR\u00fcdiger Safranski hat keine Probleme damit, eine fein s\u00e4uberliche Trennlinie zu ziehen zwischen einem guten und einem schlechten Heidegger. Der gute: Das ist &#8230; der Verfasser des Jahrhundertbuchs &#8222;Sein und Zeit&#8220;&#8230;.<br \/>\nUnd der schlechte Heidegger, um den es im Rahmen der Vortragsreihe ja vor allem gehen sollte? Hier haben die seit 2014 ver\u00f6ffentlichten Schwarzen Hefte f\u00fcr eine neuerliche Debatte gesorgt. Der Seinsphilosoph, dies hob auch Safranski als neue Qualit\u00e4t in der politischen Auseinandersetzung mit Heidegger hervor, ist nicht nur ein gl\u00fchender Nationalsozialist gewesen, der sich f\u00fcr Hitlers &#8222;sch\u00f6ne H\u00e4nde&#8220; begeisterte. Er war in seinem Denken auch Antisemit. &#8230;<br \/>\nSafranskis Fazit: Martin Heideggers Werk werde durch seinen Nationalsozialismus und seinen Antisemitismus &#8222;nicht ausgel\u00f6scht&#8220;: &#8222;Nur der kann sagen, man soll ihn nicht mehr lesen, der ihn auch sonst nicht gelesen h\u00e4tte.&#8220;<br \/>\n&#8230;. Alles von Bettina Schulte vom 6.2.2.17 bitte lesen auf<br \/>\n<a href=\"https:\/\/www.badische-zeitung.de\/freiburg\/der-gute-und-der-schlechte-seinsdenker--133232931.html\">https:\/\/www.badische-zeitung.de\/freiburg\/der-gute-und-der-schlechte-seinsdenker&#8211;133232931.html<\/a><\/p>\n","protected":false},"excerpt":{"rendered":"<p>&#8222;Martin Heidegger gegen\u00fcber versuchen die einen, sein Nazitum und seinen Antisemitismus herunterzuspielen, um ihn als Philosophen zu verteidigen. Andere, und das ist mittlerweile der Gro\u00dfteil, sehen in ihm nur den Nazi und Antisemiten und wollen sich deshalb mit seiner Philosophie &hellip; <a href=\"https:\/\/www.freiburg-schwarzwald.de\/blog\/heidegger-philosoph-antisemit\/\">Weiterlesen <span class=\"meta-nav\">&rarr;<\/span><\/a><\/p>\n","protected":false},"author":2,"featured_media":0,"comment_status":"open","ping_status":"closed","sticky":false,"template":"","format":"standard","meta":{"footnotes":""},"categories":[18,100,180,13],"tags":[552,572,420,722,525,338],"class_list":["post-64361","post","type-post","status-publish","format-standard","hentry","category-bildung","category-buch","category-hochschwarzwald","category-kultur","tag-buch-2","tag-dichter-2","tag-juden","tag-literatur","tag-politik","tag-uni"],"_links":{"self":[{"href":"https:\/\/www.freiburg-schwarzwald.de\/blog\/wp-json\/wp\/v2\/posts\/64361","targetHints":{"allow":["GET"]}}],"collection":[{"href":"https:\/\/www.freiburg-schwarzwald.de\/blog\/wp-json\/wp\/v2\/posts"}],"about":[{"href":"https:\/\/www.freiburg-schwarzwald.de\/blog\/wp-json\/wp\/v2\/types\/post"}],"author":[{"embeddable":true,"href":"https:\/\/www.freiburg-schwarzwald.de\/blog\/wp-json\/wp\/v2\/users\/2"}],"replies":[{"embeddable":true,"href":"https:\/\/www.freiburg-schwarzwald.de\/blog\/wp-json\/wp\/v2\/comments?post=64361"}],"version-history":[{"count":0,"href":"https:\/\/www.freiburg-schwarzwald.de\/blog\/wp-json\/wp\/v2\/posts\/64361\/revisions"}],"wp:attachment":[{"href":"https:\/\/www.freiburg-schwarzwald.de\/blog\/wp-json\/wp\/v2\/media?parent=64361"}],"wp:term":[{"taxonomy":"category","embeddable":true,"href":"https:\/\/www.freiburg-schwarzwald.de\/blog\/wp-json\/wp\/v2\/categories?post=64361"},{"taxonomy":"post_tag","embeddable":true,"href":"https:\/\/www.freiburg-schwarzwald.de\/blog\/wp-json\/wp\/v2\/tags?post=64361"}],"curies":[{"name":"wp","href":"https:\/\/api.w.org\/{rel}","templated":true}]}}